{"id":8699,"date":"2010-11-09T08:33:15","date_gmt":"2010-11-09T08:33:15","guid":{"rendered":"http:\/\/www.agglotv.com\/?p=8699"},"modified":"2010-11-09T08:33:29","modified_gmt":"2010-11-09T08:33:29","slug":"eric-woerth-et-georges-tron-encouragent-l%e2%80%99entree-des-jeunes-dans-la-fonction-publique","status":"publish","type":"post","link":"https:\/\/www.agglotv.com\/?p=8699","title":{"rendered":"Eric Woerth et Georges Tron encouragent l\u2019entr\u00e9e des jeunes dans la Fonction publique"},"content":{"rendered":"<div class=\"alignleft\"><script type=\"text\/javascript\"><!--\ngoogle_ad_client = \"pub-2913804460579993\";\n\/* 300x250, date de cr\u00e9ation 09\/09\/10 *\/\ngoogle_ad_slot = \"3968300003\";\ngoogle_ad_width = 300;\ngoogle_ad_height = 250;\n\/\/-->\n<\/script><br \/>\n<script type=\"text\/javascript\"\nsrc=\"http:\/\/pagead2.googlesyndication.com\/pagead\/show_ads.js\">\n<\/script><\/div>\n<p><strong>Eric Woerth, Ministre du Travail, de la Solidarit\u00e9 et de la Fonction publique, et Georges Tron, Secr\u00e9taire d\u2019Etat charg\u00e9 de la Fonction publique, ont sign\u00e9 une circulaire visant \u00e0 favoriser l\u2019acc\u00e8s des \u00e9l\u00e8ves de l\u2019enseignement secondaire, coll\u00e9giens et lyc\u00e9ens, \u00e0 la Fonction publique de l\u2019Etat.<\/strong><\/p>\n<p>L\u2019objectif est d\u2019offrir \u00e0 ces \u00e9l\u00e8ves l\u2019opportunit\u00e9 de d\u00e9couvrir l\u2019univers des services de l\u2019Etat et de ses \u00e9tablissements, \u00e0 travers des modalit\u00e9s d\u2019accueil am\u00e9lior\u00e9es et harmonis\u00e9es.<\/p>\n<p>Concr\u00e8tement, une obligation de conventionnement est introduite, un responsable de stage est d\u00e9sign\u00e9, l\u2019administration prend en charge les d\u00e9penses engag\u00e9es par un \u00e9l\u00e8ve pour accomplir une t\u00e2che qui lui a \u00e9t\u00e9 confi\u00e9e\u2026<\/p>\n<p>De meilleures modalit\u00e9s d\u2019accueil contribuent \u00e0 une meilleure connaissance de la Fonction publique par les jeunes publics, ce qui accro\u00eet, \u00e0 terme, \u00e0 son attractivit\u00e9.<!--more--> Afin de promouvoir l\u2019\u00e9galit\u00e9 des chances, une attention particuli\u00e8re sera port\u00e9e aux candidatures des \u00e9l\u00e8ves scolaris\u00e9s dans des \u00e9tablissements relevant des quartiers prioritaires de la politique de la ville, conform\u00e9ment aux engagements pris par le Pr\u00e9sident de la R\u00e9publique.<\/p>\n<p>Cette circulaire fait suite aux textes qu\u2019Eric Woerth avait sign\u00e9s en juillet 2009, visant \u00e0 pr\u00e9ciser les modalit\u00e9s d\u2019accueil en stage des \u00e9tudiants du sup\u00e9rieur dans la Fonction publique de l\u2019Etat, tout en formulant des recommandations aux administrations afin que l\u2019accueil des stagiaires se passe dans de bonnes conditions.<\/p>\n","protected":false},"excerpt":{"rendered":"<p>Eric Woerth, Ministre du Travail, de la Solidarit\u00e9 et de la Fonction publique, et Georges Tron, Secr\u00e9taire d\u2019Etat charg\u00e9 de la Fonction publique, ont sign\u00e9 une circulaire visant \u00e0 favoriser l\u2019acc\u00e8s des \u00e9l\u00e8ves de l\u2019enseignement secondaire, coll\u00e9giens et lyc\u00e9ens, \u00e0 la Fonction publique de l\u2019Etat. L\u2019objectif est d\u2019offrir \u00e0 ces \u00e9l\u00e8ves l\u2019opportunit\u00e9 de d\u00e9couvrir l\u2019univers [&hellip;]<\/p>\n","protected":false},"author":2,"featured_media":0,"comment_status":"closed","ping_status":"closed","sticky":false,"template":"","format":"standard","meta":[],"categories":[21],"tags":[],"amp_enabled":true,"_links":{"self":[{"href":"https:\/\/www.agglotv.com\/index.php?rest_route=\/wp\/v2\/posts\/8699"}],"collection":[{"href":"https:\/\/www.agglotv.com\/index.php?rest_route=\/wp\/v2\/posts"}],"about":[{"href":"https:\/\/www.agglotv.com\/index.php?rest_route=\/wp\/v2\/types\/post"}],"author":[{"embeddable":true,"href":"https:\/\/www.agglotv.com\/index.php?rest_route=\/wp\/v2\/users\/2"}],"replies":[{"embeddable":true,"href":"https:\/\/www.agglotv.com\/index.php?rest_route=%2Fwp%2Fv2%2Fcomments&post=8699"}],"version-history":[{"count":2,"href":"https:\/\/www.agglotv.com\/index.php?rest_route=\/wp\/v2\/posts\/8699\/revisions"}],"predecessor-version":[{"id":8701,"href":"https:\/\/www.agglotv.com\/index.php?rest_route=\/wp\/v2\/posts\/8699\/revisions\/8701"}],"wp:attachment":[{"href":"https:\/\/www.agglotv.com\/index.php?rest_route=%2Fwp%2Fv2%2Fmedia&parent=8699"}],"wp:term":[{"taxonomy":"category","embeddable":true,"href":"https:\/\/www.agglotv.com\/index.php?rest_route=%2Fwp%2Fv2%2Fcategories&post=8699"},{"taxonomy":"post_tag","embeddable":true,"href":"https:\/\/www.agglotv.com\/index.php?rest_route=%2Fwp%2Fv2%2Ftags&post=8699"}],"curies":[{"name":"wp","href":"https:\/\/api.w.org\/{rel}","templated":true}]}}