{"id":63671,"date":"2023-05-25T09:16:20","date_gmt":"2023-05-25T09:16:20","guid":{"rendered":"https:\/\/www.agglotv.com\/?p=63671"},"modified":"2023-05-25T09:16:21","modified_gmt":"2023-05-25T09:16:21","slug":"site-dexcellence-blanchemaille-la-mel-lance-une-consultation-innovante-destinee-aux-acteurs-de-limmobilier-pour-lexpansion-et-le-dynamisme-du-site","status":"publish","type":"post","link":"https:\/\/www.agglotv.com\/?p=63671","title":{"rendered":"Site d&rsquo;excellence Blanchemaille : la MEL lance une consultation innovante destin\u00e9e aux acteurs de l&rsquo;immobilier pour l&rsquo;expansion et le dynamisme du site"},"content":{"rendered":"<p><a href=\"https:\/\/www.agglotv.com\/wp-content\/up\/MEL.png\"><img loading=\"lazy\" class=\"alignleft size-full wp-image-59622\" src=\"https:\/\/www.agglotv.com\/wp-content\/up\/MEL.png\" alt=\"\" width=\"202\" height=\"249\" \/><\/a>Suite aux annonces du Pr\u00e9sident de la MEL, Damien Castelain, au MIPIM en mars dernier, la MEL lance une consultation innovante d\u00e9di\u00e9e aux entrepreneurs de l\u2019immobilier pour la valorisation des b\u00e2timents Moreau et Fontenoy et du parking sur le site Blanchemaille \u00e0 Roubaix. Ces espaces doivent servir pour l\u2019expansion et le dynamisme du site d\u2019excellence.<\/p>\n\n\n<p>Install\u00e9 dans le berceau de la vente \u00e0 distance, Blanchemaille, 1er site d\u2019excellence de l\u2019e-commerce, accueille depuis 2016, un incubateur, un acc\u00e9l\u00e9rateur et un h\u00f4tel d\u2019entreprises, mais \u00e9galement un laboratoire de recherches en marketing et un centre de formation.&nbsp;<\/p>\n\n\n\n<p>Le site d\u2019excellence s\u2019est install\u00e9 dans une partie des anciens locaux du si\u00e8ge la Redoute \u00e0 Roubaix, dans le b\u00e2timent dit \u00ab Fontenoy \u00bb. La MEL r\u00e9habilite actuellement le b\u00e2timent dit \u00ab Pollet \u00bb pour en faire un totem du site d\u2019excellence. Les occupants de Fontenoy s\u2019y relocaliseront en 2025 et le b\u00e2timent accueillera les fonctions animation-\u00e9v\u00e9nementiel.&nbsp;<\/p>\n\n\n\n<p>Pour permettre \u00e0 l\u2019\u00e9cosyst\u00e8me \u00e9conomique de grandir, mais aussi de s\u2019\u00e9largir \u00e0 d\u2019autres composantes \u00e9conomiques et urbaines, deux b\u00e2timents doivent servir de vase d\u2019expansion : les b\u00e2timents Moreau et Fontenoy (une fois lib\u00e9r\u00e9) appuy\u00e9s dans leur fonctionnement par le parking existant.&nbsp;<\/p>\n\n\n\n<h4>Une consultation pour la remise en vente des b\u00e2timents Moreau et Fontenoy&nbsp;<\/h4>\n\n\n\n<p>Dans un contexte de revalorisation \u00e9conomiques des territoires, l<strong>a MEL poursuit son engagement en lan\u00e7ant un appel \u00e0 manifestation d\u2019int\u00e9r\u00eat pour renforcer la croissance du site Blanchemaille en plein essor<\/strong>, qui compte d\u00e9j\u00e0 50 entreprises et 300 employ\u00e9s. L\u2019objectif ambitieux est d\u2019atteindre 1 000 employ\u00e9s d\u2019ici 2024, en favorisant le d\u00e9veloppement d\u2019activit\u00e9s \u00e9conomiques diverses comme le retail, l\u2019e-commerce, les industries cr\u00e9atives et digitales ainsi que des services mutualis\u00e9s avec le quartier (cr\u00e8ches, installations de bien-\u00eatre et \u00e9quipements sportifs). Cette consultation innovante vise \u00e0 affirmer Blanchemaille comme le leader europ\u00e9en du commerce de demain.&nbsp;<\/p>\n\n\n\n<p>Cet appel \u00e0 manifestation d\u2019int\u00e9r\u00eat doit :&nbsp;<\/p>\n\n\n\n<ul><li><strong>Mobiliser l\u2019initiative priv\u00e9e<\/strong>&nbsp;afin qu\u2019elle puisse concourir aux ambitions urbaines et \u00e9conomiques de ce patrimoine implant\u00e9 au c\u0153ur d\u2019un quartier en renouvellement ;<br>&nbsp;<\/li><li><strong>Mettre en place une chaine immobili\u00e8re sur le commerce digital&nbsp;<\/strong>dans un \u00e9cosyst\u00e8me d\u00e9di\u00e9, en lien avec l\u2019incubateur Blanchemaille By Euratech et int\u00e9grant des services associ\u00e9s, de l&rsquo;h\u00e9bergement, de la formation et en \u00e9largissant vers des vocations num\u00e9riques plus largement (e-commerce, PropTech, industries culturelles et cr\u00e9atives\u2026) ;<br>&nbsp;<\/li><li><strong>R\u00e9pondre aux ambitions et besoins de digitalisation des entreprises du territoire m\u00e9tropolitain.&nbsp;<\/strong><\/li><\/ul>\n\n\n\n<p>Pour en savoir plus sur l\u2019appel \u00e0 manifestations d\u2019int\u00e9r\u00eat Blanchemaille :&nbsp;<br><br>&#8211;&nbsp;&nbsp; &nbsp;Dossier de consultation :&nbsp;<a href=\"https:\/\/www.lillemetropole.fr\/actualites\/site-blanchemaille-consultation-pour-la-valorisation-des-batiments-fontenoy-moreau-et\" target=\"_blank\" rel=\"noreferrer noopener\">https:\/\/www.lillemetropole.fr\/actualites\/site-blanchemaille-consultation-pour-la-valorisation-des-batiments-fontenoy-moreau-et&nbsp;<\/a><br><br>&#8211;&nbsp;&nbsp; &nbsp;Pour tout renseignement :&nbsp;<a href=\"mailto:moreaufontenoy@lillemetropole.fr\" target=\"_blank\" rel=\"noreferrer noopener\">moreaufontenoy@lillemetropole.fr&nbsp;<\/a><\/p>\n\n\n\n<p>La date limite des candidatures est fix\u00e9e au 7 juillet \u00e0 12h.&nbsp;<\/p>\n\n\n\n<p><strong>La MEL, terre d\u2019excellence<\/strong><\/p>\n\n\n\n<p>Les 5 sites d\u2019excellence m\u00e9tropolitains portent le dynamisme des fili\u00e8res \u00e9conomiques prioritaires de la M\u00e9tropole Europ\u00e9enne de <a href=\"https:\/\/www.veterinaire-st-roch.fr\/\">Lille<\/a>, et sont de v\u00e9ritables locomotives \u00e9conomiques :\u00a0<strong>Eurasant\u00e9, Euratechnologies (dont Blanchemaille, son essaimage d\u00e9di\u00e9 au e-commerce), la Plaine Images, EuraMaterials et Euralimentaire,<\/strong>\u00a0le dernier n\u00e9, d\u00e9di\u00e9 aux produits frais, locaux et de saison. Ils cr\u00e9ent de nombreux emplois en accueillant et animant porteurs de projets, start-up, entreprises innovantes, mais aussi formation, enseignement sup\u00e9rieur et recherche. Ils font \u00e9merger les p\u00e9pites \u00e9conomiques de demain gr\u00e2ce \u00e0 leur \u00e9cosyst\u00e8me compl\u00e9mentaire.<\/p>\n","protected":false},"excerpt":{"rendered":"<p>Suite aux annonces du Pr\u00e9sident de la MEL, Damien Castelain, au MIPIM en mars dernier, la MEL lance une consultation innovante d\u00e9di\u00e9e aux entrepreneurs de l\u2019immobilier pour la valorisation des b\u00e2timents Moreau et Fontenoy et du parking sur le site Blanchemaille \u00e0 Roubaix. Ces espaces doivent servir pour l\u2019expansion et le dynamisme du site d\u2019excellence. [&hellip;]<\/p>\n","protected":false},"author":2,"featured_media":0,"comment_status":"closed","ping_status":"closed","sticky":false,"template":"","format":"standard","meta":[],"categories":[4],"tags":[],"amp_enabled":true,"_links":{"self":[{"href":"https:\/\/www.agglotv.com\/index.php?rest_route=\/wp\/v2\/posts\/63671"}],"collection":[{"href":"https:\/\/www.agglotv.com\/index.php?rest_route=\/wp\/v2\/posts"}],"about":[{"href":"https:\/\/www.agglotv.com\/index.php?rest_route=\/wp\/v2\/types\/post"}],"author":[{"embeddable":true,"href":"https:\/\/www.agglotv.com\/index.php?rest_route=\/wp\/v2\/users\/2"}],"replies":[{"embeddable":true,"href":"https:\/\/www.agglotv.com\/index.php?rest_route=%2Fwp%2Fv2%2Fcomments&post=63671"}],"version-history":[{"count":1,"href":"https:\/\/www.agglotv.com\/index.php?rest_route=\/wp\/v2\/posts\/63671\/revisions"}],"predecessor-version":[{"id":63672,"href":"https:\/\/www.agglotv.com\/index.php?rest_route=\/wp\/v2\/posts\/63671\/revisions\/63672"}],"wp:attachment":[{"href":"https:\/\/www.agglotv.com\/index.php?rest_route=%2Fwp%2Fv2%2Fmedia&parent=63671"}],"wp:term":[{"taxonomy":"category","embeddable":true,"href":"https:\/\/www.agglotv.com\/index.php?rest_route=%2Fwp%2Fv2%2Fcategories&post=63671"},{"taxonomy":"post_tag","embeddable":true,"href":"https:\/\/www.agglotv.com\/index.php?rest_route=%2Fwp%2Fv2%2Ftags&post=63671"}],"curies":[{"name":"wp","href":"https:\/\/api.w.org\/{rel}","templated":true}]}}