{"id":63648,"date":"2023-05-16T08:32:10","date_gmt":"2023-05-16T08:32:10","guid":{"rendered":"https:\/\/www.agglotv.com\/?p=63648"},"modified":"2023-05-16T08:32:34","modified_gmt":"2023-05-16T08:32:34","slug":"virbac-espagne-40-ans-dengagement","status":"publish","type":"post","link":"https:\/\/www.agglotv.com\/?p=63648","title":{"rendered":"Virbac Espagne : 40 ans d\u2019engagement"},"content":{"rendered":"<p><a href=\"https:\/\/www.agglotv.com\/wp-content\/up\/virbac.png\"><img loading=\"lazy\" class=\"alignleft size-full wp-image-61012\" src=\"https:\/\/www.agglotv.com\/wp-content\/up\/virbac.png\" alt=\"\" width=\"137\" height=\"66\" \/><\/a>Fond\u00e9e en 1983, Virbac Espagne, l\u2019une des plus anciennes filiales du Groupe, a f\u00eat\u00e9 le 11 mai ses 40 ans d\u2019engagement en faveur de la sant\u00e9 des animaux.<\/p>\n\n\n<p>Belle histoire que celle de notre filiale Virbac Espagne cr\u00e9\u00e9e en mode \u201ccommando\u201d un matin de juin 1983 par le docteur <a href=\"https:\/\/www.veterinaire-st-roch.fr\/\">v\u00e9t\u00e9rinaire<\/a> Pierre-Richard Dick. Un simple \u201cVous ne montez pas les escaliers, on se retrouve \u00e0 10h15 \u00e0 l&rsquo;a\u00e9roport\u201d aura suffit pour que Henri Manrique, le bras droit du docteur Dick \u00e0 l\u2019\u00e9poque, prenne l\u2019avion pour Barcelone au lieu de passer la porte de son bureau \u00e0 Carros ce jour-l\u00e0. Une semaine plus tard, Virbac Espagne \u00e9tait n\u00e9e !<\/p>\n\n\n\n<p>Cet anniversaire est aussi l\u2019occasion de revenir sur quatre d\u00e9cennies d\u2019une success story.<\/p>\n\n\n\n<p><strong>Une filiale en constante \u00e9volution<\/strong><\/p>\n\n\n\n<p>Avant la cr\u00e9ation de cette filiale en 1983, nous \u00e9tions pr\u00e9sents sur ce territoire par le biais d\u2019un distributeur local. D\u00e8s le d\u00e9but, l\u2019\u00e9quipe espagnole s\u2019est orient\u00e9e vers les segments animaux de compagnie et animaux d&rsquo;\u00e9levage qui repr\u00e9sentent respectivement 71% et 29% du CA de la filiale en 2022. Aujourd\u2019hui, ce sont 30 commerciaux de Virbac qui sillonnent les routes d\u2019Espagne et couvrent 100% des besoins du territoire gr\u00e2ce \u00e0 un large r\u00e9seau de distributeurs.<\/p>\n\n\n\n<p>Gr\u00e2ce \u00e0 l\u2019engagement de nos \u00e9quipes, Virbac Espagne r\u00e9alise 36 M\u20ac de chiffre d\u2019affaires en 2022 et se hisse ainsi \u00e0 la 7<sup>e<\/sup>&nbsp;position sur le march\u00e9 espagnol de la sant\u00e9 animale<sup>*<\/sup>. Au sein du Groupe, Virbac Espagne se positionne au 9<sup>e<\/sup>&nbsp;rang mondial (4<sup>e<\/sup>&nbsp;rang europ\u00e9en) notamment gr\u00e2ce \u00e0 nos deux branches cl\u00e9s : les vaccins (Bovigen<sup>\u00ae<\/sup>&nbsp;et Canigen<sup>\u00ae<\/sup>&nbsp;en t\u00eate) et la nutrition avec notre gamme alimentaire Veterinary HPM<sup>\u00ae<\/sup>&nbsp;sp\u00e9cialis\u00e9e pour chats et chiens.<\/p>\n\n\n\n<p><strong>Un ADN fort<\/strong><\/p>\n\n\n\n<p>La proximit\u00e9 g\u00e9ographique avec le si\u00e8ge de la soci\u00e9t\u00e9 a permis de construire tr\u00e8s rapidement une filiale 100% align\u00e9e sur les valeurs et la culture du Groupe, notamment notre ancrage local et notre capacit\u00e9 \u00e0 accompagner nos clients sur le terrain.<\/p>\n\n\n\n<p>Notre filiale espagnole participe r\u00e9guli\u00e8rement aux principaux congr\u00e8s du secteur mais cr\u00e9e \u00e9galement ses propres \u00e9v\u00e9nements afin de soutenir la formation des v\u00e9t\u00e9rinaires et maintenir un contact \u00e9troit avec eux. L\u2019\u00e9quipe marketing est \u00e9galement tr\u00e8s impliqu\u00e9e localement et travaille main dans la main avec les v\u00e9t\u00e9rinaires en sponsorisant certains de leurs \u00e9v\u00e9nements cl\u00e9s. La valeur ajout\u00e9e de Virbac Espagne ? Ses domaines d\u2019expertise niches, tels que la reproduction, n\u00e9glig\u00e9s par les autres acteurs du march\u00e9 de la sant\u00e9 animale. Gr\u00e2ce \u00e0 son agilit\u00e9 et sa capacit\u00e9 \u00e0 s\u2019adapter rapidement pour r\u00e9pondre aux besoins de ses clients, Virbac Espagne entretient une relation de confiance avec ses partenaires.<br>Cette ann\u00e9e, le march\u00e9 espagnol attend avec impatience le lancement de deux produits phares tr\u00e8s innovants : Movoflex<sup>\u00ae<\/sup>&nbsp;Soft Chews, un nouvel aliment compl\u00e9mentaire innovant associant cinq ingr\u00e9dients, dont la membrane de coquille d&rsquo;\u0153uf, pour une action compl\u00e8te qui contribue significativement \u00e0 am\u00e9liorer la mobilit\u00e9 de l\u2019animal, et Cortotic<sup>\u00ae<\/sup>, une nouvelle solution de pointe pour les chiens.<\/p>\n\n\n\n<p>L\u2019ambition de la filiale est d&rsquo;offrir la gamme la plus compl\u00e8te de solutions d\u00e9di\u00e9es \u00e0 la sant\u00e9 et au bien-\u00eatre des animaux tout en faisant face aux nombreux changements dans ce secteur : nouvelles tendances dans les habitudes de consommation, concentration des cliniques et des distributeurs ou encore les r\u00e9cents changements l\u00e9gislatifs affectant l\u2019utilisation et la commercialisation des m\u00e9dicaments.<\/p>\n\n\n\n<p><strong>Une filiale o\u00f9 il fait bon travailler<\/strong><\/p>\n\n\n\n<p>Entr\u00e9e dans le Groupe en tant que commerciale il y a pr\u00e8s de 30 ans, Pilar Molina a pris la direction de Virbac Espagne en 2022. Avant cela, elle a occup\u00e9 diff\u00e9rents postes au sein de la filiale qui lui permettent aujourd\u2019hui d\u2019avoir une excellente connaissance des enjeux du Groupe, du march\u00e9 espagnol et un lien tr\u00e8s fort avec les \u00e9quipes.&nbsp;<\/p>\n\n\n\n<p>Lors de la derni\u00e8re enqu\u00eate Great Place to Work, men\u00e9e en 2021 aupr\u00e8s de l&rsquo;ensemble des salari\u00e9s de la filiale, Virbac Espagne a obtenu un indice de satisfaction de 82%. Une forte augmentation par rapport \u00e0 2018 o\u00f9 l\u2019indice \u00e9tait de 68% ! Cette remarquable \u00e9volution est due \u00e0 l\u2019implication des \u00e9quipes. Apr\u00e8s chaque enqu\u00eate, des ateliers GPTW sont organis\u00e9s au cours desquels des groupes de travail \u00e9changent sur l&rsquo;exp\u00e9rience des collaborateurs. Ces ateliers permettent d&rsquo;identifier des plans d\u2019actions \u00e0 mettre en \u0153uvre pour chacun des axes prioritaires d\u00e9finis (Bien vivre au travail, Reconnaissance, Culture S\u00e9curit\u00e9 et Management participatif\u2026). De nombreuses initiatives internes ont ainsi \u00e9t\u00e9 d\u00e9ploy\u00e9es depuis plusieurs ann\u00e9es : journ\u00e9e de la famille, atelier sur l&rsquo;intelligence \u00e9motionnelle, programme de coaching&#8230;&nbsp;<\/p>\n\n\n\n<p><strong>Pilar Molina, directrice g\u00e9n\u00e9rale de Virbac Espagne :<\/strong>&nbsp;\u201c<em>Dans la continuit\u00e9 de notre d\u00e9marche d\u2019am\u00e9lioration et afin de favoriser la collaboration transverse, nous d\u00e9veloppons un leadership participatif et inspirant gr\u00e2ce au programme Otto Walter destin\u00e9 aux managers. Le d\u00e9veloppement des talents \u00e9tant l&rsquo;une de nos priorit\u00e9s, nous avons \u00e9galement mis en place plusieurs autres actions d&rsquo;apprentissage : un plan sp\u00e9cifique de formation \u00e0 long terme pour la force de vente, des cours au sein de grandes \u00e9coles de commerce sur le marketing digital, des coaching personnalis\u00e9s, etc. L\u2019objectif de cet investissement ? D\u00e9velopper les comp\u00e9tences et nourrir les initiatives et la motivation des \u00e9quipes.<\/em>\u201d<\/p>\n\n\n\n<p>L\u2019anniversaire de la filiale est l\u2019occasion de c\u00e9l\u00e9brer, avec l\u2019ensemble des collaborateurs, 40 ans d\u2019une belle histoire o\u00f9 l\u2019humain et le bien-\u00eatre des animaux sont au c\u0153ur de nos pr\u00e9occupations et de notre r\u00e9ussite.<\/p>\n\n\n\n<p><sup>*Source Veterindustria<\/sup><\/p>\n","protected":false},"excerpt":{"rendered":"<p>Fond\u00e9e en 1983, Virbac Espagne, l\u2019une des plus anciennes filiales du Groupe, a f\u00eat\u00e9 le 11 mai ses 40 ans d\u2019engagement en faveur de la sant\u00e9 des animaux. Belle histoire que celle de notre filiale Virbac Espagne cr\u00e9\u00e9e en mode \u201ccommando\u201d un matin de juin 1983 par le docteur v\u00e9t\u00e9rinaire Pierre-Richard Dick. Un simple \u201cVous [&hellip;]<\/p>\n","protected":false},"author":2,"featured_media":0,"comment_status":"closed","ping_status":"closed","sticky":false,"template":"","format":"standard","meta":[],"categories":[10],"tags":[],"amp_enabled":true,"_links":{"self":[{"href":"https:\/\/www.agglotv.com\/index.php?rest_route=\/wp\/v2\/posts\/63648"}],"collection":[{"href":"https:\/\/www.agglotv.com\/index.php?rest_route=\/wp\/v2\/posts"}],"about":[{"href":"https:\/\/www.agglotv.com\/index.php?rest_route=\/wp\/v2\/types\/post"}],"author":[{"embeddable":true,"href":"https:\/\/www.agglotv.com\/index.php?rest_route=\/wp\/v2\/users\/2"}],"replies":[{"embeddable":true,"href":"https:\/\/www.agglotv.com\/index.php?rest_route=%2Fwp%2Fv2%2Fcomments&post=63648"}],"version-history":[{"count":2,"href":"https:\/\/www.agglotv.com\/index.php?rest_route=\/wp\/v2\/posts\/63648\/revisions"}],"predecessor-version":[{"id":63650,"href":"https:\/\/www.agglotv.com\/index.php?rest_route=\/wp\/v2\/posts\/63648\/revisions\/63650"}],"wp:attachment":[{"href":"https:\/\/www.agglotv.com\/index.php?rest_route=%2Fwp%2Fv2%2Fmedia&parent=63648"}],"wp:term":[{"taxonomy":"category","embeddable":true,"href":"https:\/\/www.agglotv.com\/index.php?rest_route=%2Fwp%2Fv2%2Fcategories&post=63648"},{"taxonomy":"post_tag","embeddable":true,"href":"https:\/\/www.agglotv.com\/index.php?rest_route=%2Fwp%2Fv2%2Ftags&post=63648"}],"curies":[{"name":"wp","href":"https:\/\/api.w.org\/{rel}","templated":true}]}}