{"id":63556,"date":"2023-03-30T07:41:43","date_gmt":"2023-03-30T07:41:43","guid":{"rendered":"https:\/\/www.agglotv.com\/?p=63556"},"modified":"2023-03-30T07:41:44","modified_gmt":"2023-03-30T07:41:44","slug":"premier-investissement-de-yamaha-motor-sustainability-fund","status":"publish","type":"post","link":"https:\/\/www.agglotv.com\/?p=63556","title":{"rendered":"Premier investissement de Yamaha Motor Sustainability Fund"},"content":{"rendered":"<p><a href=\"https:\/\/www.agglotv.com\/wp-content\/up\/cq5dam-web-2000-2000-53-043a0.jpg\"><img loading=\"lazy\" class=\"alignleft size-medium wp-image-63557\" src=\"https:\/\/www.agglotv.com\/wp-content\/up\/cq5dam-web-2000-2000-53-043a0-300x103.jpg\" alt=\"\" width=\"300\" height=\"103\" srcset=\"https:\/\/www.agglotv.com\/wp-content\/up\/cq5dam-web-2000-2000-53-043a0-300x103.jpg 300w, https:\/\/www.agglotv.com\/wp-content\/up\/cq5dam-web-2000-2000-53-043a0-768x263.jpg 768w, https:\/\/www.agglotv.com\/wp-content\/up\/cq5dam-web-2000-2000-53-043a0.jpg 916w\" sizes=\"(max-width: 300px) 100vw, 300px\" \/><\/a>Yamaha Motor annonce avoir investi dans Andes Ag, Inc, une start-up am\u00e9ricaine qui poursuit des recherches sur les technologies de micro-organismes b\u00e9n\u00e9fiques \u00e0 l\u2019\u00e9limination du CO2 contenu dans l\u2019air.<\/p>\n\n\n<p>Il s\u2019agit du premier investissement r\u00e9alis\u00e9 dans le cadre du Yamaha Motor Sustainability Fund, dot\u00e9 de 100 millions de dollars am\u00e9ricains et cr\u00e9\u00e9 en juin 2022. Ce fond pemet de soutenir financi\u00e8rement des entreprises en phase de d\u00e9marrage qui luttent contre le changement climatique. Cet investissement dans Andes a \u00e9t\u00e9 rendu possible gr\u00e2ce \u00e0 Yamaha Motor Ventures (YMV), la soci\u00e9t\u00e9 de capital-risque de Yamaha Motor Company, bas\u00e9e dans la Silicon Valley.<\/p>\n\n\n\n<p>Andes \u00e9tudie diverses m\u00e9thodes permettant d\u2019utiliser des micro-organismes naturels pour stocker durablement le CO2 atmosph\u00e9rique dans le sol. La start-up californienne utilise les semences comme des porteurs s\u00fbrs de micro-organismes. Lorsque les microbes se d\u00e9veloppent en association avec les cultures (ma\u00efs, soja et bl\u00e9), ils convertissent le CO2 atmosph\u00e9rique en compos\u00e9s min\u00e9raux qui capturent et d\u00e9posent le carbone de fa\u00e7on permanente dans le sol, g\u00e9n\u00e9rant ainsi des cr\u00e9dits d\u2019\u00e9limination du dioxyde de carbone, valid\u00e9s par un \u00e9chantillonnage du sol.<\/p>\n\n\n\n<p>Dans le nouveau plan de gestion \u00e0 moyen terme (2022-2024) annonc\u00e9 en f\u00e9vrier 2022, Yamaha Motor a fait du renforcement de ses efforts en mati\u00e8re de d\u00e9veloppement durable un th\u00e8me central, en plus des strat\u00e9gies de croissance et du renforcement des fondements de la gestion que l\u2019entreprise a mis en avant jusqu\u2019\u00e0 pr\u00e9sent. Yamaha Motor explore de nouvelles technologies et de nouveaux mod\u00e8les commerciaux qui contribuent au d\u00e9veloppement durable afin d\u2019acc\u00e9l\u00e9rer ses objectifs de neutralit\u00e9 carbone.<\/p>\n\n\n\n<p>L\u2019objectif de cet investissement est d\u2019acqu\u00e9rir davantage de connaissances sur les cr\u00e9dit carbone et sur les sources naturelles d\u2019\u00e9limination du carbone qui peuvent \u00eatre appliqu\u00e9es dans un contexte agricole.<\/p>\n\n\n\n<p><strong>Andes Ag, Inc.<\/strong><br>PDG et cofondateur&nbsp;: Gonzalo Fuenzalid<br>Si\u00e8ge social&nbsp;: Alameda, CA, \u00c9tats-Unis<br>Date de cr\u00e9ation&nbsp;: 2018<br>Site web&nbsp;:&nbsp;<a href=\"https:\/\/www.andes.bio\/\">https:\/\/www.andes.bio\/<\/a><\/p>\n","protected":false},"excerpt":{"rendered":"<p>Yamaha Motor annonce avoir investi dans Andes Ag, Inc, une start-up am\u00e9ricaine qui poursuit des recherches sur les technologies de micro-organismes b\u00e9n\u00e9fiques \u00e0 l\u2019\u00e9limination du CO2 contenu dans l\u2019air. Il s\u2019agit du premier investissement r\u00e9alis\u00e9 dans le cadre du Yamaha Motor Sustainability Fund, dot\u00e9 de 100 millions de dollars am\u00e9ricains et cr\u00e9\u00e9 en juin 2022. [&hellip;]<\/p>\n","protected":false},"author":2,"featured_media":0,"comment_status":"closed","ping_status":"closed","sticky":false,"template":"","format":"standard","meta":[],"categories":[28],"tags":[],"amp_enabled":true,"_links":{"self":[{"href":"https:\/\/www.agglotv.com\/index.php?rest_route=\/wp\/v2\/posts\/63556"}],"collection":[{"href":"https:\/\/www.agglotv.com\/index.php?rest_route=\/wp\/v2\/posts"}],"about":[{"href":"https:\/\/www.agglotv.com\/index.php?rest_route=\/wp\/v2\/types\/post"}],"author":[{"embeddable":true,"href":"https:\/\/www.agglotv.com\/index.php?rest_route=\/wp\/v2\/users\/2"}],"replies":[{"embeddable":true,"href":"https:\/\/www.agglotv.com\/index.php?rest_route=%2Fwp%2Fv2%2Fcomments&post=63556"}],"version-history":[{"count":1,"href":"https:\/\/www.agglotv.com\/index.php?rest_route=\/wp\/v2\/posts\/63556\/revisions"}],"predecessor-version":[{"id":63558,"href":"https:\/\/www.agglotv.com\/index.php?rest_route=\/wp\/v2\/posts\/63556\/revisions\/63558"}],"wp:attachment":[{"href":"https:\/\/www.agglotv.com\/index.php?rest_route=%2Fwp%2Fv2%2Fmedia&parent=63556"}],"wp:term":[{"taxonomy":"category","embeddable":true,"href":"https:\/\/www.agglotv.com\/index.php?rest_route=%2Fwp%2Fv2%2Fcategories&post=63556"},{"taxonomy":"post_tag","embeddable":true,"href":"https:\/\/www.agglotv.com\/index.php?rest_route=%2Fwp%2Fv2%2Ftags&post=63556"}],"curies":[{"name":"wp","href":"https:\/\/api.w.org\/{rel}","templated":true}]}}