{"id":63354,"date":"2023-01-25T10:33:45","date_gmt":"2023-01-25T10:33:45","guid":{"rendered":"https:\/\/www.agglotv.com\/?p=63354"},"modified":"2023-01-25T10:33:46","modified_gmt":"2023-01-25T10:33:46","slug":"mieux-observer-locean-lifremer-accueille-55-institutions-scientifiques-du-monde-entier","status":"publish","type":"post","link":"https:\/\/www.agglotv.com\/?p=63354","title":{"rendered":"Mieux observer l\u2019oc\u00e9an : l\u2019Ifremer accueille 55 institutions scientifiques du monde entier"},"content":{"rendered":"<p><strong><a href=\"https:\/\/www.agglotv.com\/wp-content\/up\/Logo-Ifremer.jpg\"><img loading=\"lazy\" class=\"alignleft size-medium wp-image-53457\" src=\"https:\/\/www.agglotv.com\/wp-content\/up\/Logo-Ifremer-300x273.jpg\" alt=\"\" width=\"300\" height=\"273\" srcset=\"https:\/\/www.agglotv.com\/wp-content\/up\/Logo-Ifremer-300x273.jpg 300w, https:\/\/www.agglotv.com\/wp-content\/up\/Logo-Ifremer.jpg 425w\" sizes=\"(max-width: 300px) 100vw, 300px\" \/><\/a>Du 24 au 26 janvier 2023, l\u2019Ifremer accueille \u00e0 La Seyne-sur-Mer la 24e conf\u00e9rence annuelle de l\u2019association POGO (Partnership for Observation of the Global Ocean), qui r\u00e9unit les dirigeants et dirigeantes de 55 institutions internationales mobilis\u00e9es sur l&rsquo;observation globale des oc\u00e9ans.<\/strong><\/p>\n<p>Conna\u00eetre et comprendre les changements de l\u2019oc\u00e9an est essentiel pour pr\u00e9voir ses interactions avec le syst\u00e8me Terre, les effets des activit\u00e9s humaines sur l\u2019oc\u00e9an et les cons\u00e9quences de ces changements sur notre soci\u00e9t\u00e9. L\u2019observation des oc\u00e9ans, de la surface jusqu&rsquo;aux grands fonds marins et depuis l\u2019espace, n\u00e9cessite la mobilisation de nombreuses comp\u00e9tences scientifiques et technologiques et d\u2019infrastructures de recherche nationales et internationales : flottes oc\u00e9anographiques, satellites, bou\u00e9es fixes et d\u00e9rivantes, observatoires fixes et mobiles, num\u00e9riques. Pour y parvenir, l\u2019association POGO (Partnership for Observation of the Global Ocean), qui r\u00e9unit les grandes institutions mondiales dans les domaines de l\u2019oc\u00e9anographie et des technologies oc\u00e9aniques, encourage la collaboration internationale pour l&rsquo;observation de l\u2019oc\u00e9an mondial.<\/p>\n\n\n<p><br><em>\u00ab Notre ambition est d\u2019\u00e9tablir, d\u2019ici 2030, un syst\u00e8me global d\u2019observation des oc\u00e9ans, durable et de pointe, en renfor\u00e7ant les collaborations internationales. L\u2019association POGO permet aux institutions membres d\u2019identifier les besoins pour \u00ab prendre le pouls de l\u2019oc\u00e9an mondial \u00bb et de prioriser les innovations qui y r\u00e9pondent, notamment en collectant les donn\u00e9es qui alimenteront de futurs jumeaux num\u00e9riques afin de mod\u00e9liser l\u2019\u00e9tat de l\u2019oc\u00e9an et de pr\u00e9voir son \u00e9volution. \u00bb&nbsp;<\/em>explique&nbsp;<strong>Sophie Seeyave, pr\u00e9sidente-directrice g\u00e9n\u00e9rale de POGO.<\/strong><\/p>\n\n\n\n<p><br>Chaque ann\u00e9e, les dirigeants des 55 institutions membres de POGO se r\u00e9unissent afin d\u2019identifier les avanc\u00e9es au sein de la communaut\u00e9 scientifique et de d\u00e9finir les priorit\u00e9s pour soutenir l\u2019observation de l\u2019oc\u00e9an, autour des trois piliers de l\u2019association :<\/p>\n\n\n\n<ul><li>Porter l\u2019innovation et le d\u00e9veloppement de technologies \u00e9mergentes pour permettre l\u2019acquisition de param\u00e8tres cruciaux pour l\u2019observation ;<\/li><li>Identifier et d\u00e9velopper les capacit\u00e9s et les comp\u00e9tences mondiales et former de nouvelles g\u00e9n\u00e9rations de scientifiques, d\u2019experts techniques et de dirigeants ;<\/li><li>Travailler avec les gouvernements, les fondations, la soci\u00e9t\u00e9 civile et les entreprises pour d\u00e9fendre et promouvoir l\u2019importance de l\u2019observation et de la gestion durable de l\u2019oc\u00e9an.<\/li><\/ul>\n\n\n\n<p><em>\u00ab La France participe activement aux efforts internationaux qui encouragent une observation collective de l\u2019oc\u00e9an global, du c\u00f4tier au large et des grands fonds \u00e0 la surface. L\u2019Ifremer et ses partenaires publics et priv\u00e9s sont tr\u00e8s actifs dans le d\u00e9veloppement d\u2019innovations technologiques pour l\u2019observation et pour la cr\u00e9ation de jumeaux num\u00e9riques de l\u2019oc\u00e9an. Ces objectifs sont au c\u0153ur de la d\u00e9cennie des Nations Unies pour les sciences oc\u00e9aniques 2021-2030 et de la future conf\u00e9rence des Nations Unies sur les oc\u00e9ans, qui se tiendra en France, en juin 2025, sous l&rsquo;\u00e9gide des gouvernements du Costa Rica et de la France, \u00bb<\/em>&nbsp;d\u00e9taille&nbsp;<strong>Fran\u00e7ois Houllier, pr\u00e9sident-directeur g\u00e9n\u00e9ral de l\u2019Ifremer.<\/strong><\/p>\n\n\n\n<p><br>Apr\u00e8s une pr\u00e9c\u00e9dente \u00e9dition \u00e0 Brest en 2004, l\u2019Ifremer (membre fondateur de l\u2019association) accueille \u00e0 nouveau POGO pour sa 24\u00e8me r\u00e9union annuelle, qui se tiendra \u00e0 La Seyne-sur-Mer du 23 au 26 janvier. En compl\u00e9ment des recommandations et des bonnes pratiques \u00e9mises \u00e0 l\u2019issue de la r\u00e9union, cet \u00e9v\u00e9nement constitue \u00e9galement un temps d\u2019\u00e9change privil\u00e9gi\u00e9 entre les dirigeants et dirigeantes d\u2019institutions scientifiques et leurs partenaires, afin d\u2019encourager le transfert des connaissances et des technologies vers la soci\u00e9t\u00e9 civile et les entreprises.<\/p>\n\n\n\n<p>Lors de cette \u00e9dition, une session particuli\u00e8re sera consacr\u00e9e \u00e0 l\u2019expertise fran\u00e7aise dans le domaine de l\u2019oc\u00e9anographie et de l\u2019observation de l\u2019oc\u00e9an. Elle pr\u00e9sentera :<\/p>\n\n\n\n<ul><li>le d\u00e9veloppement \u00e0 l\u2019horizon 2030 du French Ocean Observing System<br>(Fr-OOS), une grande infrastructure de recherche consacr\u00e9e \u00e0 la coordination des infrastructures fran\u00e7aises d\u2019observation de l\u2019oc\u00e9an ;<\/li><li>les projets phare d\u2019observation de l\u2019oc\u00e9an c\u00f4tier et du littoral, pour mieux comprendre et prot\u00e9ger ces zones en contact constant avec les activit\u00e9s humaines ;<\/li><li>le <a href=\"https:\/\/www.veterinaire-st-roch.fr\/services-veterinaires\/laboratoire-danalyses\/\">Laboratoire<\/a> Sous-marin Provence M\u00e9diterran\u00e9e, une infrastructure sous-marine install\u00e9e par 2450 m\u00e8tres de profondeur destin\u00e9e \u00e0 l\u2019\u00e9tude de l\u2019environnement <a href=\"https:\/\/www.doubleface-carcassonne.com\/?p=4609\">marin<\/a> et qui accueille un t\u00e9lescope \u00e0 neutrinos du CNRS ;<\/li><li>la gestion, l\u2019analyse et la diffusion des donn\u00e9es scientifiques \u00e0 travers l\u2019infrastructure de recherche Data Terra, consacr\u00e9 \u00e0 l\u2019observation de la Terre, de ses compartiments (dont l\u2019oc\u00e9an) et de leurs interactions.<\/li><\/ul>\n","protected":false},"excerpt":{"rendered":"<p>Du 24 au 26 janvier 2023, l\u2019Ifremer accueille \u00e0 La Seyne-sur-Mer la 24e conf\u00e9rence annuelle de l\u2019association POGO (Partnership for Observation of the Global Ocean), qui r\u00e9unit les dirigeants et dirigeantes de 55 institutions internationales mobilis\u00e9es sur l&rsquo;observation globale des oc\u00e9ans. Conna\u00eetre et comprendre les changements de l\u2019oc\u00e9an est essentiel pour pr\u00e9voir ses interactions avec [&hellip;]<\/p>\n","protected":false},"author":2,"featured_media":0,"comment_status":"closed","ping_status":"closed","sticky":false,"template":"","format":"standard","meta":[],"categories":[35],"tags":[],"amp_enabled":true,"_links":{"self":[{"href":"https:\/\/www.agglotv.com\/index.php?rest_route=\/wp\/v2\/posts\/63354"}],"collection":[{"href":"https:\/\/www.agglotv.com\/index.php?rest_route=\/wp\/v2\/posts"}],"about":[{"href":"https:\/\/www.agglotv.com\/index.php?rest_route=\/wp\/v2\/types\/post"}],"author":[{"embeddable":true,"href":"https:\/\/www.agglotv.com\/index.php?rest_route=\/wp\/v2\/users\/2"}],"replies":[{"embeddable":true,"href":"https:\/\/www.agglotv.com\/index.php?rest_route=%2Fwp%2Fv2%2Fcomments&post=63354"}],"version-history":[{"count":1,"href":"https:\/\/www.agglotv.com\/index.php?rest_route=\/wp\/v2\/posts\/63354\/revisions"}],"predecessor-version":[{"id":63355,"href":"https:\/\/www.agglotv.com\/index.php?rest_route=\/wp\/v2\/posts\/63354\/revisions\/63355"}],"wp:attachment":[{"href":"https:\/\/www.agglotv.com\/index.php?rest_route=%2Fwp%2Fv2%2Fmedia&parent=63354"}],"wp:term":[{"taxonomy":"category","embeddable":true,"href":"https:\/\/www.agglotv.com\/index.php?rest_route=%2Fwp%2Fv2%2Fcategories&post=63354"},{"taxonomy":"post_tag","embeddable":true,"href":"https:\/\/www.agglotv.com\/index.php?rest_route=%2Fwp%2Fv2%2Ftags&post=63354"}],"curies":[{"name":"wp","href":"https:\/\/api.w.org\/{rel}","templated":true}]}}