{"id":63166,"date":"2022-12-14T08:50:05","date_gmt":"2022-12-14T08:50:05","guid":{"rendered":"https:\/\/www.agglotv.com\/?p=63166"},"modified":"2022-12-14T08:50:06","modified_gmt":"2022-12-14T08:50:06","slug":"lequipe-nissan-de-formule-e-inaugure-sa-nouvelle-voiture-gen3-lors-des-essais-de-pre-saison","status":"publish","type":"post","link":"https:\/\/www.agglotv.com\/?p=63166","title":{"rendered":"L\u2019\u00e9quipe Nissan de Formule E inaugure sa nouvelle voiture Gen3 lors des essais de pr\u00e9-saison"},"content":{"rendered":"<p><a href=\"https:\/\/www.agglotv.com\/wp-content\/up\/nissan-97.jpg\"><img loading=\"lazy\" class=\"alignleft size-medium wp-image-63167\" src=\"https:\/\/www.agglotv.com\/wp-content\/up\/nissan-97-300x200.jpg\" alt=\"\" width=\"300\" height=\"200\" srcset=\"https:\/\/www.agglotv.com\/wp-content\/up\/nissan-97-300x200.jpg 300w, https:\/\/www.agglotv.com\/wp-content\/up\/nissan-97-768x512.jpg 768w, https:\/\/www.agglotv.com\/wp-content\/up\/nissan-97.jpg 928w\" sizes=\"(max-width: 300px) 100vw, 300px\" \/><\/a>L&rsquo;\u00e9quipe\u00a0<a href=\"https:\/\/www.nismo.com\/formulae\" target=\"_blank\" rel=\"noreferrer noopener\">Nissan de Formule E<\/a>\u00a0pr\u00e9sente sa nouvelle voiture Gen3 cette semaine lors des tests pr\u00e9liminaires de la saison 9 du championnat du monde de <a href=\"https:\/\/terrainsport.com\/category\/formule-e\">Formule E<\/a> ABB FIA sur le circuit Ricardo Tormo \u00e0 Valence.<\/p>\n\n\n<p>L&rsquo;\u00e9quipe, qui cette ann\u00e9e courra comme une seule entit\u00e9 pour la premi\u00e8re fois en Formule E, a r\u00e9cemment d\u00e9voil\u00e9 \u00e0 Madrid la nouvelle livr\u00e9e saisissante de sa monoplace. Son design audacieux pr\u00e9sente un motif de fleurs de cerisier, un clin d&rsquo;\u0153il \u00e0 l&rsquo;ADN japonais de l&rsquo;\u00e9quipe et le symbole d&rsquo;un nouveau d\u00e9part.<\/p>\n\n\n\n<p>Avec l&rsquo;arriv\u00e9e des pilotes Norman Nato et Sacha Fenestraz, la saison 2022\/23 marque un nouveau d\u00e9part pour le Nissan Formula E Team, dont ce sera la premi\u00e8re saison sous ce nouveau nom. L&rsquo;\u00e9quipe a cherch\u00e9 \u00e0 allier exp\u00e9rience et jeunesse avec Norman Nato, d\u00e9j\u00e0 vainqueur de Grand Prix en Formule E, et Sacha Fenestraz, vice-champion de Super Formula, qui seront engag\u00e9s respectivement dans les voitures n\u00b017 et n\u00b023.<\/p>\n\n\n\n<p>Les essais de pr\u00e9-saison seront \u00e9galement la premi\u00e8re apparition officielle de l&rsquo;\u00e9quipe de Formule E NEOM McLaren motoris\u00e9e par Nissan. En 2022, Nissan et McLaren ont sign\u00e9 un partenariat qui permettra \u00e0 l&rsquo;\u00e9quipe britannique d&rsquo;utiliser la motorisation Nissan pendant toute l&rsquo;\u00e8re Gen3.<\/p>\n\n\n\n<p>Les essais de pr\u00e9-saison ont commenc\u00e9 mardi 13 d\u00e9cembre et se d\u00e9rouleront jusqu&rsquo;au vendredi 16 d\u00e9cembre, le jeudi 15 d\u00e9cembre \u00e9tant une journ\u00e9e consacr\u00e9e aux m\u00e9dias, sans \u00e9volutions sur la piste.<\/p>\n\n\n\n<p><em>\u00ab Nous sommes tr\u00e8s motiv\u00e9s par cette s\u00e9ance d&rsquo;essais \u00e0 Valence. \u00bb&nbsp;<\/em><strong>a d\u00e9clar\u00e9 Tommaso Volpe, managing director du Nissan Formula E Team.<\/strong>&nbsp;<em>\u00ab C&rsquo;est la premi\u00e8re fois que toutes les \u00e9quipes se r\u00e9unissent avec leurs voitures Gen3. Celles-ci constituent un \u00e9norme pas en avant en mati\u00e8re d&rsquo;innovation par rapport aux motorisations Gen2, c&rsquo;est donc vraiment un d\u00e9fi tr\u00e8s diff\u00e9rent pour nous. Nous avons deux nouveaux pilotes et l&rsquo;\u00e9quipe a \u00e9galement connu quelques changements, nous chercherons donc \u00e0 travailler comme un groupe soud\u00e9 d\u00e8s le premier jour pour trouver la meilleure configuration et bien comprendre notre voiture. Nous nous sommes pr\u00e9par\u00e9s du mieux possible et nous avons h\u00e2te de voir la voiture en piste pour la premi\u00e8re fois lors d&rsquo;une s\u00e9ance officielle. \u00bb<\/em><\/p>\n\n\n\n<p><strong>D\u00e9clarations des pilotes<\/strong><\/p>\n\n\n\n<p><strong>Norman Nato<\/strong><\/p>\n\n\n\n<p>\u00ab Les essais sont toujours un grand moment avant une nouvelle saison et nous avons tous h\u00e2te de voir la nouvelle voiture en action. Nous nous efforcerons de poursuivre ce que nous avons fait ces derniers mois, en pr\u00e9parant au mieux la saison. \u00catre les plus rapides \u00e0 Valence n&rsquo;est pas notre objectif, nous sommes enti\u00e8rement concentr\u00e9s sur la pr\u00e9paration pour le Mexique en janvier. Nous n&rsquo;avons pas eu beaucoup de temps depuis la fin de la saison derni\u00e8re, mais nous avons beaucoup travaill\u00e9 \u00e0 l&rsquo;usine et j&rsquo;ai h\u00e2te de prendre la piste avec la nouvelle voiture \u00e0 Valence. \u00bb<\/p>\n\n\n\n<p><strong>Sacha Fenestraz<\/strong><\/p>\n\n\n\n<p>\u00ab Nous avons travaill\u00e9 tr\u00e8s dur pour \u00eatre pr\u00eats pour ces essais et maintenant nous y sommes, je suis vraiment excit\u00e9. C&rsquo;est une \u00e9tape importante dans ma carri\u00e8re. J&rsquo;ai h\u00e2te de piloter la voiture \u00e0 Valence et de voir o\u00f9 nous en sommes pour la nouvelle saison. Le Mexique arrive rapidement, nous devons donc rester concentr\u00e9s et nous assurer que nous sommes dans la meilleure position possible pour la premi\u00e8re course. \u00bb<\/p>\n","protected":false},"excerpt":{"rendered":"<p>L&rsquo;\u00e9quipe\u00a0Nissan de Formule E\u00a0pr\u00e9sente sa nouvelle voiture Gen3 cette semaine lors des tests pr\u00e9liminaires de la saison 9 du championnat du monde de Formule E ABB FIA sur le circuit Ricardo Tormo \u00e0 Valence. L&rsquo;\u00e9quipe, qui cette ann\u00e9e courra comme une seule entit\u00e9 pour la premi\u00e8re fois en Formule E, a r\u00e9cemment d\u00e9voil\u00e9 \u00e0 Madrid [&hellip;]<\/p>\n","protected":false},"author":2,"featured_media":0,"comment_status":"closed","ping_status":"closed","sticky":false,"template":"","format":"standard","meta":[],"categories":[13],"tags":[],"amp_enabled":true,"_links":{"self":[{"href":"https:\/\/www.agglotv.com\/index.php?rest_route=\/wp\/v2\/posts\/63166"}],"collection":[{"href":"https:\/\/www.agglotv.com\/index.php?rest_route=\/wp\/v2\/posts"}],"about":[{"href":"https:\/\/www.agglotv.com\/index.php?rest_route=\/wp\/v2\/types\/post"}],"author":[{"embeddable":true,"href":"https:\/\/www.agglotv.com\/index.php?rest_route=\/wp\/v2\/users\/2"}],"replies":[{"embeddable":true,"href":"https:\/\/www.agglotv.com\/index.php?rest_route=%2Fwp%2Fv2%2Fcomments&post=63166"}],"version-history":[{"count":1,"href":"https:\/\/www.agglotv.com\/index.php?rest_route=\/wp\/v2\/posts\/63166\/revisions"}],"predecessor-version":[{"id":63168,"href":"https:\/\/www.agglotv.com\/index.php?rest_route=\/wp\/v2\/posts\/63166\/revisions\/63168"}],"wp:attachment":[{"href":"https:\/\/www.agglotv.com\/index.php?rest_route=%2Fwp%2Fv2%2Fmedia&parent=63166"}],"wp:term":[{"taxonomy":"category","embeddable":true,"href":"https:\/\/www.agglotv.com\/index.php?rest_route=%2Fwp%2Fv2%2Fcategories&post=63166"},{"taxonomy":"post_tag","embeddable":true,"href":"https:\/\/www.agglotv.com\/index.php?rest_route=%2Fwp%2Fv2%2Ftags&post=63166"}],"curies":[{"name":"wp","href":"https:\/\/api.w.org\/{rel}","templated":true}]}}