{"id":63032,"date":"2022-11-25T08:35:42","date_gmt":"2022-11-25T08:35:42","guid":{"rendered":"https:\/\/www.agglotv.com\/?p=63032"},"modified":"2022-11-25T08:35:43","modified_gmt":"2022-11-25T08:35:43","slug":"le-parc-national-de-port-cros-fete-son-100eme-produit-marque-esprit-parc-national-port-cros","status":"publish","type":"post","link":"https:\/\/www.agglotv.com\/?p=63032","title":{"rendered":"Le Parc national de Port-Cros f\u00eate son 100\u00e8me produit marqu\u00e9 Esprit parc national &#8211; Port-Cros"},"content":{"rendered":"<p><strong><a href=\"https:\/\/www.agglotv.com\/wp-content\/up\/port-cros.jpg\"><img loading=\"lazy\" class=\"alignleft size-medium wp-image-58660\" src=\"https:\/\/www.agglotv.com\/wp-content\/up\/port-cros-300x119.jpg\" alt=\"\" width=\"300\" height=\"119\" srcset=\"https:\/\/www.agglotv.com\/wp-content\/up\/port-cros-300x119.jpg 300w, https:\/\/www.agglotv.com\/wp-content\/up\/port-cros-1024x407.jpg 1024w, https:\/\/www.agglotv.com\/wp-content\/up\/port-cros-768x305.jpg 768w, https:\/\/www.agglotv.com\/wp-content\/up\/port-cros-1536x610.jpg 1536w, https:\/\/www.agglotv.com\/wp-content\/up\/port-cros.jpg 1772w\" sizes=\"(max-width: 300px) 100vw, 300px\" \/><\/a>Le Parc national de Port-Cros c\u00e9l\u00e8brera son 100\u00e8me produit marqu\u00e9\u00a0<em>Esprit parc national &#8211; Port-Cros<\/em>\u00a0\u00e0 l\u2019occasion des\u00a0<\/strong><a href=\"https:\/\/www.domainedurayol.org\/evenement\/journees-portes-ouvertes-6\/\"><strong>Journ\u00e9es Portes Ouvertes du Domaine du Rayol<\/strong><\/a><strong>, le samedi 3 d\u00e9cembre 2022 \u00e0 partir de 10h<\/strong>.<\/p>\n\n\n<p><em>Esprit parc national<\/em>&nbsp;est une marque d\u00e9pos\u00e9e, d\u00e9clin\u00e9e dans les 11 parcs nationaux de France. Sa vocation est de distinguer les produits et services propos\u00e9s par des femmes et des hommes, engag\u00e9s dans la pr\u00e9servation de ces territoires d\u2019exception.<\/p>\n\n\n\n<p>La marque&nbsp;<em>Esprit parc national &#8211; Port-Cros&nbsp;<\/em>a \u00e9t\u00e9 officiellement lanc\u00e9e \u00e0 l\u2019\u00e9t\u00e9 2015 et les premiers contrats ont \u00e9t\u00e9 sign\u00e9s en 2016. Elle a \u00e9t\u00e9 con\u00e7ue pour soutenir et valoriser les activit\u00e9s \u00e9conomiques, touristiques et agricoles de son territoire qui privil\u00e9gient le respect de l\u2019environnement et la mise en valeur des patrimoines locaux.<br>Cette&nbsp;marque est le signe vivant d\u2019un partage de valeurs entre celles et ceux qui ont fait le choix de vivre, de travailler ou de s\u00e9journer dans des espaces naturels&nbsp;prot\u00e9g\u00e9s fragiles o\u00f9 la qualit\u00e9 de vie est exceptionnelle. C\u2019est cette beaut\u00e9 des paysages, cette harmonie, l\u2019authenticit\u00e9 des lieux et des rapports humains que la marque a pour ambition de valoriser et faire partager \u00e0 travers les produits qu\u2019elle a choisi de promouvoir.<\/p>\n\n\n\n<p>Le 3 d\u00e9cembre prochain, le Domaine du Rayol,\u00a0espace naturel prot\u00e9g\u00e9 de 20 ha, propri\u00e9t\u00e9 du Conservatoire du littoral, au pied du Massif des Maures et face aux Iles d\u2019Hy\u00e8res,\u00a0int\u00e9grera\u00a0cette marque de qualit\u00e9 pour plusieurs de ses prestations propos\u00e9es aux visiteurs.<\/p>\n","protected":false},"excerpt":{"rendered":"<p>Le Parc national de Port-Cros c\u00e9l\u00e8brera son 100\u00e8me produit marqu\u00e9\u00a0Esprit parc national &#8211; Port-Cros\u00a0\u00e0 l\u2019occasion des\u00a0Journ\u00e9es Portes Ouvertes du Domaine du Rayol, le samedi 3 d\u00e9cembre 2022 \u00e0 partir de 10h. Esprit parc national&nbsp;est une marque d\u00e9pos\u00e9e, d\u00e9clin\u00e9e dans les 11 parcs nationaux de France. Sa vocation est de distinguer les produits et services propos\u00e9s [&hellip;]<\/p>\n","protected":false},"author":2,"featured_media":0,"comment_status":"closed","ping_status":"closed","sticky":false,"template":"","format":"standard","meta":[],"categories":[12],"tags":[],"amp_enabled":true,"_links":{"self":[{"href":"https:\/\/www.agglotv.com\/index.php?rest_route=\/wp\/v2\/posts\/63032"}],"collection":[{"href":"https:\/\/www.agglotv.com\/index.php?rest_route=\/wp\/v2\/posts"}],"about":[{"href":"https:\/\/www.agglotv.com\/index.php?rest_route=\/wp\/v2\/types\/post"}],"author":[{"embeddable":true,"href":"https:\/\/www.agglotv.com\/index.php?rest_route=\/wp\/v2\/users\/2"}],"replies":[{"embeddable":true,"href":"https:\/\/www.agglotv.com\/index.php?rest_route=%2Fwp%2Fv2%2Fcomments&post=63032"}],"version-history":[{"count":1,"href":"https:\/\/www.agglotv.com\/index.php?rest_route=\/wp\/v2\/posts\/63032\/revisions"}],"predecessor-version":[{"id":63033,"href":"https:\/\/www.agglotv.com\/index.php?rest_route=\/wp\/v2\/posts\/63032\/revisions\/63033"}],"wp:attachment":[{"href":"https:\/\/www.agglotv.com\/index.php?rest_route=%2Fwp%2Fv2%2Fmedia&parent=63032"}],"wp:term":[{"taxonomy":"category","embeddable":true,"href":"https:\/\/www.agglotv.com\/index.php?rest_route=%2Fwp%2Fv2%2Fcategories&post=63032"},{"taxonomy":"post_tag","embeddable":true,"href":"https:\/\/www.agglotv.com\/index.php?rest_route=%2Fwp%2Fv2%2Ftags&post=63032"}],"curies":[{"name":"wp","href":"https:\/\/api.w.org\/{rel}","templated":true}]}}