{"id":62713,"date":"2022-10-06T08:17:19","date_gmt":"2022-10-06T08:17:19","guid":{"rendered":"https:\/\/www.agglotv.com\/?p=62713"},"modified":"2022-10-06T08:17:20","modified_gmt":"2022-10-06T08:17:20","slug":"technologies-biometriques-les-francais-sestiment-mal-informes-et-reclament-des-garanties-fortes","status":"publish","type":"post","link":"https:\/\/www.agglotv.com\/?p=62713","title":{"rendered":"Technologies biom\u00e9triques : les Fran\u00e7ais s\u2019estiment mal inform\u00e9s et r\u00e9clament des garanties fortes"},"content":{"rendered":"<p><strong><a href=\"https:\/\/www.agglotv.com\/wp-content\/up\/cp_defenseur_des_droits.png\"><img loading=\"lazy\" class=\"alignleft size-full wp-image-62714\" src=\"https:\/\/www.agglotv.com\/wp-content\/up\/cp_defenseur_des_droits.png\" alt=\"\" width=\"203\" height=\"86\" \/><\/a>A l\u2019heure o\u00f9 le choix\u00a0<\/strong><strong>entre\u00a0<\/strong><strong>fa<\/strong><strong>ciliter le recours aux technologies biom\u00e9triques ou maintenir leur strict encadrement se fait de plus en plus pressant, la D\u00e9fenseure des droits, Claire H\u00e9don, a souhait\u00e9 conna\u00eetre la perception des Fran\u00e7ais sur ce sujet et publie ce jour une enqu\u00eate d\u2019opinion.<\/strong><\/p>\n\n\n<p>Il ressort de cette enqu\u00eate quatre&nbsp;enseignements&nbsp;majeurs&nbsp;:<\/p>\n\n\n\n<p>1)&nbsp;&nbsp;&nbsp;&nbsp;&nbsp;&nbsp;<strong>L\u2019existence d\u2019un important d\u00e9ficit d\u2019information du public<\/strong>&nbsp;: \u00e0 peine plus d\u2019un tiers des Fran\u00e7ais se sent bien inform\u00e9&nbsp;sur le fonctionnement&nbsp;ou les domaines dans lesquels&nbsp;interviennent les technologies biom\u00e9triques. Cette connaissance partielle est fortement orient\u00e9e&nbsp;autour des enjeux de s\u00e9curit\u00e9, les usages mis en \u0153uvre&nbsp;\u00e0 d\u2019autres fins \u00e9tant&nbsp;nettement moins bien appr\u00e9hend\u00e9s.<\/p>\n\n\n\n<p>2)\u00a0\u00a0\u00a0\u00a0\u00a0\u00a0<strong>Un\u00a0degr\u00e9 de confiance\u00a0variable\u00a0en fonction des entit\u00e9s responsables des d\u00e9ploiements<\/strong>\u00a0: si les Fran\u00e7ais font confiance aux institutions r\u00e9galiennes pour avoir une utilisation raisonn\u00e9e des technologies biom\u00e9triques, il n\u2019existe pas de soutien inconditionnel \u00e0 un usage g\u00e9n\u00e9ralis\u00e9 de ces technologies. 33% des Fran\u00e7ais h\u00e9siteraient ou renonceraient \u00e0 se rendre \u00e0 une manifestation si des technologies biom\u00e9triques y \u00e9taient d\u00e9ploy\u00e9es par les forces de l\u2019ordre.\u00a0Par ailleurs, le\u00a0rejet des technologies d\u2019\u00e9valuation est particuli\u00e8rement marqu\u00e9 dans le secteur priv\u00e9\u00a0: plus de la moiti\u00e9 des Fran\u00e7ais s\u2019opposent \u00e0 l\u2019<a href=\"https:\/\/www.veterinaire-st-roch.fr\/services-veterinaires\/laboratoire-danalyses\/\">analyse<\/a>\u00a0syst\u00e9matique de leurs comportements\u00a0\u00e0 des\u00a0fins\u00a0publicitaires ou\u00a0de pr\u00e9vention de vol dans les magasins\u00a0comme dans le cadre d\u2019entretiens d\u2019embauche.<\/p>\n\n\n\n<p>3)&nbsp;&nbsp;&nbsp;&nbsp;&nbsp;&nbsp;<strong>Une p<\/strong><strong>rise de conscience<\/strong><strong>&nbsp;des risques d\u2019atteintes aux droits<\/strong>&nbsp;:&nbsp;si de prime abord les Fran\u00e7ais n\u2019identifient pas les risques d\u2019atteintes aux droits que pr\u00e9sentent les technologies biom\u00e9triques,&nbsp;au fur et \u00e0 mesure de l\u2019enqu\u00eate&nbsp;il devient&nbsp;clair&nbsp;pour une majorit\u00e9 de r\u00e9pondants&nbsp;qu\u2019ils pr\u00e9sentent des risques de discriminations et d\u2019atteinte au&nbsp;respect de la vie priv\u00e9e.<\/p>\n\n\n\n<p>4)&nbsp;&nbsp;&nbsp;&nbsp;&nbsp;&nbsp;<strong>Une f<\/strong><strong>orte volont\u00e9<\/strong><strong>&nbsp;de voir l\u2019encadrement&nbsp;<\/strong><strong>juridique&nbsp;<\/strong><strong>existant renforc\u00e9<\/strong>&nbsp;: plus d\u2019un tiers des Fran\u00e7ais consid\u00e8re&nbsp;que les enjeux li\u00e9s aux technologies biom\u00e9triques sont mal pris en compte par les pouvoirs publics. 84% d\u2019entre eux estiment qu\u2019un renforcement du cadre juridique applicable permettrait de mieux garantir les droits des personnes et un tiers consid\u00e8re qu\u2019il est tout \u00e0 fait prioritaire d\u2019\u00e9tablir des interdictions dans certains domaines.<\/p>\n\n\n\n<p>Ces r\u00e9sultats font \u00e9cho au rapport du D\u00e9fenseur des droits&nbsp;paru en 2021&nbsp;intitul\u00e9&nbsp;<a href=\"https:\/\/www.defenseurdesdroits.fr\/fr\/communique-de-presse\/2021\/07\/technologies-biometriques-la-defenseure-des-droits-appelle-au-respect\"><em>Technologies biom\u00e9triques<\/em>&nbsp;<em>: l\u2019imp\u00e9ratif d\u2019agir pour le respect des droits fondamentaux<\/em><\/a>. A la veille de l\u2019organisation des Jeux Olympiques&nbsp;et Paralympiques&nbsp;de Paris 2024 et,&nbsp;alors que les pouvoirs publics envisagent&nbsp;d\u2019exp\u00e9rimenter des technologies&nbsp;de s\u00e9curit\u00e9 reposant sur l\u2019exploitation&nbsp;d\u2019algorithmes,&nbsp;il appara\u00eet plus que jamais n\u00e9cessaire de rappeler&nbsp;que les avanc\u00e9es que permettent les technologies biom\u00e9triques ne sauraient s\u2019effectuer ni au d\u00e9triment d\u2019une partie de la population, ni au prix d\u2019une surveillance g\u00e9n\u00e9ralis\u00e9e. Afin de garantir la protection des droits fondamentaux \u00e0 l\u2019\u00e8re des technologies biom\u00e9triques, la&nbsp;D\u00e9fenseure&nbsp;des droits&nbsp;rappelle&nbsp;ses recommandations&nbsp;:<\/p>\n\n\n\n<p><strong>&#8211;<\/strong>&nbsp;&nbsp;&nbsp;&nbsp;&nbsp;&nbsp;&nbsp;&nbsp;&nbsp;&nbsp;<strong>Ecarter les m\u00e9thodologies d\u2019\u00e9valuation non pertinentes<\/strong>&nbsp;:&nbsp;le d\u00e9veloppement important&nbsp;d\u2019outils biom\u00e9triques d\u2019\u00e9valuation&nbsp;aux m\u00e9thodologies scientifiques non \u00e9prouv\u00e9es&nbsp;appelle \u00e0 la responsabilisation des acteurs compte tenu du risque discriminatoire qu\u2019ils pr\u00e9sentent&nbsp;;<\/p>\n\n\n\n<p><strong>&#8211;<\/strong>&nbsp;&nbsp;&nbsp;&nbsp;&nbsp;&nbsp;&nbsp;&nbsp;&nbsp;&nbsp;<strong>Mettre en place des garanties fortes et effectives pour s\u2019assurer du respect des droits des individus<\/strong>&nbsp;:<\/p>\n\n\n\n<ul><li>Dans le cadre d\u2019un usage \u00e0 des fins polici\u00e8res&nbsp;: \u00e9tendre l\u2019interdiction explicite de recours \u00e0 l\u2019utilisation de logiciels de reconnaissance faciale appliqu\u00e9e aux images capt\u00e9es par drones aux autres dispositifs de surveillance existants (cam\u00e9ras pi\u00e9tons, vid\u00e9osurveillance, etc.)&nbsp;;<\/li><li>Pour tous les usages&nbsp;: s\u2019interroger syst\u00e9matiquement sur l\u2019opportunit\u00e9 d\u2019utiliser une technologie moins intrusive, contr\u00f4ler syst\u00e9matiquement les biais discriminatoires et faciliter le droit au recours&nbsp;;<\/li><\/ul>\n\n\n\n<p><strong>&#8211;<\/strong>&nbsp;&nbsp;&nbsp;&nbsp;&nbsp;&nbsp;&nbsp;&nbsp;&nbsp;&nbsp;<strong>Repenser les contr\u00f4les existants<\/strong>&nbsp;notamment&nbsp;en r\u00e9visant le seuil d\u2019\u00e9valuation des march\u00e9s publics informatiques et en int\u00e9grant une appr\u00e9ciation des risques de discrimination et en instaurant&nbsp;une obligation de recourir \u00e0 un audit r\u00e9gulier, externe et ind\u00e9pendant des dispositifs biom\u00e9triques d\u2019identification et d\u2019\u00e9valuation&nbsp;;<\/p>\n\n\n\n<p><strong>&#8211;<\/strong>&nbsp;&nbsp;&nbsp;&nbsp;&nbsp;&nbsp;&nbsp;&nbsp;&nbsp;&nbsp;<strong>Renforcer les obligations en mati\u00e8re d\u2019information du public<\/strong>&nbsp;et former les professionnels des m\u00e9tiers techniques et d\u2019ing\u00e9nierie informatique et les organisations utilisatrices et de contr\u00f4le aux risques que les algorithmes font peser sur les droits fondamentaux. Le D\u00e9fenseur des droits y contribue&nbsp;: il propose avec le soutien du Conseil de l\u2019Europe&nbsp;depuis le&nbsp;4 octobre, et ce pour la seconde ann\u00e9e, une formation en ligne sur l\u2019intelligence artificielle et les discriminations propos\u00e9e \u00e0 de nombreux acteurs.<\/p>\n\n\n\n<p><strong><em>De quoi parle-t-on<\/em><\/strong>&nbsp;<strong><em>?<\/em><\/strong><\/p>\n\n\n\n<p>Les technologies biom\u00e9triques sont des technologies dont le fonctionnement consiste \u00e0 collecter des caract\u00e9ristiques corporelles sp\u00e9cifiques \u00e0 chaque personne dans le but d\u2019authentifier, d\u2019identifier ou d\u2019\u00e9valuer les individus.<\/p>\n\n\n\n<p>Au sens du droit des donn\u00e9es personnelles, ces caract\u00e9ristiques constituent des donn\u00e9es biom\u00e9triques lorsqu\u2019elles font l\u2019objet de traitements sp\u00e9cifiques permettant d\u2019\u00e9tablir l\u2019identification des individus de mani\u00e8re unique. \u00c0 l\u2019heure o\u00f9 les traitements de donn\u00e9es issues du corps humain se multiplient, l\u2019\u00e9tude d\u2019opinion du D\u00e9fenseur des droits se propose d\u2019aborder ces technologies au sens large et d\u2019en d\u00e9gager trois finalit\u00e9s principales&nbsp;: l\u2019authentification, l\u2019identification et l\u2019\u00e9valuation.<\/p>\n\n\n\n<p><strong>Authentification<\/strong>&nbsp;: L\u2019authentification consiste \u00e0 v\u00e9rifier l\u2019identit\u00e9 de quelqu\u2019un en comparant ses donn\u00e9es biom\u00e9triques \u00e0 un instant T \u00e0 celles de l\u2019identit\u00e9&nbsp;attest\u00e9e&nbsp;qu\u2019elle revendique (ex&nbsp;: d\u00e9verrouillage d\u2019un t\u00e9l\u00e9phone par reconnaissance faciale).<\/p>\n\n\n\n<p><strong>Identification<\/strong>&nbsp;: L\u2019identification&nbsp;consiste \u00e0 retrouver une personne au sein d\u2019un&nbsp;groupe d\u2019individus, dans un lieu, sur une image, ou dans une base de donn\u00e9es \u00e0 partir des traits de son visage (reconnaissance faciale), de sa voix (reconnaissance vocale), de sa gestuelle (reconnaissance de la d\u00e9marche) ou de tout autre type de donn\u00e9e biom\u00e9trique.&nbsp;Un syst\u00e8me d\u2019identification permet de r\u00e9aliser l\u2019op\u00e9ration suivante&nbsp;: le gabarit tir\u00e9, par exemple, des traits du visage d\u2019une personne, est compar\u00e9 au moyen d\u2019un algorithme \u00e0 une pluralit\u00e9 d\u2019autres gabarits stock\u00e9s sur une base de donn\u00e9es afin de d\u00e9terminer l\u2019identit\u00e9 de la personne, de retrouver cette personne ou de suivre ses mouvements. En d\u2019autres termes, les technologies d\u2019identification croisent les donn\u00e9es biom\u00e9triques de personnes film\u00e9es, photographi\u00e9es, ou enregistr\u00e9es, avec une liste de personnes recherch\u00e9es. En f\u00e9vrier 2021, la Commission nationale de l\u2019informatique et des libert\u00e9s (CNIL) a adress\u00e9 une mise en demeure \u00e0 un club sportif qui envisageait de recourir \u00e0 un syst\u00e8me de reconnaissance faciale afin d\u2019identifier automatiquement les personnes faisant l\u2019objet d\u2019une interdiction commerciale de stade.<\/p>\n\n\n\n<p><strong>Evaluation<\/strong>&nbsp;: Partant des donn\u00e9es&nbsp;corporelles et\/ou issues de syst\u00e8mes biom\u00e9triques, les technologies&nbsp;d\u2019\u00e9valuation&nbsp;dites \u00e9galement d\u2019analyse&nbsp;visent \u00e0&nbsp;:<\/p>\n\n\n\n<ul><li>Identifier ou d\u00e9duire des traits de personnalit\u00e9 ou des intentions&nbsp;(ex&nbsp;: dans le cadre d\u2019un&nbsp;recrutement)&nbsp;;<\/li><li>Inscrire la ou les personnes vis\u00e9es dans des cat\u00e9gories sp\u00e9cifiques, par exemple de sexe, d\u2019\u00e2ge, de couleur de cheveux, de couleur des yeux, d\u2019origine ethnique ou d\u2019orientation sexuelle ou politique en vue de prendre des mesures sp\u00e9cifiques (on parle alors de syst\u00e8mes de \u00ab&nbsp;cat\u00e9gorisation&nbsp;\u00bb).<\/li><\/ul>\n","protected":false},"excerpt":{"rendered":"<p>A l\u2019heure o\u00f9 le choix\u00a0entre\u00a0faciliter le recours aux technologies biom\u00e9triques ou maintenir leur strict encadrement se fait de plus en plus pressant, la D\u00e9fenseure des droits, Claire H\u00e9don, a souhait\u00e9 conna\u00eetre la perception des Fran\u00e7ais sur ce sujet et publie ce jour une enqu\u00eate d\u2019opinion. Il ressort de cette enqu\u00eate quatre&nbsp;enseignements&nbsp;majeurs&nbsp;: 1)&nbsp;&nbsp;&nbsp;&nbsp;&nbsp;&nbsp;L\u2019existence d\u2019un important d\u00e9ficit [&hellip;]<\/p>\n","protected":false},"author":2,"featured_media":0,"comment_status":"closed","ping_status":"closed","sticky":false,"template":"","format":"standard","meta":[],"categories":[12],"tags":[],"amp_enabled":true,"_links":{"self":[{"href":"https:\/\/www.agglotv.com\/index.php?rest_route=\/wp\/v2\/posts\/62713"}],"collection":[{"href":"https:\/\/www.agglotv.com\/index.php?rest_route=\/wp\/v2\/posts"}],"about":[{"href":"https:\/\/www.agglotv.com\/index.php?rest_route=\/wp\/v2\/types\/post"}],"author":[{"embeddable":true,"href":"https:\/\/www.agglotv.com\/index.php?rest_route=\/wp\/v2\/users\/2"}],"replies":[{"embeddable":true,"href":"https:\/\/www.agglotv.com\/index.php?rest_route=%2Fwp%2Fv2%2Fcomments&post=62713"}],"version-history":[{"count":1,"href":"https:\/\/www.agglotv.com\/index.php?rest_route=\/wp\/v2\/posts\/62713\/revisions"}],"predecessor-version":[{"id":62715,"href":"https:\/\/www.agglotv.com\/index.php?rest_route=\/wp\/v2\/posts\/62713\/revisions\/62715"}],"wp:attachment":[{"href":"https:\/\/www.agglotv.com\/index.php?rest_route=%2Fwp%2Fv2%2Fmedia&parent=62713"}],"wp:term":[{"taxonomy":"category","embeddable":true,"href":"https:\/\/www.agglotv.com\/index.php?rest_route=%2Fwp%2Fv2%2Fcategories&post=62713"},{"taxonomy":"post_tag","embeddable":true,"href":"https:\/\/www.agglotv.com\/index.php?rest_route=%2Fwp%2Fv2%2Ftags&post=62713"}],"curies":[{"name":"wp","href":"https:\/\/api.w.org\/{rel}","templated":true}]}}