{"id":62502,"date":"2022-09-13T08:48:24","date_gmt":"2022-09-13T08:48:24","guid":{"rendered":"https:\/\/www.agglotv.com\/?p=62502"},"modified":"2022-09-13T08:48:25","modified_gmt":"2022-09-13T08:48:25","slug":"sully-immobilier-poursuit-son-developpement-national-et-simplante-en-region-mediterranee","status":"publish","type":"post","link":"https:\/\/www.agglotv.com\/?p=62502","title":{"rendered":"Sully Immobilier poursuit son d\u00e9veloppement national et s\u2019implante en r\u00e9gion M\u00e9diterran\u00e9e"},"content":{"rendered":"<p><a href=\"https:\/\/www.agglotv.com\/wp-content\/up\/sully_immobilier.png\"><img loading=\"lazy\" class=\"alignleft size-medium wp-image-55317\" src=\"https:\/\/www.agglotv.com\/wp-content\/up\/sully_immobilier-300x146.png\" alt=\"\" width=\"300\" height=\"146\" srcset=\"https:\/\/www.agglotv.com\/wp-content\/up\/sully_immobilier-300x146.png 300w, https:\/\/www.agglotv.com\/wp-content\/up\/sully_immobilier.png 366w\" sizes=\"(max-width: 300px) 100vw, 300px\" \/><\/a>Apr\u00e8s s\u2019\u00eatre d\u00e9velopp\u00e9 en r\u00e9gion Auvergne-Rh\u00f4ne-Alpes avec l\u2019acquisition de Copra et Sinfimmo en 2018, Sully Immobilier \u00e9largit sa pr\u00e9sence territoriale avec l\u2019ouverture de Sully Immobilier M\u00e9diterran\u00e9e couvrant la r\u00e9gion PACA et le sud de l\u2019Occitanie, dirig\u00e9 par Jean-Jacques Ballester.<\/p>\n<p><strong>Une ambition nationale pour atteindre 1 000 logements livr\u00e9s par an<\/strong><\/p>\n<p>Groupe familial, Sully Immobilier est d\u00e9j\u00e0 pr\u00e9sent en Centre-Val de Loire, son berceau historique, en Ile-de-France, en Nouvelle-Aquitaine et en Auvergne-Rh\u00f4ne-Alpes. Avec l\u2019ouverture de Sully Immobilier M\u00e9diterran\u00e9e, le groupe familial ajoute une pierre suppl\u00e9mentaire dans son d\u00e9veloppement national.<\/p>\n<p>Situ\u00e9 \u00e0 Sophia Antipolis, 1er technopole europ\u00e9en, Sully Immobilier M\u00e9diterran\u00e9e va participer \u00e0 l\u2019ambition du groupe d\u2019atteindre les 1 000 logements livr\u00e9s par an en s\u2019\u00e9largissant aux nouveaux m\u00e9tiers de la promotion immobili\u00e8re et poursuivant son d\u00e9veloppement de l\u2019excellence de la relation client. Aujourd\u2019hui, Sully Immobilier m\u00e8ne actuellement une cinquantaine de programmes immobiliers, soit pr\u00e8s de 2500 logements en cours.<\/p>\n<p><strong>Une expertise mise au service des am\u00e9nageurs, collectivit\u00e9s et acqu\u00e9reurs locaux<\/strong><\/p>\n<p>C\u2019est par son ancrage territorial que le groupe a su au fil des ann\u00e9es, asseoir son succ\u00e8s. Depuis plus de 25 ans, Sully Immobilier participe \u00e0 la construction de la ville de demain, en adaptant ses savoir-faire aux d\u00e9fis sociaux et environnementaux ainsi qu\u2019\u00e0 l\u2019\u00e9volution des modes de vie, le tout dans une approche multir\u00e9gionale, gr\u00e2ce aux expertises locales des march\u00e9s.<\/p>\n<p>Tr\u00e8s impliqu\u00e9 pour offrir qualit\u00e9 de vie et bien-\u00eatre \u00e0 ses clients, le groupe propose des innovations destin\u00e9es \u00e0 am\u00e9liorer le cadre de vie et le confort de ses futurs acqu\u00e9reurs (utilisation du b\u00e9ton bas carbone, de la terre crue, g\u00e9n\u00e9ralisation des pompes \u00e0 chaleur, syst\u00e8me de g\u00e9othermie, construction en <a href=\"https:\/\/www.mauri.fr\/\">b\u00e9ton<\/a> pr\u00e9fabriqu\u00e9, voie verte, int\u00e9gration de la biodiversit\u00e9\u2026).<\/p>\n<p>\u00ab Si notre ambition est nationale, notre expertise est en harmonie avec les territoires sur lesquels et avec lesquels nous b\u00e2tissons. Gr\u00e2ce au d\u00e9veloppement de nos comp\u00e9tences et nos d\u00e9marches citoyenne et \u00e9cologique, Sully Immobilier est devenu un ensemblier de r\u00e9f\u00e9rence capable de proposer des logements en mixit\u00e9, de la r\u00e9habilitation, des \u00e9quipements, publics et priv\u00e9s, des r\u00e9sidences services. Le Groupe, fid\u00e8le \u00e0 ses valeurs, a \u00e0 c\u0153ur de participer au dynamisme des territoires. C\u2019est le sens de notre implantation dans la r\u00e9gion M\u00e9diterran\u00e9e \u00bb, souligne Ivain Le Roy Liberge, Directeur G\u00e9n\u00e9ral de Sully Immobilier.<\/p>\n<p><strong>Jean-Jacques Ballester, un natif et professionnel exp\u00e9riment\u00e9 du territoire \u00e0 la t\u00eate de Sully Immobilier M\u00e9diterran\u00e9e<\/strong><\/p>\n<p>Pour assurer l\u2019ancrage local de Sully Immobilier M\u00e9diterran\u00e9e, le groupe a nomm\u00e9 \u00e0 sa t\u00eate Jean-Jacques Ballester, fort de 42 ans d\u2019exp\u00e9rience dans l\u2019immobilier et qui a fait la majeure partie de sa carri\u00e8re en PACA. Directeur G\u00e9n\u00e9ral Sully Immobilier M\u00e9diterran\u00e9e, il sera accompagn\u00e9 par une Responsable d\u2019Op\u00e9rations, et d\u2019un Responsable du D\u00e9veloppement. Il rapporte directement \u00e0 Ivain Le Roy Liberge, DG de Sully Immobilier et rejoint le Comit\u00e9 Ex\u00e9cutif.<\/p>\n<p>Jean-Jacques Ballester d\u00e9bute sa carri\u00e8re en 1979 comme monteur d\u2019op\u00e9rations pour le compte de la SAFC, soci\u00e9t\u00e9 d\u2019HLM dans l\u2019est de la France. Apr\u00e8s un passage chez SEERI\/SAARI Paca en tant que Responsable d\u2019op\u00e9rations, il int\u00e8gre en 2000 le Groupe TAGERIM dont il devient le Directeur r\u00e9gional PACA. 7 ans plus tard, il rejoint Groupe CBo Territoria, implant\u00e9 sur l\u2019ile de la R\u00e9union, en tant que Directeur de la Promotion. En parall\u00e8le, il est nomm\u00e9 au poste de Directeur de CBo Habitat, structure l\u2019activit\u00e9 de Gestion locative du groupe et prend en 2010 la fonction de Directeur G\u00e9n\u00e9ral Adjoint \u2013 immobilier. Il int\u00e8gre par la suite le Groupe Equilis France comme CEO, poste auquel s\u2019ajoute celui de Directeur R\u00e9gion Sud Est \u00e0 partir de mars 2021.<\/p>\n<p>\u00ab Avec son exp\u00e9rience, son professionnalisme et sa connaissance du territoire, Jean-Jacques saura pleinement porter les valeurs de Sully Immobilier dans la r\u00e9gion M\u00e9diterran\u00e9e, et implanter notre groupe localement. Sa nomination confirme notre aspiration et notre fiabilit\u00e9 \u00e0 conserver une approche locale. Je lui souhaite de beaux succ\u00e8s \u00bb, souligne Ivain Le Roy Liberge.<\/p>\n","protected":false},"excerpt":{"rendered":"<p>Apr\u00e8s s\u2019\u00eatre d\u00e9velopp\u00e9 en r\u00e9gion Auvergne-Rh\u00f4ne-Alpes avec l\u2019acquisition de Copra et Sinfimmo en 2018, Sully Immobilier \u00e9largit sa pr\u00e9sence territoriale avec l\u2019ouverture de Sully Immobilier M\u00e9diterran\u00e9e couvrant la r\u00e9gion PACA et le sud de l\u2019Occitanie, dirig\u00e9 par Jean-Jacques Ballester. Une ambition nationale pour atteindre 1 000 logements livr\u00e9s par an Groupe familial, Sully Immobilier est [&hellip;]<\/p>\n","protected":false},"author":2,"featured_media":0,"comment_status":"closed","ping_status":"closed","sticky":false,"template":"","format":"standard","meta":[],"categories":[4],"tags":[],"amp_enabled":true,"_links":{"self":[{"href":"https:\/\/www.agglotv.com\/index.php?rest_route=\/wp\/v2\/posts\/62502"}],"collection":[{"href":"https:\/\/www.agglotv.com\/index.php?rest_route=\/wp\/v2\/posts"}],"about":[{"href":"https:\/\/www.agglotv.com\/index.php?rest_route=\/wp\/v2\/types\/post"}],"author":[{"embeddable":true,"href":"https:\/\/www.agglotv.com\/index.php?rest_route=\/wp\/v2\/users\/2"}],"replies":[{"embeddable":true,"href":"https:\/\/www.agglotv.com\/index.php?rest_route=%2Fwp%2Fv2%2Fcomments&post=62502"}],"version-history":[{"count":1,"href":"https:\/\/www.agglotv.com\/index.php?rest_route=\/wp\/v2\/posts\/62502\/revisions"}],"predecessor-version":[{"id":62503,"href":"https:\/\/www.agglotv.com\/index.php?rest_route=\/wp\/v2\/posts\/62502\/revisions\/62503"}],"wp:attachment":[{"href":"https:\/\/www.agglotv.com\/index.php?rest_route=%2Fwp%2Fv2%2Fmedia&parent=62502"}],"wp:term":[{"taxonomy":"category","embeddable":true,"href":"https:\/\/www.agglotv.com\/index.php?rest_route=%2Fwp%2Fv2%2Fcategories&post=62502"},{"taxonomy":"post_tag","embeddable":true,"href":"https:\/\/www.agglotv.com\/index.php?rest_route=%2Fwp%2Fv2%2Ftags&post=62502"}],"curies":[{"name":"wp","href":"https:\/\/api.w.org\/{rel}","templated":true}]}}