{"id":61864,"date":"2022-05-10T07:34:03","date_gmt":"2022-05-10T07:34:03","guid":{"rendered":"https:\/\/www.agglotv.com\/?p=61864"},"modified":"2022-05-10T07:34:07","modified_gmt":"2022-05-10T07:34:07","slug":"le-15-mai-journee-mondiale-des-blaireaux","status":"publish","type":"post","link":"https:\/\/www.agglotv.com\/?p=61864","title":{"rendered":"LE 15 MAI, JOURN\u00c9E MONDIALE DES BLAIREAUX"},"content":{"rendered":"<p><strong><a href=\"https:\/\/www.agglotv.com\/wp-content\/up\/JMB-NL.jpg\"><img loading=\"lazy\" class=\"alignleft size-medium wp-image-61865\" src=\"https:\/\/www.agglotv.com\/wp-content\/up\/JMB-NL-300x155.jpg\" alt=\"\" width=\"300\" height=\"155\" srcset=\"https:\/\/www.agglotv.com\/wp-content\/up\/JMB-NL-300x155.jpg 300w, https:\/\/www.agglotv.com\/wp-content\/up\/JMB-NL-1024x530.jpg 1024w, https:\/\/www.agglotv.com\/wp-content\/up\/JMB-NL-768x397.jpg 768w, https:\/\/www.agglotv.com\/wp-content\/up\/JMB-NL.jpg 1500w\" sizes=\"(max-width: 300px) 100vw, 300px\" \/><\/a>Pour am\u00e9liorer les connaissances sur le blaireau et alerter sur la cruaut\u00e9 de la chasse par d\u00e9terrage, l\u2019Association pour la protection des animaux sauvages (ASPAS) consacre une Journ\u00e9e Mondiale \u00e0 ces petits mammif\u00e8res injustement pers\u00e9cut\u00e9s en France. Avec le soutien de nombreuses associations partenaires, des animations sont propos\u00e9es partout \u00e0 travers le pays, avec un temps fort m\u00e9diatique \u00e0 <a href=\"https:\/\/www.ecocarton.fr\/cartons-demenagement-paris-ile-de-France-v-1.html\">Paris<\/a>, place de la R\u00e9publique, le 15 mai 2022 \u00e0 partir de 14h.\u00a0<\/strong><\/p>\n\n\n<p>Les blaireaux labourent-ils les champs de ma\u00efs\u202f? Font-ils d\u00e9railler les trains\u202f? Mangent-ils les enfants\u202f? M\u00e9ritent-ils vraiment qu\u2019on les insulte\u202f?!&nbsp;<\/p>\n\n\n\n<p>Pour r\u00e9pondre \u00e0 ces questions et tordre le cou \u00e0 toutes les l\u00e9gendes urbaines et rurales, l\u2019ASPAS et ses partenaires esp\u00e8rent interpeller un maximum de personnes le 15 mai, \u00e0 l\u2019occasion de la toute premi\u00e8re Journ\u00e9e Mondiale des Blaireaux. Conf\u00e9rences, sorties naturalistes, expositions\u2026\u202f: partout en France, diff\u00e9rents \u00e9v\u00e8nements sont propos\u00e9s pour tous les publics (liste compl\u00e8te&nbsp;<a href=\"https:\/\/www.aspas-nature.org\/JMBlaireaux\/#events\" target=\"_blank\" rel=\"noreferrer noopener\">\u00e0 consulter ici<\/a>).&nbsp;<\/p>\n\n\n\n<p>L\u2019ASPAS, elle, propose un rassemblement citoyen et inter-associatif \u00e0 Paris, Place de la R\u00e9publique (\u00e0 partir de 14h). Nous y installerons un stand \u00e9ph\u00e9m\u00e8re et simulerons une sc\u00e8ne de d\u00e9terrage pour sensibiliser le grand public au sort que certains r\u00e9servent aux blaireaux, en pr\u00e9sence de Hadi, le c\u00e9l\u00e8bre acteur \u00e0 la cravate rouge des vid\u00e9os \u00ab\u202fAmis des Lobbies\u202f\u00bb diffus\u00e9es sur les r\u00e9seaux sociaux.&nbsp;<\/p>\n\n\n\n<h2>C\u2019est qui, le blaireau\u202f?<\/h2>\n\n\n\n<p>Le blaireau est un must\u00e9lid\u00e9 sociable, discret, aux m\u0153urs essentiellement nocturnes. Ces \u00ab\u202fpetits ours des campagnes\u202f\u00bb vivent en clans, dans des terriers souvent tr\u00e8s \u00e9labor\u00e9s creus\u00e9s dans les for\u00eats, les talus, les champs. Ils se nourrissent de vers, de fruits, de larves, de petits mammif\u00e8res, d\u2019amphibiens. Leur cycle de reproduction est complexe et la p\u00e9riode de d\u00e9pendance des jeunes est tr\u00e8s variable\u202f: au 15 mai, des blaireautins non sevr\u00e9s sont susceptibles de se trouver encore au terrier, comme peuvent en t\u00e9moigner les soigneurs des centres de faune sauvage.&nbsp;<\/p>\n\n\n\n<h2>Une p\u00e9tition au S\u00e9nat pour demander la fin du d\u00e9terrage<\/h2>\n\n\n\n<p>Le 15 mai n\u2019est pas une date choisie au hasard\u202f: ce jour-l\u00e0, chaque ann\u00e9e, les chasseurs adeptes de \u00ab\u202fv\u00e9nerie sous terre\u202f\u00bb peuvent l\u00e9galement s\u2019en prendre \u00e0 des familles enti\u00e8res de blaireaux, directement au terrier. Pour cela, ils utilisent des pelles, des pioches, des pinces g\u00e9antes ainsi que des petits chiens introduits dans les galeries souterraines pour mordre et acculer les animaux, avant de les tuer au fusil ou \u00e0 l\u2019arme blanche.<\/p>\n\n\n\n<p>Cette pratique violente, source d\u2019atroces souffrances pour les blaireaux, est interdite presque partout en Europe. Une&nbsp;<a href=\"https:\/\/petitions.senat.fr\/initiatives\/i-1012\" target=\"_blank\" rel=\"noreferrer noopener\">p\u00e9tition<\/a>&nbsp;lanc\u00e9e par l\u2019ASPAS le 30 mars dernier sur la plateforme e-S\u00e9nat a d\u00e9j\u00e0 recueilli plus de 12 000 signatures. L\u2019objectif est d\u2019en atteindre 100 000 avant fin septembre 2022, \u00e9ch\u00e9ance \u00e0 laquelle le S\u00e9nat pourra d\u00e9cider d\u2019y donner suite&nbsp;et \u00e9tudier ainsi une proposition de loi mettant fin \u00e0 cette&nbsp;horreur.&nbsp;&nbsp;<\/p>\n\n\n\n<p><strong>Liens \u00e0 consulter :&nbsp;<\/strong>&nbsp;<\/p>\n\n\n\n<ul><li>Liste des&nbsp;<a href=\"https:\/\/www.aspas-nature.org\/JMBlaireaux\/#events\" target=\"_blank\" rel=\"noreferrer noopener\">\u00e9v\u00e8nements<\/a>&nbsp;organis\u00e9s partout en France le 15 mai 2022<\/li><li>Lien vers&nbsp;<a href=\"https:\/\/petitions.senat.fr\/initiatives\/i-1012\" target=\"_blank\" rel=\"noreferrer noopener\">la p\u00e9tition e-S\u00e9nat<\/a>&nbsp;pour demander la fin du d\u00e9terrage&nbsp;&nbsp;<\/li><\/ul>\n","protected":false},"excerpt":{"rendered":"<p>Pour am\u00e9liorer les connaissances sur le blaireau et alerter sur la cruaut\u00e9 de la chasse par d\u00e9terrage, l\u2019Association pour la protection des animaux sauvages (ASPAS) consacre une Journ\u00e9e Mondiale \u00e0 ces petits mammif\u00e8res injustement pers\u00e9cut\u00e9s en France. Avec le soutien de nombreuses associations partenaires, des animations sont propos\u00e9es partout \u00e0 travers le pays, avec un [&hellip;]<\/p>\n","protected":false},"author":2,"featured_media":0,"comment_status":"closed","ping_status":"closed","sticky":false,"template":"","format":"standard","meta":[],"categories":[10],"tags":[],"amp_enabled":true,"_links":{"self":[{"href":"https:\/\/www.agglotv.com\/index.php?rest_route=\/wp\/v2\/posts\/61864"}],"collection":[{"href":"https:\/\/www.agglotv.com\/index.php?rest_route=\/wp\/v2\/posts"}],"about":[{"href":"https:\/\/www.agglotv.com\/index.php?rest_route=\/wp\/v2\/types\/post"}],"author":[{"embeddable":true,"href":"https:\/\/www.agglotv.com\/index.php?rest_route=\/wp\/v2\/users\/2"}],"replies":[{"embeddable":true,"href":"https:\/\/www.agglotv.com\/index.php?rest_route=%2Fwp%2Fv2%2Fcomments&post=61864"}],"version-history":[{"count":1,"href":"https:\/\/www.agglotv.com\/index.php?rest_route=\/wp\/v2\/posts\/61864\/revisions"}],"predecessor-version":[{"id":61866,"href":"https:\/\/www.agglotv.com\/index.php?rest_route=\/wp\/v2\/posts\/61864\/revisions\/61866"}],"wp:attachment":[{"href":"https:\/\/www.agglotv.com\/index.php?rest_route=%2Fwp%2Fv2%2Fmedia&parent=61864"}],"wp:term":[{"taxonomy":"category","embeddable":true,"href":"https:\/\/www.agglotv.com\/index.php?rest_route=%2Fwp%2Fv2%2Fcategories&post=61864"},{"taxonomy":"post_tag","embeddable":true,"href":"https:\/\/www.agglotv.com\/index.php?rest_route=%2Fwp%2Fv2%2Ftags&post=61864"}],"curies":[{"name":"wp","href":"https:\/\/api.w.org\/{rel}","templated":true}]}}