{"id":61665,"date":"2022-04-15T08:03:30","date_gmt":"2022-04-15T08:03:30","guid":{"rendered":"https:\/\/www.agglotv.com\/?p=61665"},"modified":"2022-04-15T08:03:33","modified_gmt":"2022-04-15T08:03:33","slug":"ceva-celebre-les-100-ans-du-developpement-de-vaccins-pour-animaux-sur-son-site-de-dessau-en-allemagne","status":"publish","type":"post","link":"https:\/\/www.agglotv.com\/?p=61665","title":{"rendered":"CEVA C\u00c9L\u00c8BRE LES 100 ANS DU D\u00c9VELOPPEMENT DE VACCINS POUR ANIMAUX SUR SON SITE DE DESSAU, EN ALLEMAGNE"},"content":{"rendered":"<p><strong><a href=\"https:\/\/www.agglotv.com\/wp-content\/up\/ceva.jpg\"><img loading=\"lazy\" class=\"alignleft size-full wp-image-60107\" src=\"https:\/\/www.agglotv.com\/wp-content\/up\/ceva.jpg\" alt=\"\" width=\"244\" height=\"232\" \/><\/a>Un si\u00e8cle de contributions consid\u00e9rables \u00e0 la sant\u00e9 animale<\/strong><\/p>\n\n\n<p>Depuis 100 ans, Ceva d\u00e9veloppe des vaccins pour animaux sur son site de Dessau, en Allemagne. A cette occasion, Reiner Haseloff, Premier ministre de Saxe-Anhalt, et Marc Prikazsky, PDG de Ceva Sant\u00e9 Animale, se sont rendus sur le site pour f\u00eater l\u2019\u00e9v\u00e8nement. Au cours des 100 derni\u00e8res ann\u00e9es, le site a largement contribu\u00e9 \u00e0 la d\u00e9couverte de vaccins et de s\u00e9rums b\u00e9n\u00e9fiques \u00e0 la sant\u00e9 des animaux.\u00a0<\/p>\n\n\n\n<p>Robert Reck, maire de Dessau Rosslau, Carsten Klocke, actionnaire de Ceva, Thekla Kurz, PDG du centre d&rsquo;innovation de Ceva et le professeur Hans-Joachim Selbitz, ancien directeur des ventes, se sont \u00e9galement joints \u00e0 cette c\u00e9l\u00e9bration.<\/p>\n\n\n\n<p>Ceva Sant\u00e9 Animale, qui a acquis en 2019 les activit\u00e9s biopharmaceutiques <a href=\"https:\/\/www.veterinaire-st-roch.fr\/lequipe-de-la-clinique-veterinaire-saint-roch-a-genech\/\">v\u00e9t\u00e9rinaires<\/a> et de R&amp;D d&rsquo;IDT Biologika, bas\u00e9es sur le site de Dessau, est fi\u00e8re des accomplissements cl\u00e9s du campus en mati\u00e8re de d\u00e9veloppement mondial de vaccins. Lors de sa cr\u00e9ation en 1921, la branche de production de vaccins et de s\u00e9rums pour <a href=\"https:\/\/dogwash-pevele.fr\/toilettage\">animaux<\/a> avait pour objectif de financer une partie du budget de l&rsquo;institut bact\u00e9riologique du district d&rsquo;Anhalt. Tout a commenc\u00e9 par la production de vaccins contre la diarrh\u00e9e du veau, la brucellose et les cultures de Salmonella pour la lutte contre les parasites. Depuis, le site de Dessau a contribu\u00e9 \u00e0 des d\u00e9veloppements majeurs.\u00a0<\/p>\n\n\n\n<p>Tout d\u2019abord, des strat\u00e9gies de <a href=\"https:\/\/www.veterinaire-st-roch.fr\/services-veterinaires\/consultation-de-medecine\/\">vaccination<\/a> contre l&rsquo;\u00e9rysip\u00e8le porcin ont \u00e9t\u00e9 d\u00e9velopp\u00e9es sur le site, suivies dans les ann\u00e9es 60 par le vaccin vivant contre l&rsquo;\u00e9rysip\u00e8le. Ensuite, au cours des ann\u00e9es 80, l&rsquo;accent mis par la R&amp;D sur les infections \u00e0 E.coli chez les veaux a permis de mettre au point divers vaccins, conduisant \u00e0 une r\u00e9duction drastique du taux de mortalit\u00e9 d\u00fb \u00e0 la colibacillose ent\u00e9rique de 57,5 % en seulement 6 ans.\u00a0<\/p>\n\n\n\n<p>Le site de Dessau a \u00e9galement jou\u00e9 un r\u00f4le consid\u00e9rable dans la disparition totale de la rage en Allemagne (effective depuis 2008) et a franchi une nouvelle \u00e9tape avec l&rsquo;approbation au niveau europ\u00e9en de Rabitec en 2017.&nbsp;<\/p>\n\n\n\n<p>Enfin, le vaccin Ecoporc, dont une dose unique prot\u00e8ge les porcelets, a repr\u00e9sent\u00e9 un v\u00e9ritable tournant dans la prophylaxie de la maladie de l&rsquo;\u0153d\u00e8me et a permis de r\u00e9duire consid\u00e9rablement l&rsquo;utilisation des antibiotiques. Il a \u00e9t\u00e9 approuv\u00e9 pour l\u2019Union Europ\u00e9enne en 2013.&nbsp;<\/p>\n\n\n\n<p>Le site de Dessau a encore beaucoup de chemin \u00e0 parcourir, comme l&rsquo;a conclu le Dr Marc Prikazsky, PDG de Ceva Sant\u00e9 Animale :<\/p>\n\n\n\n<p>\u201cDepuis son acquisition en 2019, nous nous effor\u00e7ons de poursuivre les travaux essentiels de cet important h\u00e9ritage. Chez Ceva, nous sommes convaincus que la m\u00e9decine pr\u00e9ventive est la cl\u00e9 pour l\u2019avenir de la sant\u00e9. Nous mettons tout en \u0153uvre pour trouver les meilleurs rem\u00e8des contre les maladies existantes et nouvelles. Le travail que nous effectuons sur ce site rev\u00eat une importance capitale. Mais la sant\u00e9 animale n&rsquo;est pas notre seule pr\u00e9occupation, car pas moins de 75 % de toutes les nouvelles maladies affectant l&rsquo;homme sont d&rsquo;origine animale. C&rsquo;est pourquoi il est essentiel de mettre en pratique les nouveaux r\u00e9sultats de la recherche en bact\u00e9riologie, virologie et immunologie, afin de d\u00e9velopper des vaccins pour animaux s\u00fbrs et efficaces&nbsp;\u201d.<\/p>\n\n\n\n<p><em>Dr Marc Prikazsky, PDG de Ceva Sant\u00e9 Animale<\/em><\/p>\n","protected":false},"excerpt":{"rendered":"<p>Un si\u00e8cle de contributions consid\u00e9rables \u00e0 la sant\u00e9 animale Depuis 100 ans, Ceva d\u00e9veloppe des vaccins pour animaux sur son site de Dessau, en Allemagne. A cette occasion, Reiner Haseloff, Premier ministre de Saxe-Anhalt, et Marc Prikazsky, PDG de Ceva Sant\u00e9 Animale, se sont rendus sur le site pour f\u00eater l\u2019\u00e9v\u00e8nement. Au cours des 100 [&hellip;]<\/p>\n","protected":false},"author":2,"featured_media":0,"comment_status":"closed","ping_status":"closed","sticky":false,"template":"","format":"standard","meta":[],"categories":[10],"tags":[],"amp_enabled":true,"_links":{"self":[{"href":"https:\/\/www.agglotv.com\/index.php?rest_route=\/wp\/v2\/posts\/61665"}],"collection":[{"href":"https:\/\/www.agglotv.com\/index.php?rest_route=\/wp\/v2\/posts"}],"about":[{"href":"https:\/\/www.agglotv.com\/index.php?rest_route=\/wp\/v2\/types\/post"}],"author":[{"embeddable":true,"href":"https:\/\/www.agglotv.com\/index.php?rest_route=\/wp\/v2\/users\/2"}],"replies":[{"embeddable":true,"href":"https:\/\/www.agglotv.com\/index.php?rest_route=%2Fwp%2Fv2%2Fcomments&post=61665"}],"version-history":[{"count":1,"href":"https:\/\/www.agglotv.com\/index.php?rest_route=\/wp\/v2\/posts\/61665\/revisions"}],"predecessor-version":[{"id":61666,"href":"https:\/\/www.agglotv.com\/index.php?rest_route=\/wp\/v2\/posts\/61665\/revisions\/61666"}],"wp:attachment":[{"href":"https:\/\/www.agglotv.com\/index.php?rest_route=%2Fwp%2Fv2%2Fmedia&parent=61665"}],"wp:term":[{"taxonomy":"category","embeddable":true,"href":"https:\/\/www.agglotv.com\/index.php?rest_route=%2Fwp%2Fv2%2Fcategories&post=61665"},{"taxonomy":"post_tag","embeddable":true,"href":"https:\/\/www.agglotv.com\/index.php?rest_route=%2Fwp%2Fv2%2Ftags&post=61665"}],"curies":[{"name":"wp","href":"https:\/\/api.w.org\/{rel}","templated":true}]}}