{"id":61468,"date":"2022-03-24T08:56:14","date_gmt":"2022-03-24T08:56:14","guid":{"rendered":"https:\/\/www.agglotv.com\/?p=61468"},"modified":"2022-03-24T08:56:16","modified_gmt":"2022-03-24T08:56:16","slug":"utilisation-darmes-explosives-en-ukraine-apres-sa-condamnation-la-france-doit-joindre-la-parole-aux-actes","status":"publish","type":"post","link":"https:\/\/www.agglotv.com\/?p=61468","title":{"rendered":"Utilisation d\u2019armes explosives en Ukraine : apr\u00e8s sa condamnation, la France doit joindre la parole aux actes"},"content":{"rendered":"<p><a href=\"https:\/\/www.agglotv.com\/wp-content\/up\/handicap.jpeg\"><img loading=\"lazy\" class=\"alignleft size-full wp-image-58551\" src=\"https:\/\/www.agglotv.com\/wp-content\/up\/handicap.jpeg\" alt=\"\" width=\"186\" height=\"105\" \/><\/a>Lors de la session de cl\u00f4ture le mardi 22 mars du Forum humanitaire europ\u00e9en, le pr\u00e9sident Emmanuel Macron a d\u00e9nonc\u00e9 l&rsquo;usage par la Russie \u00ab\u00a0d&rsquo;armes explosives dans des zones dens\u00e9ment peupl\u00e9es\u00a0\u00bb.\u00a0\u00ab\u00a0Le droit international est bafou\u00e9, les infrastructures civiles sont bombard\u00e9es, des armes explosives sont utilis\u00e9es dans des zones dens\u00e9ment peupl\u00e9es, et les travailleurs humanitaires sont pris pour cible\u00a0\u00bb, a d\u00e9plor\u00e9 le chef de l&rsquo;\u00c9tat.\u00a0Alors qu\u2019un nouveau cycle de n\u00e9gociation de l\u2019accord international pour mettre fin \u00e0 l\u2019utilisation des armes explosives en zones peupl\u00e9es aura lieu du 6 au 8 avril prochain \u00e0 Gen\u00e8ve, Handicap International appelle la France \u00e0 joindre la parole aux actes.<\/p>\n\n\n<p>\u00ab&nbsp;Handicap International salue la condamnation du Pr\u00e9sident Emmanuel Macron de l\u2019utilisation des armes explosives en zones peupl\u00e9es, faisant ainsi un pas vers la reconnaissance des souffrances syst\u00e9matiques et disproportionn\u00e9es provoqu\u00e9es pour les civils par une telle pratique. Alors que des n\u00e9gociations auront lieu du 6 au 8 avril prochain \u00e0 Gen\u00e8ve pour discuter un accord international sur l\u2019utilisation d\u2019armes explosives en zones peupl\u00e9es, nous appelons la France \u00e0 joindre la parole aux actes et \u00e0 soutenir un texte fort qui permette r\u00e9ellement une meilleure protection des civils.&nbsp;Le matin-m\u00eame de cette d\u00e9claration,&nbsp;<a href=\"https:\/\/www.la-croix.com\/Debats\/Guerre-Ukraine-lappel-parlementaires-francais-contre-lutilisation-armes-explosives-zones-peuplees-2022-03-22-1201206265\">91 parlementaires fran\u00e7ais<\/a>, soutenant la position du Comit\u00e9 international de la Croix-Rouge et du Secr\u00e9taire g\u00e9n\u00e9ral de l\u2019ONU, appelaient la France et les Etats \u00e0 s\u2019engager sans \u00e9quivoque contre l\u2019utilisation des armes explosives \u00e0 large rayon d\u2019impact dans les zones peupl\u00e9es. Les bombardements urbains ont des cons\u00e9quences humanitaires d\u00e9vastatrices, comme l\u2019illustrent tragiquement le conflit en Ukraine, mais \u00e9galement en Syrie, en Irak et au Y\u00e9men. \u00bb&nbsp;<strong>Anne&nbsp;<\/strong><strong>H\u00e9ry<\/strong><strong>, Directrice du plaidoyer chez H<\/strong><strong>andicap&nbsp;<\/strong><strong>I<\/strong><strong>nternational.<\/strong><strong><\/strong><\/p>\n\n\n\n<p><strong>Vers un texte fort et contraignant : la France doit se montrer \u00e0 la hauteur de l\u2019enjeu<\/strong><\/p>\n\n\n\n<p>La France participe activement au processus diplomatique en cours, et est devenue l\u2019un des Etats moteurs dans les discussions sur le sujet.&nbsp;Pourtant, depuis le lancement des n\u00e9gociations diplomatiques fin 2019, Handicap International&nbsp;regrette que la position fran\u00e7aise risque d\u2019affaiblir le texte et son impact \u00e0 venir.<\/p>\n\n\n\n<p>Dans sa derni\u00e8re contribution \u00e9crite&nbsp;au texte de la D\u00e9claration politique, la France minimise&nbsp;le caract\u00e8re syst\u00e9mique et sp\u00e9cifique des dommages humanitaires caus\u00e9s aux civils et \u00e0 leurs infrastructures vitales&nbsp;par la seule utilisation des&nbsp;armes explosives \u00ab&nbsp;\u00e0 large rayon d\u2019impact&nbsp;\u00bb dans les zones peupl\u00e9es.&nbsp;Si la&nbsp;France propose&nbsp;des solutions&nbsp;pour&nbsp;am\u00e9liorer le cadre existant (doctrine, r\u00e8gles d\u2019engagement,&nbsp;formation, processus de ciblage\u2026), son opposition \u00e0 tout engagement visant \u00e0 \u00ab&nbsp;\u00e9viter l\u2019usage d\u2019armes explosives \u00e0 large rayon d\u2019impact en zones peupl\u00e9es&nbsp;\u00bb comme demand\u00e9 par le CICR, l\u2019ONU et l\u2019ensemble de la communaut\u00e9 humanitaire&nbsp;risque d\u2019affaiblir consid\u00e9rablement l\u2019avanc\u00e9e majeure de cette D\u00e9claration politique pour une meilleure protection des civils en situation de conflit.<\/p>\n\n\n\n<p><strong>A propos de Handicap International<\/strong>&nbsp;<\/p>\n\n\n\n<p>Handicap International est une association de solidarit\u00e9 internationale ind\u00e9pendante, qui intervient depuis pr\u00e8s de 40&nbsp;ans dans les situations de pauvret\u00e9 et d&rsquo;exclusion, de&nbsp;conflits et de catastrophes.&nbsp;\u0152uvrant&nbsp;aux c\u00f4t\u00e9s des personnes handicap\u00e9es et vuln\u00e9rables, elle agit et t\u00e9moigne pour r\u00e9pondre \u00e0 leurs besoins essentiels et am\u00e9liorer leurs conditions de vie. Elle s&rsquo;engage \u00e0 promouvoir le respect de leur dignit\u00e9 et de leurs droits fondamentaux. Depuis sa cr\u00e9ation en 1982, Handicap International a mis en place des programmes de d\u00e9veloppement dans plus de 60 pays et intervient dans de nombreuses situations d&rsquo;urgence. Le r\u00e9seau de 8 associations nationales (Allemagne, Belgique, Canada,&nbsp;\u00c9tats- Unis, France, Luxembourg, Royaume-Uni et Suisse)&nbsp;\u0153uvre de mani\u00e8re constante \u00e0 la mobilisation des ressources, \u00e0 la cogestion des projets et au rayonnement des principes et actions de l&rsquo;organisation. Handicap International est l&rsquo;une des six associations fondatrices de la Campagne internationale pour interdire les mines (ICBL),&nbsp;colaur\u00e9ate&nbsp;du prix Nobel de la paix en 1997 et laur\u00e9ate du Prix Conrad N. Hilton 2011. Handicap International agit et t\u00e9moigne partout o\u00f9 \u00ab vivre debout \u00bb ne va pas de soi.<\/p>\n","protected":false},"excerpt":{"rendered":"<p>Lors de la session de cl\u00f4ture le mardi 22 mars du Forum humanitaire europ\u00e9en, le pr\u00e9sident Emmanuel Macron a d\u00e9nonc\u00e9 l&rsquo;usage par la Russie \u00ab\u00a0d&rsquo;armes explosives dans des zones dens\u00e9ment peupl\u00e9es\u00a0\u00bb.\u00a0\u00ab\u00a0Le droit international est bafou\u00e9, les infrastructures civiles sont bombard\u00e9es, des armes explosives sont utilis\u00e9es dans des zones dens\u00e9ment peupl\u00e9es, et les travailleurs humanitaires sont [&hellip;]<\/p>\n","protected":false},"author":2,"featured_media":0,"comment_status":"closed","ping_status":"closed","sticky":false,"template":"","format":"standard","meta":[],"categories":[12],"tags":[],"amp_enabled":true,"_links":{"self":[{"href":"https:\/\/www.agglotv.com\/index.php?rest_route=\/wp\/v2\/posts\/61468"}],"collection":[{"href":"https:\/\/www.agglotv.com\/index.php?rest_route=\/wp\/v2\/posts"}],"about":[{"href":"https:\/\/www.agglotv.com\/index.php?rest_route=\/wp\/v2\/types\/post"}],"author":[{"embeddable":true,"href":"https:\/\/www.agglotv.com\/index.php?rest_route=\/wp\/v2\/users\/2"}],"replies":[{"embeddable":true,"href":"https:\/\/www.agglotv.com\/index.php?rest_route=%2Fwp%2Fv2%2Fcomments&post=61468"}],"version-history":[{"count":1,"href":"https:\/\/www.agglotv.com\/index.php?rest_route=\/wp\/v2\/posts\/61468\/revisions"}],"predecessor-version":[{"id":61469,"href":"https:\/\/www.agglotv.com\/index.php?rest_route=\/wp\/v2\/posts\/61468\/revisions\/61469"}],"wp:attachment":[{"href":"https:\/\/www.agglotv.com\/index.php?rest_route=%2Fwp%2Fv2%2Fmedia&parent=61468"}],"wp:term":[{"taxonomy":"category","embeddable":true,"href":"https:\/\/www.agglotv.com\/index.php?rest_route=%2Fwp%2Fv2%2Fcategories&post=61468"},{"taxonomy":"post_tag","embeddable":true,"href":"https:\/\/www.agglotv.com\/index.php?rest_route=%2Fwp%2Fv2%2Ftags&post=61468"}],"curies":[{"name":"wp","href":"https:\/\/api.w.org\/{rel}","templated":true}]}}