{"id":61460,"date":"2022-03-24T08:37:58","date_gmt":"2022-03-24T08:37:58","guid":{"rendered":"https:\/\/www.agglotv.com\/?p=61460"},"modified":"2022-03-24T08:38:00","modified_gmt":"2022-03-24T08:38:00","slug":"la-metropole-europeenne-de-lille-est-fiere-daider-et-daccompagner-les-maires-batisseurs-en-signant-une-aide-a-la-construction-durable-avec-letat","status":"publish","type":"post","link":"https:\/\/www.agglotv.com\/?p=61460","title":{"rendered":"La M\u00e9tropole Europ\u00e9enne de Lille est fi\u00e8re d\u2019aider et d\u2019accompagner les maires b\u00e2tisseurs en signant une aide \u00e0 la construction durable avec l\u2019\u00c9tat"},"content":{"rendered":"<p><a href=\"https:\/\/www.agglotv.com\/wp-content\/up\/MEL.png\"><img loading=\"lazy\" class=\"alignleft size-full wp-image-59622\" src=\"https:\/\/www.agglotv.com\/wp-content\/up\/MEL.png\" alt=\"\" width=\"202\" height=\"249\" \/><\/a>Dans le cadre du plan France Relance, le Gouvernement a mis en place une aide \u00e0 la relance de la construction durable. L\u2019objectif : soutenir la production de logements par un dispositif de contractualisation sur les territoires caract\u00e9ris\u00e9s par une tension du march\u00e9 immobilier. C\u2019est en ce sens que la M\u00e9tropole Europ\u00e9enne de Lille (MEL) et l\u2019\u00c9tat signent ce jour un contrat de relance pour la construction durable, permettant l\u2019accompagnement des communes o\u00f9 un besoin en logements est identifi\u00e9.<\/p>\n\n\n<p>Cette signature fait suite au dispositif d\u2019aide \u00e0 la construction fix\u00e9 par l\u2019\u00c9tat pour la p\u00e9riode 2020-2021, qui connaissait certaines limites&nbsp;: les EPCI ou les communes n\u2019\u00e9taient pas n\u00e9cessairement associ\u00e9es et seules 12 villes de la MEL ont pu en b\u00e9n\u00e9ficier pour un total de 307&nbsp;000\u20ac.<\/p>\n\n\n\n<p>La volont\u00e9 ce jour de signer le contrat de relance est d\u2019une toute autre envergure. Elle fixe les&nbsp;<strong>objectifs de production de logements<\/strong>, pour les communes de la MEL, ouvrant droit au b\u00e9n\u00e9fice d\u2019une<strong>&nbsp;aide \u00e0 la relance pouvant aller jusqu\u2019\u00e0 3,9 millions d\u2019euros sur le territoire<\/strong>, soit&nbsp;<strong>dix fois plus<\/strong>&nbsp;que le dispositif pr\u00e9c\u00e9dent. La m\u00e9tropole lilloise encourage ainsi la dynamique de construction aupr\u00e8s des communes et souhaite ainsi combler la carence de logements. Elle permet \u00e0 une&nbsp;<strong>trentaine de villes en zonage B2<\/strong>, c\u2019est-\u00e0-dire d\u00e9tendue en logements d\u2019en b\u00e9n\u00e9ficier, celles-ci en \u00e9tant priv\u00e9es jusqu\u2019alors.<\/p>\n\n\n\n<p>\u00ab&nbsp;<em>Le dynamisme, le progr\u00e8s et le rayonnement de notre m\u00e9tropole sont des enjeux qui me tiennent particuli\u00e8rement \u00e0 c\u0153ur. Le NPRU, le PLU mais aussi le pr\u00eat \u00e0 0% ou encore la lutte contre les logements vacants t\u00e9moignent de la place pr\u00e9pond\u00e9rante que tient la politique Habitat au sein de notre territoire,<\/em>&nbsp;souligne Damien Castelain, Pr\u00e9sident de la M\u00e9tropole Europ\u00e9enne de Lille<em>. La signature du contrat de relance pour une construction durable ent\u00e9rin\u00e9e ce jour marque ainsi une nouvelle \u00e9tape dans la volont\u00e9 de faire de la MEL une terre prosp\u00e8re, capable d\u2019offrir \u00e0 tous les m\u00e9tropolitains un cadre de vie \u00e0 la hauteur de notre ambition.<\/em>&nbsp;\u00bb<\/p>\n\n\n\n<h5>La MEL, cr\u00e9atrice de lien entre les maires et l\u2019\u00c9tat<\/h5>\n\n\n\n<p>En 2022, le Gouvernement se concentre sur les territoires au march\u00e9 tendu dont la M\u00e9tropole Europ\u00e9enne de Lille fait partie. Par la signature de ce contrat,&nbsp;<strong>l\u2019\u00c9tat vient donc soutenir les communes en leur accordant une aide financi\u00e8re pour la construction de logements<\/strong>. La MEL agit ici comme&nbsp;<strong>facilitatrice&nbsp;<\/strong>dans ce processus en identifiant les projets \u00e9ligibles avec les maires.<\/p>\n\n\n\n<p>Par ce dispositif sont vers\u00e9s&nbsp;<strong>1500\u20ac&nbsp;<\/strong>par l\u2019\u00c9tat \u00e0 la commune pour chaque logement selon les conditions suivantes&nbsp;:<\/p>\n\n\n\n<ul><li>L\u2019autorisation de construction doit avoir \u00e9t\u00e9 rendue entre le 1er septembre 2021 et le 31 ao\u00fbt 2022&nbsp;;<\/li><li>Le permis respecte des crit\u00e8res de densit\u00e9 fix\u00e9s par l\u2019\u00c9tat&nbsp;;<\/li><li>La commune doit atteindre un objectif de construction conforme aux ambitions du PLH, soit 6200 logements par an, comprenant un taux de renouvellement des r\u00e9sidences principales de 1,2%.<\/li><\/ul>\n\n\n\n<p>De plus, \u00e0 cette subvention peut s\u2019ajouter un&nbsp;<strong>bonus de 500\u20ac<\/strong>&nbsp;dans les cas suivants&nbsp;:<\/p>\n\n\n\n<ul><li>La transformation de surface de bureau ou d&rsquo;activit\u00e9 en surface d&rsquo;habitation&nbsp;;<\/li><li>La reconfiguration de biens&nbsp;;<\/li><li>La remise sur le march\u00e9 de logements vacants ou r\u00e9put\u00e9s indignes&nbsp;;<\/li><li>La production de logements sociaux en acquis am\u00e9lior\u00e9.<\/li><\/ul>\n\n\n\n<p>En conformit\u00e9 avec la loi SRU , 88 communes sur les 95 que compte la M\u00e9tropole Europ\u00e9enne de <a href=\"https:\/\/www.veterinaire-st-roch.fr\/\">Lille<\/a> sont \u00e9ligibles \u00e0 cette aide.<\/p>\n","protected":false},"excerpt":{"rendered":"<p>Dans le cadre du plan France Relance, le Gouvernement a mis en place une aide \u00e0 la relance de la construction durable. L\u2019objectif : soutenir la production de logements par un dispositif de contractualisation sur les territoires caract\u00e9ris\u00e9s par une tension du march\u00e9 immobilier. C\u2019est en ce sens que la M\u00e9tropole Europ\u00e9enne de Lille (MEL) [&hellip;]<\/p>\n","protected":false},"author":2,"featured_media":0,"comment_status":"closed","ping_status":"closed","sticky":false,"template":"","format":"standard","meta":[],"categories":[38],"tags":[],"amp_enabled":true,"_links":{"self":[{"href":"https:\/\/www.agglotv.com\/index.php?rest_route=\/wp\/v2\/posts\/61460"}],"collection":[{"href":"https:\/\/www.agglotv.com\/index.php?rest_route=\/wp\/v2\/posts"}],"about":[{"href":"https:\/\/www.agglotv.com\/index.php?rest_route=\/wp\/v2\/types\/post"}],"author":[{"embeddable":true,"href":"https:\/\/www.agglotv.com\/index.php?rest_route=\/wp\/v2\/users\/2"}],"replies":[{"embeddable":true,"href":"https:\/\/www.agglotv.com\/index.php?rest_route=%2Fwp%2Fv2%2Fcomments&post=61460"}],"version-history":[{"count":1,"href":"https:\/\/www.agglotv.com\/index.php?rest_route=\/wp\/v2\/posts\/61460\/revisions"}],"predecessor-version":[{"id":61461,"href":"https:\/\/www.agglotv.com\/index.php?rest_route=\/wp\/v2\/posts\/61460\/revisions\/61461"}],"wp:attachment":[{"href":"https:\/\/www.agglotv.com\/index.php?rest_route=%2Fwp%2Fv2%2Fmedia&parent=61460"}],"wp:term":[{"taxonomy":"category","embeddable":true,"href":"https:\/\/www.agglotv.com\/index.php?rest_route=%2Fwp%2Fv2%2Fcategories&post=61460"},{"taxonomy":"post_tag","embeddable":true,"href":"https:\/\/www.agglotv.com\/index.php?rest_route=%2Fwp%2Fv2%2Ftags&post=61460"}],"curies":[{"name":"wp","href":"https:\/\/api.w.org\/{rel}","templated":true}]}}