{"id":61341,"date":"2022-03-09T08:06:24","date_gmt":"2022-03-09T08:06:24","guid":{"rendered":"https:\/\/www.agglotv.com\/?p=61341"},"modified":"2022-03-09T08:06:26","modified_gmt":"2022-03-09T08:06:26","slug":"lid-buzz-est-en-route-j-1-avant-la-premiere-mondiale","status":"publish","type":"post","link":"https:\/\/www.agglotv.com\/?p=61341","title":{"rendered":"L\u2019ID. Buzz est en route : J-1 avant la Premi\u00e8re Mondiale"},"content":{"rendered":"<p><strong><a href=\"https:\/\/www.agglotv.com\/wp-content\/up\/268863-500x250-1.jpg\"><img loading=\"lazy\" class=\"alignleft size-medium wp-image-61342\" src=\"https:\/\/www.agglotv.com\/wp-content\/up\/268863-500x250-1-300x150.jpg\" alt=\"\" width=\"300\" height=\"150\" srcset=\"https:\/\/www.agglotv.com\/wp-content\/up\/268863-500x250-1-300x150.jpg 300w, https:\/\/www.agglotv.com\/wp-content\/up\/268863-500x250-1.jpg 500w\" sizes=\"(max-width: 300px) 100vw, 300px\" \/><\/a>Le suspense est \u00e0 son comble : mercredi 9 mars \u00e0 19 heures, Volkswagen et Volkswagen V\u00e9hicules Utilitaires pr\u00e9senteront l\u2019ID. Buzz \u00e0 l\u2019occasion d\u2019une premi\u00e8re mondiale digitale. L\u2019ID. Buzz est, \u00e0 ce jour, le membre le plus \u00e9motionnel de la famille ID. 100% \u00e9lectrique, transposant l\u2019ADN du l\u00e9gendaire Volkswagen T1 de 1950 dans le futur avec un design unique, une technologie innovante et une durabilit\u00e9 progressive. Il sera lanc\u00e9 cette ann\u00e9e en version cinq places et en version cargo.<\/strong><\/p>\n\n\n<p>Comme tous les autres mod\u00e8les de la famille ID., ce v\u00e9hicule polyvalent 100% \u00e9lectrique est bas\u00e9 sur la Plateforme Modulaire \u00c9lectrique (MEB). Le centre de gravit\u00e9 bas du bloc-batterie install\u00e9 \u00e0 plat sous le plancher permet de conserver la position d\u2019assise typique du Microbus et offre une grande agilit\u00e9, beaucoup d\u2019espace et de flexibilit\u00e9 ainsi qu\u2019un habitacle spacieux. Outre son design unique, sa motorisation \u00e9lectrique efficace et son aspect durable innovant, l\u2019ID. Buzz suit les principales tendances d\u2019aujourd\u2019hui. Dot\u00e9 des logiciels ID. les plus r\u00e9cents, d\u2019un r\u00e9seau intelligent de syst\u00e8mes d\u2019assistance et d\u2019information et des mises \u00e0 jour \u00ab over-the-air \u00bb, il poss\u00e8de \u00e9galement les bases techniques des futures navettes autonomes qui seront utilis\u00e9es pour des services de mobilit\u00e9 \u00e0 compter de 2025.<\/p>\n\n\n\n<p>L\u2019attente est \u00e0 son comble avant la premi\u00e8re mondiale de l\u2019ID. Buzz qui aura lieu le 9 mars \u00e0 partir de 19 heures\u00a0<a href=\"https:\/\/www.volkswagen-newsroom.com\/en\/live-stream-5455\">en live stream | Espace M\u00e9dia Volkswagen (volkswagen-newsroom.com)<\/a>.<\/p>\n","protected":false},"excerpt":{"rendered":"<p>Le suspense est \u00e0 son comble : mercredi 9 mars \u00e0 19 heures, Volkswagen et Volkswagen V\u00e9hicules Utilitaires pr\u00e9senteront l\u2019ID. Buzz \u00e0 l\u2019occasion d\u2019une premi\u00e8re mondiale digitale. L\u2019ID. Buzz est, \u00e0 ce jour, le membre le plus \u00e9motionnel de la famille ID. 100% \u00e9lectrique, transposant l\u2019ADN du l\u00e9gendaire Volkswagen T1 de 1950 dans le futur [&hellip;]<\/p>\n","protected":false},"author":2,"featured_media":0,"comment_status":"closed","ping_status":"closed","sticky":false,"template":"","format":"standard","meta":[],"categories":[13],"tags":[],"amp_enabled":true,"_links":{"self":[{"href":"https:\/\/www.agglotv.com\/index.php?rest_route=\/wp\/v2\/posts\/61341"}],"collection":[{"href":"https:\/\/www.agglotv.com\/index.php?rest_route=\/wp\/v2\/posts"}],"about":[{"href":"https:\/\/www.agglotv.com\/index.php?rest_route=\/wp\/v2\/types\/post"}],"author":[{"embeddable":true,"href":"https:\/\/www.agglotv.com\/index.php?rest_route=\/wp\/v2\/users\/2"}],"replies":[{"embeddable":true,"href":"https:\/\/www.agglotv.com\/index.php?rest_route=%2Fwp%2Fv2%2Fcomments&post=61341"}],"version-history":[{"count":1,"href":"https:\/\/www.agglotv.com\/index.php?rest_route=\/wp\/v2\/posts\/61341\/revisions"}],"predecessor-version":[{"id":61343,"href":"https:\/\/www.agglotv.com\/index.php?rest_route=\/wp\/v2\/posts\/61341\/revisions\/61343"}],"wp:attachment":[{"href":"https:\/\/www.agglotv.com\/index.php?rest_route=%2Fwp%2Fv2%2Fmedia&parent=61341"}],"wp:term":[{"taxonomy":"category","embeddable":true,"href":"https:\/\/www.agglotv.com\/index.php?rest_route=%2Fwp%2Fv2%2Fcategories&post=61341"},{"taxonomy":"post_tag","embeddable":true,"href":"https:\/\/www.agglotv.com\/index.php?rest_route=%2Fwp%2Fv2%2Ftags&post=61341"}],"curies":[{"name":"wp","href":"https:\/\/api.w.org\/{rel}","templated":true}]}}