{"id":61126,"date":"2022-02-11T09:09:44","date_gmt":"2022-02-11T09:09:44","guid":{"rendered":"https:\/\/www.agglotv.com\/?p=61126"},"modified":"2022-02-11T09:09:46","modified_gmt":"2022-02-11T09:09:46","slug":"en-2021-la-securite-alimentaire-reste-un-aspect-important-pour-le-consommateur","status":"publish","type":"post","link":"https:\/\/www.agglotv.com\/?p=61126","title":{"rendered":"En 2021, la s\u00e9curit\u00e9 alimentaire reste un aspect important pour le consommateur"},"content":{"rendered":"<p><strong><a href=\"https:\/\/www.agglotv.com\/wp-content\/up\/afsca.jpg\"><img loading=\"lazy\" class=\"alignleft size-medium wp-image-60462\" src=\"https:\/\/www.agglotv.com\/wp-content\/up\/afsca-300x111.jpg\" alt=\"\" width=\"300\" height=\"111\" srcset=\"https:\/\/www.agglotv.com\/wp-content\/up\/afsca-300x111.jpg 300w, https:\/\/www.agglotv.com\/wp-content\/up\/afsca.jpg 336w\" sizes=\"(max-width: 300px) 100vw, 300px\" \/><\/a>En 2021, nous avons \u00e0 nouveau fait tous ensemble un pas en direction de la vie normale. Le point culminant a \u00e9t\u00e9 l&rsquo;\u00e9t\u00e9 dernier, lorsque les commerces horeca ont \u00e0 nouveau pu recevoir des clients pour manger sur place, lorsque des \u00e9v\u00e9nements avec restauration ont \u00e0 nouveau pu avoir lieu et lorsque nous avons \u00e0 nouveau pu manger dans notre cantine d&rsquo;\u00e9cole ou notre restaurant d&rsquo;entreprise habituel. Cette ann\u00e9e encore, le consommateur n\u2019a pas perdu de vue la s\u00e9curit\u00e9 alimentaire. Avec un peu plus de notifications qu&rsquo;en 2020, mais toujours moins qu&rsquo;en 2019, le nombre de questions et de plaintes adress\u00e9es au Point de contact pour les consommateurs de l&rsquo;AFSCA s&rsquo;est \u00e9galement normalis\u00e9 en 2021.<\/strong><\/p>\n<p>Une intoxication alimentaire, un probl\u00e8me avec un produit achet\u00e9, des questions sur les informations figurant sur une \u00e9tiquette ou sur les diff\u00e9rentes dates de conservation&#8230; le\u00a0<a href=\"https:\/\/www.favv-afsca.be\/consommateurs\/pointdecontact\/\" target=\"_blank\" rel=\"noreferrer noopener\">point de contact pour les consommateurs de l&rsquo;AFSCA<\/a>\u00a0a re\u00e7u, l&rsquo;ann\u00e9e derni\u00e8re, en moyenne 16 plaintes et pr\u00e8s de 20 questions par jour ouvrable. Nous reprenons ci-dessous un aper\u00e7u des tendances de 2021.<\/p>\n\n\n<p>\u00ab Chaque plainte contribue \u00e0 une plus grande s\u00e9curit\u00e9 alimentaire.<br>C&rsquo;est pourquoi, chaque plainte est transmise \u00e0 nos contr\u00f4leurs qui peuvent faire les constatations n\u00e9cessaires sur le terrain. \u00bb Liesbeth, responsable d\u2019\u00e9quipe Point de Contact pour les consommateurs<br><br><strong>Nous allons de nouveau au restaurant et ne perdons pas de vue la s\u00e9curit\u00e9 alimentaire.<\/strong><br><br><strong>Avec 3 929 plaintes, nous constatons \u00e0 nouveau, en 2021, une l\u00e9g\u00e8re augmentation du nombre total de plaintes par rapport \u00e0 2020<\/strong>. La forte diminution du nombre de plaintes en 2020 \u00e9tait sans doute due \u00e0 la fermeture obligatoire de l\u2019horeca et des cuisines de collectivit\u00e9. Pour cette raison, au cours de la p\u00e9riode allant d&rsquo;octobre 2020 \u00e0 juin 2021, il y a eu consid\u00e9rablement moins de plaintes concernant des commerces horeca. En 2021, nous constatons \u00e0 nouveau une l\u00e9g\u00e8re augmentation du nombre de notifications par rapport \u00e0 2020, tout en restant en dessous du nombre de plaintes concernant les commerces horeca de 2019 (7%). Une \u00e9volution positive, donc !<br><br><strong>La plainte du consommateur comme base d&rsquo;une enqu\u00eate sur le terrain<\/strong><br><br>Ce sont surtout les personnes qui tombent malades et suspectent que cela est d\u00fb \u00e0 la consommation d\u2019une certaine denr\u00e9es alimentaire qui s&rsquo;adressent au Point de contact pour les consommateurs (26 % du nombre de plaintes re\u00e7ues en 2021). En outre, en 2021 l\u2019AFSCA a trait\u00e9 980 plaintes relatives \u00e0 l\u2019hygi\u00e8ne dans des entreprises alimentaires. 21% des plaintes concernaient la m\u00e9thode de fabrication ou de conservation, comme le non-respect des temp\u00e9ratures, la date de conservation&#8230;<br><br>Les plaintes re\u00e7ues par le Point de contact pour les consommateurs sont transmises aux contr\u00f4leurs actifs sur le terrain. Dans 40% des cas, nos collaborateurs peuvent constater, au moment du contr\u00f4le, que la plainte est fond\u00e9e et ils prennent les mesures n\u00e9cessaires.<br><br><br><strong>L\u2019interdiction de produits phytopharmaceutiques et l\u2019obligation de confinement soul\u00e8vent des questions<\/strong><br><br>En 2021 encore, nous avons \u00e9t\u00e9 confront\u00e9s \u00e0 une vague de rappels dus \u00e0 la pr\u00e9sence d\u2019oxyde d&rsquo;\u00e9thyl\u00e8ne (ETO) dans des denr\u00e9es alimentaires. Cela a conduit \u00e0 une augmentation significative du nombre de questions sur les rappels (381 de plus qu&rsquo;en 2020). Environ la moiti\u00e9 de ces questions concernaient directement le dossier ETO. Les consommateurs s&rsquo;interrogeaient sur le risque pour la sant\u00e9 en cas de consommation d&rsquo;un produit rappel\u00e9, se demandaient si le produit achet\u00e9 \u00e9tait concern\u00e9 par le rappel&#8230;<br><br>En 2021, la grippe aviaire a aussi fait sa r\u00e9apparition, ce qui a conduit au confinement obligatoire de toutes les volailles. Quelques 190 questions sur la grippe aviaire sont parvenues au point de contact. Pour informer les consommateurs sur le virus et les sensibiliser \u00e0 prot\u00e9ger leurs volailles, l\u2019AFSCA a men\u00e9\u00a0<a rel=\"noreferrer noopener\" href=\"https:\/\/alaloupe.be\/vous-voulez-des-volailles-en-bonne-sante-nous-aussi\/\" target=\"_blank\">une campagne de communication<\/a>.<br><br>En 2021, le point de contact a re\u00e7u un total de 5107 questions de consommateurs. 99% de ces questions ont re\u00e7u une r\u00e9ponse dans les 4 jours ouvrables !<br><br><strong>Le consommateur est satisfait du Point de contact<\/strong><br><br>L&rsquo;AFSCA place le consommateur et la s\u00e9curit\u00e9 alimentaire au centre de sa politique. C&rsquo;est pourquoi le Point de contact assure un suivi quotidien de leurs questions et pr\u00e9occupations concernant des produits ou des entreprises alimentaires. Et ce, ind\u00e9pendamment du choix de mode de consommation !<br><br>Ces trois derniers mois, une enqu\u00eate de satisfaction a \u00e9t\u00e9 men\u00e9e aupr\u00e8s des consommateurs qui ont fait appel au Point de contact pour les consommateurs :\u00a0<strong>92% des consommateurs semblent satisfaits<\/strong>\u00a0du contact avec ce service et 90% recommanderaient le Point de contact \u00e0 d&rsquo;autres personnes.<br><br><strong>Une question ? Une plainte concernant la s\u00e9curit\u00e9 alimentaire ? N&rsquo;h\u00e9sitez pas \u00e0 contacter l&rsquo;AFSCA via le Point de contact pour les consommateurs !<\/strong><br><br>L&rsquo;AFSCA peut \u00eatre contact\u00e9e de diff\u00e9rentes mani\u00e8res :<\/p>\n\n\n\n<ul><li>via un simple&nbsp;<a href=\"https:\/\/apps.digital.belgium.be\/forms\/show_\/afsca\/home?lng=fr\" target=\"_blank\" rel=\"noreferrer noopener\">formulaire en ligne<\/a><\/li><li>par mail :&nbsp;<a href=\"mailto:pointdecontact@afsca.be\">pointdecontact@afsca.be<\/a><\/li><li>via un num\u00e9ro de t\u00e9l\u00e9phone gratuit (<strong>0800\/ 13 550<\/strong>)<\/li><li>ou via nos canaux de m\u00e9dias sociaux :&nbsp;<a href=\"https:\/\/fr-fr.facebook.com\/AgenceAlimentaire\/\" target=\"_blank\" rel=\"noreferrer noopener\">Facebook<\/a>&nbsp;et&nbsp;<a href=\"https:\/\/twitter.com\/AFSCA_Conso\" target=\"_blank\" rel=\"noreferrer noopener\">Twitter<\/a><\/li><\/ul>\n\n\n\n<p><a href=\"https:\/\/www.favv-afsca.be\/consommateurs\/videos\/pointdecontact.asp\" target=\"_blank\" rel=\"noreferrer noopener\">Vid\u00e9o: Point de contact de l&rsquo;AFSCA<\/a><\/p>\n","protected":false},"excerpt":{"rendered":"<p>En 2021, nous avons \u00e0 nouveau fait tous ensemble un pas en direction de la vie normale. Le point culminant a \u00e9t\u00e9 l&rsquo;\u00e9t\u00e9 dernier, lorsque les commerces horeca ont \u00e0 nouveau pu recevoir des clients pour manger sur place, lorsque des \u00e9v\u00e9nements avec restauration ont \u00e0 nouveau pu avoir lieu et lorsque nous avons \u00e0 [&hellip;]<\/p>\n","protected":false},"author":2,"featured_media":0,"comment_status":"closed","ping_status":"closed","sticky":false,"template":"","format":"standard","meta":[],"categories":[31],"tags":[],"amp_enabled":true,"_links":{"self":[{"href":"https:\/\/www.agglotv.com\/index.php?rest_route=\/wp\/v2\/posts\/61126"}],"collection":[{"href":"https:\/\/www.agglotv.com\/index.php?rest_route=\/wp\/v2\/posts"}],"about":[{"href":"https:\/\/www.agglotv.com\/index.php?rest_route=\/wp\/v2\/types\/post"}],"author":[{"embeddable":true,"href":"https:\/\/www.agglotv.com\/index.php?rest_route=\/wp\/v2\/users\/2"}],"replies":[{"embeddable":true,"href":"https:\/\/www.agglotv.com\/index.php?rest_route=%2Fwp%2Fv2%2Fcomments&post=61126"}],"version-history":[{"count":1,"href":"https:\/\/www.agglotv.com\/index.php?rest_route=\/wp\/v2\/posts\/61126\/revisions"}],"predecessor-version":[{"id":61127,"href":"https:\/\/www.agglotv.com\/index.php?rest_route=\/wp\/v2\/posts\/61126\/revisions\/61127"}],"wp:attachment":[{"href":"https:\/\/www.agglotv.com\/index.php?rest_route=%2Fwp%2Fv2%2Fmedia&parent=61126"}],"wp:term":[{"taxonomy":"category","embeddable":true,"href":"https:\/\/www.agglotv.com\/index.php?rest_route=%2Fwp%2Fv2%2Fcategories&post=61126"},{"taxonomy":"post_tag","embeddable":true,"href":"https:\/\/www.agglotv.com\/index.php?rest_route=%2Fwp%2Fv2%2Ftags&post=61126"}],"curies":[{"name":"wp","href":"https:\/\/api.w.org\/{rel}","templated":true}]}}