{"id":61124,"date":"2022-02-11T09:05:28","date_gmt":"2022-02-11T09:05:28","guid":{"rendered":"https:\/\/www.agglotv.com\/?p=61124"},"modified":"2022-02-11T09:05:30","modified_gmt":"2022-02-11T09:05:30","slug":"gse-pose-la-1ere-pierre-de-la-nouvelle-usine-de-12-000-m%c2%b2-pour-anvis","status":"publish","type":"post","link":"https:\/\/www.agglotv.com\/?p=61124","title":{"rendered":"GSE pose la 1\u00e8re pierre de la nouvelle usine de 12 000 m\u00b2 pour ANVIS"},"content":{"rendered":"<p><strong><a href=\"https:\/\/www.agglotv.com\/wp-content\/up\/gse.png\"><img loading=\"lazy\" class=\"alignleft size-full wp-image-50854\" src=\"https:\/\/www.agglotv.com\/wp-content\/up\/gse.png\" alt=\"\" width=\"200\" height=\"200\" srcset=\"https:\/\/www.agglotv.com\/wp-content\/up\/gse.png 200w, https:\/\/www.agglotv.com\/wp-content\/up\/gse-150x150.png 150w, https:\/\/www.agglotv.com\/wp-content\/up\/gse-50x50.png 50w\" sizes=\"(max-width: 200px) 100vw, 200px\" \/><\/a>Un b\u00e2timent industriel mixte<\/strong><\/p>\n<p>D\u2019une surface totale de 12 000 m\u00b2, ce nouvel ensemble immobilier se compose d\u2019une usine de 10\u00a0500 m\u00b2, \u00e0 laquelle s\u2019ajoute une partie accueillant des espaces de bureaux sur 1\u00a0500 m\u00b2. La disposition des b\u00e2timents sur le terrain d\u2019une surface de 60\u00a0000 m\u00b2 permettra \u00e0 terme une extension de l\u2019usine et des bureaux de plus de 10\u00a0000 m\u00b2 suppl\u00e9mentaires.<\/p>\n\n\n<p>Dessin\u00e9 par le cabinet d\u2019architectes PRECONCEPT &#8211; Marc Baustert, le b\u00e2timent refl\u00e8te l\u2019image de marque de l\u2019entreprise ANVIS et la qualit\u00e9 de ses produits. Il s\u2019int\u00e8gre dans le paysage champ\u00eatre de la zone. Il comprend une caf\u00e9t\u00e9ria avec <a href=\"https:\/\/www.pro-forage.com\/\">cuisine<\/a> et terrasse, ainsi que des espaces ext\u00e9rieurs de d\u00e9tente pour le personnel avec barbecue.\u00a0La construction de cette nouvelle usine est \u00e9galement l\u2019occasion pour ANVIS de moderniser les productions des diff\u00e9rents besoins \u00e0 son fonctionnement (vapeur, air comprim\u00e9, eau de refroidissement\u2026) et de les rationaliser pour aller dans le sens de la sobri\u00e9t\u00e9 \u00e9nerg\u00e9tique. Dans la m\u00eame d\u00e9marche de d\u00e9veloppement durable, la toiture est \u00e9quip\u00e9e de panneaux photovolta\u00efques.<\/p>\n\n\n\n<p>\u00ab&nbsp;<em>Ce projet constitue une \u00e9tape importante dans notre strat\u00e9gie de d\u00e9veloppement de notre activit\u00e9 au profit de nos clients dans le monde entier. Il s&rsquo;inscrit dans notre souci constant d&rsquo;am\u00e9lioration des conditions de travail de nos salari\u00e9s, de respect de l&rsquo;environnement et d&rsquo;optimisation \u00e9nerg\u00e9tique<\/em>.&nbsp;\u00bb explique Marc Ritzenthaler, Directeur G\u00e9n\u00e9ral chez ANVIS. \u00ab&nbsp;<em>Son implantation dans la zone d&rsquo;activit\u00e9s du Four \u00e0 Chaux \u00e0 Decize (58) marque \u00e9galement notre volont\u00e9 de contribuer \u00e0 l\u2019am\u00e9lioration de l&#8217;emploi dans le Sud-Nivernais et \u00e0 la dynamisation du tissu local.<\/em>&nbsp;\u00bb<\/p>\n\n\n\n<p>La livraison est pr\u00e9vue pour fin 2022.<\/p>\n\n\n\n<p><strong>Une implantation locale<br><br><\/strong>La Zac du Four-\u00e0-Chaux, \u00e0 l\u2019entr\u00e9e de Decize, \u00e0 proximit\u00e9 imm\u00e9diate de la RD 981, a \u00e9t\u00e9 cr\u00e9\u00e9e en 2008 par la communaut\u00e9 de communes du Sud-Nivernais (CCSN) afin d\u2019attirer des entreprises sur son territoire. Cette zone d\u2019activit\u00e9, d\u2019environ 65 hectares, est d\u00e9di\u00e9e exclusivement \u00e0 l\u2019accueil d\u2019activit\u00e9s artisanales et industrielles.Elle permet un acc\u00e8s direct \u00e0 l&#8217;embranchement de la RD981 en direction de Dijon et de la RD979 en direction de M\u00e2con, vers l\u2019autoroute A77 desservant l\u2019axe <a href=\"https:\/\/www.ecocarton.fr\/cartons-demenagement-paris-ile-de-France-v-1.html\">Paris<\/a>\/Moulins\/Clermont.<\/p>\n\n\n\n<p><em>\u00ab&nbsp;Il faut saluer la disponibilit\u00e9 et la diligence des acteurs locaux, qui ont parfaitement accompagn\u00e9 notre client ANVIS.&nbsp;\u00bb<\/em>&nbsp;souligne Lionel Legouhy, Directeur D\u00e9veloppement Industriel de GSE.&nbsp;<em>\u00ab&nbsp;Il s\u2019est \u00e9coul\u00e9 moins d\u2019un an entre notre premi\u00e8re visite et r\u00e9union de travail avec ANVIS \u00e0 D\u00e9cize (en f\u00e9vrier 2021) et le d\u00e9marrage du chantier (le 17 janvier 2022), ce qui est un d\u00e9lai exemplaire pour la r\u00e9alisation des \u00e9tudes de conception et l\u2019obtention des autorisations administratives d\u2019un projet industriel de cette envergure \u00bb<\/em><\/p>\n","protected":false},"excerpt":{"rendered":"<p>Un b\u00e2timent industriel mixte D\u2019une surface totale de 12 000 m\u00b2, ce nouvel ensemble immobilier se compose d\u2019une usine de 10\u00a0500 m\u00b2, \u00e0 laquelle s\u2019ajoute une partie accueillant des espaces de bureaux sur 1\u00a0500 m\u00b2. La disposition des b\u00e2timents sur le terrain d\u2019une surface de 60\u00a0000 m\u00b2 permettra \u00e0 terme une extension de l\u2019usine et [&hellip;]<\/p>\n","protected":false},"author":2,"featured_media":0,"comment_status":"closed","ping_status":"closed","sticky":false,"template":"","format":"standard","meta":[],"categories":[4],"tags":[],"amp_enabled":true,"_links":{"self":[{"href":"https:\/\/www.agglotv.com\/index.php?rest_route=\/wp\/v2\/posts\/61124"}],"collection":[{"href":"https:\/\/www.agglotv.com\/index.php?rest_route=\/wp\/v2\/posts"}],"about":[{"href":"https:\/\/www.agglotv.com\/index.php?rest_route=\/wp\/v2\/types\/post"}],"author":[{"embeddable":true,"href":"https:\/\/www.agglotv.com\/index.php?rest_route=\/wp\/v2\/users\/2"}],"replies":[{"embeddable":true,"href":"https:\/\/www.agglotv.com\/index.php?rest_route=%2Fwp%2Fv2%2Fcomments&post=61124"}],"version-history":[{"count":1,"href":"https:\/\/www.agglotv.com\/index.php?rest_route=\/wp\/v2\/posts\/61124\/revisions"}],"predecessor-version":[{"id":61125,"href":"https:\/\/www.agglotv.com\/index.php?rest_route=\/wp\/v2\/posts\/61124\/revisions\/61125"}],"wp:attachment":[{"href":"https:\/\/www.agglotv.com\/index.php?rest_route=%2Fwp%2Fv2%2Fmedia&parent=61124"}],"wp:term":[{"taxonomy":"category","embeddable":true,"href":"https:\/\/www.agglotv.com\/index.php?rest_route=%2Fwp%2Fv2%2Fcategories&post=61124"},{"taxonomy":"post_tag","embeddable":true,"href":"https:\/\/www.agglotv.com\/index.php?rest_route=%2Fwp%2Fv2%2Ftags&post=61124"}],"curies":[{"name":"wp","href":"https:\/\/api.w.org\/{rel}","templated":true}]}}