{"id":60779,"date":"2022-01-06T10:03:39","date_gmt":"2022-01-06T10:03:39","guid":{"rendered":"https:\/\/www.agglotv.com\/?p=60779"},"modified":"2022-01-06T10:03:42","modified_gmt":"2022-01-06T10:03:42","slug":"ferme-usine-descoubes-le-tribunal-administratif-de-pau-ordonne-a-lexploitant-de-revoir-sa-copie-une-decision-decevante","status":"publish","type":"post","link":"https:\/\/www.agglotv.com\/?p=60779","title":{"rendered":"Ferme-usine d\u2019Escoub\u00e8s : Le tribunal administratif de Pau ordonne \u00e0 l\u2019exploitant de revoir sa copie, une d\u00e9cision d\u00e9cevante"},"content":{"rendered":"<p><a href=\"https:\/\/www.agglotv.com\/wp-content\/up\/Greenpeace-logo.png\"><img loading=\"lazy\" class=\"alignleft size-medium wp-image-41460\" src=\"https:\/\/www.agglotv.com\/wp-content\/up\/Greenpeace-logo-300x119.png\" alt=\"\" width=\"300\" height=\"119\" srcset=\"https:\/\/www.agglotv.com\/wp-content\/up\/Greenpeace-logo-300x119.png 300w, https:\/\/www.agglotv.com\/wp-content\/up\/Greenpeace-logo.png 890w\" sizes=\"(max-width: 300px) 100vw, 300px\" \/><\/a>Par un jugement du tribunal administratif de Pau avant-dire droit en date du 30 d\u00e9cembre 2021, l\u2019\u00e9leveur porcin SARL La Rib\u00e8re\u00a0\u2013\u00a0qui pr\u00e9voit une augmentation de sa production annuelle \u00e0 17 000 porcs\u00a0\u2013\u00a0a \u00e9t\u00e9 enjoint de r\u00e9gulariser en partie son \u00e9tude d\u2019impact. Greenpeace France, qui demandait l\u2019annulation de l\u2019autorisation du projet d\u2019extension de l\u2019usine, d\u00e9plore une d\u00e9cision d\u00e9cevante qui nuit \u00e0 l\u2019environnement et \u00e0 la sant\u00e9 des agriculteurs, de leurs familles et des riverains, en plus de concurrencer les fermes \u00e0 taille humaine d\u00e9j\u00e0 install\u00e9es et de compromettre la survie des petits paysans et paysannes.<\/p>\n\n\n<p>En 2020, Greenpeace France d\u00e9non\u00e7ait&nbsp;<a href=\"https:\/\/cdn.greenpeace.fr\/site\/uploads\/2020\/06\/Rapport-industrialisation-de-l%C3%A9levage-en-France.pdf\">l\u2019industrialisation \u00e0 outrance des exploitations agricoles&nbsp;<\/a>qui menacent l\u2019\u00e9quilibre \u00e9cologique. La ferme-usine d\u2019Escoub\u00e8s en constitue une illustration et&nbsp;<a href=\"https:\/\/www.greenpeace.fr\/espace-presse\/mobilisation-contre-projet-de-ferme-usine-descoubes\/\">plus de 300 personnes avaient manifest\u00e9 contre ce projet industriel<\/a>.&nbsp;<\/p>\n\n\n\n<p>Pr\u00e8s d\u2019une trentaine de riverains et des associations environnementales et de protection du bien-\u00eatre animal (Bien vivre dans les Coteaux du B\u00e9arn, la Sepanso 64 et Animal Cross), repr\u00e9sent\u00e9s par les avocats Fran\u00e7ois Lafforgue et Hermine Baron, avaient alors saisi le tribunal administratif de Pau afin de demander l\u2019annulation de l\u2019autorisation du projet d\u2019extension de l\u2019usine. Les requ\u00e9rant\u00b7es d\u00e9non\u00e7aient l\u2019insuffisance de l\u2019\u00e9valuation des risques sanitaires et environnementaux.&nbsp;<\/p>\n\n\n\n<p>Dans sa d\u00e9cision du 30 d\u00e9cembre, le tribunal administratif de Pau a refus\u00e9 de faire droit \u00e0 la demande d\u2019annulation et a seulement exig\u00e9 de l\u2019industriel qu\u2019il revoie quelques points de l\u2019\u00e9tude d\u2019impact. Le tribunal a consid\u00e9r\u00e9 que l\u2019absence d\u2019\u00e9valuation des impacts cumul\u00e9s des nombreux autres sites industriels d\u2019\u00e9levage \u00e0 proximit\u00e9 du site litigieux \u00e9tait de nature \u00e0 nuire \u00e0 l\u2019information du public. L\u2019exploitant devra \u00e9galement revoir sa copie en ce qui concerne ses capacit\u00e9s financi\u00e8res.<\/p>\n\n\n\n<p>Les ill\u00e9galit\u00e9s soulev\u00e9es par les requ\u00e9rant\u00b7es sur l\u2019impact sanitaire ou le bien-\u00eatre animal n\u2019ont pas \u00e9t\u00e9 retenues.<\/p>\n\n\n\n<p><em>\u201cCette d\u00e9cision incompr\u00e9hensible n\u2019est pas \u00e0 la hauteur des enjeux environnementaux ! Les tribunaux se contentent de demander aux industriels de r\u00e9gulariser alors que le droit \u00e0 la participation du public et \u00e0 un environnement sain sont des droits fondamentaux qui devraient inciter les juges \u00e0 annuler de tels projets industriels\u201d<\/em>, a r\u00e9agi Laura Monnier, juriste \u00e0 Greenpeace France.&nbsp;<\/p>\n","protected":false},"excerpt":{"rendered":"<p>Par un jugement du tribunal administratif de Pau avant-dire droit en date du 30 d\u00e9cembre 2021, l\u2019\u00e9leveur porcin SARL La Rib\u00e8re\u00a0\u2013\u00a0qui pr\u00e9voit une augmentation de sa production annuelle \u00e0 17 000 porcs\u00a0\u2013\u00a0a \u00e9t\u00e9 enjoint de r\u00e9gulariser en partie son \u00e9tude d\u2019impact. Greenpeace France, qui demandait l\u2019annulation de l\u2019autorisation du projet d\u2019extension de l\u2019usine, d\u00e9plore une [&hellip;]<\/p>\n","protected":false},"author":2,"featured_media":0,"comment_status":"closed","ping_status":"closed","sticky":false,"template":"","format":"standard","meta":[],"categories":[37],"tags":[],"amp_enabled":true,"_links":{"self":[{"href":"https:\/\/www.agglotv.com\/index.php?rest_route=\/wp\/v2\/posts\/60779"}],"collection":[{"href":"https:\/\/www.agglotv.com\/index.php?rest_route=\/wp\/v2\/posts"}],"about":[{"href":"https:\/\/www.agglotv.com\/index.php?rest_route=\/wp\/v2\/types\/post"}],"author":[{"embeddable":true,"href":"https:\/\/www.agglotv.com\/index.php?rest_route=\/wp\/v2\/users\/2"}],"replies":[{"embeddable":true,"href":"https:\/\/www.agglotv.com\/index.php?rest_route=%2Fwp%2Fv2%2Fcomments&post=60779"}],"version-history":[{"count":1,"href":"https:\/\/www.agglotv.com\/index.php?rest_route=\/wp\/v2\/posts\/60779\/revisions"}],"predecessor-version":[{"id":60780,"href":"https:\/\/www.agglotv.com\/index.php?rest_route=\/wp\/v2\/posts\/60779\/revisions\/60780"}],"wp:attachment":[{"href":"https:\/\/www.agglotv.com\/index.php?rest_route=%2Fwp%2Fv2%2Fmedia&parent=60779"}],"wp:term":[{"taxonomy":"category","embeddable":true,"href":"https:\/\/www.agglotv.com\/index.php?rest_route=%2Fwp%2Fv2%2Fcategories&post=60779"},{"taxonomy":"post_tag","embeddable":true,"href":"https:\/\/www.agglotv.com\/index.php?rest_route=%2Fwp%2Fv2%2Ftags&post=60779"}],"curies":[{"name":"wp","href":"https:\/\/api.w.org\/{rel}","templated":true}]}}