{"id":60750,"date":"2022-01-01T00:14:00","date_gmt":"2022-01-01T00:14:00","guid":{"rendered":"https:\/\/www.agglotv.com\/?p=60750"},"modified":"2021-12-30T12:16:26","modified_gmt":"2021-12-30T12:16:26","slug":"la-masse-salariale-du-secteur-prive-soumise-a-cotisations-sociales-enregistre-une-baisse-historique-en-2020","status":"publish","type":"post","link":"https:\/\/www.agglotv.com\/?p=60750","title":{"rendered":"La masse salariale du secteur priv\u00e9 soumise \u00e0 cotisations sociales enregistre une baisse historique en 2020"},"content":{"rendered":"<p><strong><a href=\"https:\/\/www.agglotv.com\/wp-content\/up\/urssaf.jpeg\"><img loading=\"lazy\" class=\"alignleft size-full wp-image-58408\" src=\"https:\/\/www.agglotv.com\/wp-content\/up\/urssaf.jpeg\" alt=\"\" width=\"225\" height=\"225\" srcset=\"https:\/\/www.agglotv.com\/wp-content\/up\/urssaf.jpeg 225w, https:\/\/www.agglotv.com\/wp-content\/up\/urssaf-150x150.jpeg 150w\" sizes=\"(max-width: 225px) 100vw, 225px\" \/><\/a>En 2020, la masse salariale (soumise \u00e0 cotisations sociales) du secteur priv\u00e9 en France \u2013 M\u00e9tropole et Drom \u2013 s\u2019\u00e9tablit \u00e0 562 milliards d\u2019euros. Sur un an, elle enregistre un recul historique de 5,7 % (apr\u00e8s + 3,1 % en 2019)<\/strong>, sous l\u2019effet des crises sanitaire et \u00e9conomique induites par l\u2019\u00e9pid\u00e9mie de Covid-19. Cette baisse ne refl\u00e8te toutefois pas l\u2019\u00e9volution des r\u00e9mun\u00e9rations des salari\u00e9s. En particulier,\u00a0<strong>la prise en compte des indemnit\u00e9s de ch\u00f4mage partiel (activit\u00e9 partielle), non soumises \u00e0 cotisations sociales, ram\u00e8ne la contraction de la masse salariale \u00e0 &#8211; 1,6 %<\/strong>. En outre, l\u2019inclusion de la prime exceptionnelle de pouvoir d\u2019achat instaur\u00e9e fin 2018 et de la prime Covid cr\u00e9\u00e9e dans le cadre de la crise (encadr\u00e9 2), \u00e9galement non assujetties aux cotisations sociales, att\u00e9nue tr\u00e8s l\u00e9g\u00e8rement la baisse de la masse salariale (- 5,5 %).<\/p>\n\n\n<p>Le recul de de la masse salariale en 2020 r\u00e9sulte des baisses conjointes du salaire moyen par t\u00eate (SMPT) et des effectifs salari\u00e9s.&nbsp;<strong>Le salaire moyen par t\u00eate se replie de 4,3 % (- 4,0 % avec les primes exceptionnelles de pouvoir d\u2019achat et Covid) en 2020<\/strong>, apr\u00e8s + 2,0 % en 2019, tandis que les prix \u00e0 la consommation augmentent de 0,2 %. Cette baisse r\u00e9sulte du recours massif au dispositif de ch\u00f4mage partiel, dont les indemnit\u00e9s repr\u00e9sentent 4,3 % de la masse salariale \u00e9largie de ces \u00e9l\u00e9ments de r\u00e9mun\u00e9ration.&nbsp;<strong>Le SMPT est ainsi quasiment stable (- 0,1 %) apr\u00e8s la prise en compte des indemnit\u00e9s de ch\u00f4mage partiel.&nbsp;<\/strong>&nbsp;<\/p>\n\n\n\n<p><strong>En 2020, le secteur priv\u00e9 compte 18,24 millions de salari\u00e9s en moyenne annuelle, soit 275 800 postes de moins qu\u2019en 2019&nbsp;<\/strong>(- 1,5 %, apr\u00e8s + 1,6 % l\u2019ann\u00e9e pr\u00e9c\u00e9dente)<strong>.<\/strong><\/p>\n\n\n\n<p><strong>Plus de la moiti\u00e9 de la diminution des effectifs salari\u00e9s concerne l\u2019int\u00e9rim : les effectifs int\u00e9rimaires se contractent de 18,7 % (- 148 400 postes) en 2020<\/strong>, apr\u00e8s &#8211; 1,2 % en 2019.<\/p>\n\n\n\n<p><strong>Dans l\u2019industrie, les effectifs salari\u00e9s diminuent de 1,1 % (- 32 400 postes) en 2020,<\/strong>&nbsp;apr\u00e8s deux ann\u00e9es cons\u00e9cutives de hausse (+ 0,7 % en 2019).<\/p>\n\n\n\n<p><strong>Les effectifs salari\u00e9s de la construction continuent quant \u00e0 eux de progresser en 2020 : + 2,1 % (+ 30 000 postes)<\/strong>, apr\u00e8s + 3,2 % en 2019.<\/p>\n\n\n\n<p><strong>Pour la premi\u00e8re fois depuis dix ans, le tertiaire hors int\u00e9rim est orient\u00e9 \u00e0 la baisse : ses effectifs diminuent de 0,9 % (- 125 000 postes)<\/strong>, apr\u00e8s + 1,8 % l\u2019ann\u00e9e pr\u00e9c\u00e9dente. Les arts et spectacles et activit\u00e9s r\u00e9cr\u00e9atives ainsi que l\u2019h\u00e9bergement-restauration sont les secteurs les plus concern\u00e9s par les destructions de postes, du fait de leur forte exposition aux mesures de restrictions sanitaires. A l\u2019inverse, certains secteurs r\u00e9sistent \u00e0 la crise, en poursuivant leur croissance, comme les activit\u00e9s informatiques et les activit\u00e9s juridiques, de conseil et d\u2019ing\u00e9nierie.<\/p>\n","protected":false},"excerpt":{"rendered":"<p>En 2020, la masse salariale (soumise \u00e0 cotisations sociales) du secteur priv\u00e9 en France \u2013 M\u00e9tropole et Drom \u2013 s\u2019\u00e9tablit \u00e0 562 milliards d\u2019euros. Sur un an, elle enregistre un recul historique de 5,7 % (apr\u00e8s + 3,1 % en 2019), sous l\u2019effet des crises sanitaire et \u00e9conomique induites par l\u2019\u00e9pid\u00e9mie de Covid-19. Cette baisse [&hellip;]<\/p>\n","protected":false},"author":2,"featured_media":0,"comment_status":"closed","ping_status":"closed","sticky":false,"template":"","format":"standard","meta":[],"categories":[21],"tags":[],"amp_enabled":true,"_links":{"self":[{"href":"https:\/\/www.agglotv.com\/index.php?rest_route=\/wp\/v2\/posts\/60750"}],"collection":[{"href":"https:\/\/www.agglotv.com\/index.php?rest_route=\/wp\/v2\/posts"}],"about":[{"href":"https:\/\/www.agglotv.com\/index.php?rest_route=\/wp\/v2\/types\/post"}],"author":[{"embeddable":true,"href":"https:\/\/www.agglotv.com\/index.php?rest_route=\/wp\/v2\/users\/2"}],"replies":[{"embeddable":true,"href":"https:\/\/www.agglotv.com\/index.php?rest_route=%2Fwp%2Fv2%2Fcomments&post=60750"}],"version-history":[{"count":1,"href":"https:\/\/www.agglotv.com\/index.php?rest_route=\/wp\/v2\/posts\/60750\/revisions"}],"predecessor-version":[{"id":60751,"href":"https:\/\/www.agglotv.com\/index.php?rest_route=\/wp\/v2\/posts\/60750\/revisions\/60751"}],"wp:attachment":[{"href":"https:\/\/www.agglotv.com\/index.php?rest_route=%2Fwp%2Fv2%2Fmedia&parent=60750"}],"wp:term":[{"taxonomy":"category","embeddable":true,"href":"https:\/\/www.agglotv.com\/index.php?rest_route=%2Fwp%2Fv2%2Fcategories&post=60750"},{"taxonomy":"post_tag","embeddable":true,"href":"https:\/\/www.agglotv.com\/index.php?rest_route=%2Fwp%2Fv2%2Ftags&post=60750"}],"curies":[{"name":"wp","href":"https:\/\/api.w.org\/{rel}","templated":true}]}}