{"id":60706,"date":"2021-12-21T09:53:50","date_gmt":"2021-12-21T09:53:50","guid":{"rendered":"https:\/\/www.agglotv.com\/?p=60706"},"modified":"2021-12-21T09:53:51","modified_gmt":"2021-12-21T09:53:51","slug":"campagne-de-marque-cross-media-%e2%80%afsavourez-linstant%e2%80%af-villeroy-boch-celebre-le-fait-detre-chez-soi","status":"publish","type":"post","link":"https:\/\/www.agglotv.com\/?p=60706","title":{"rendered":"Campagne de marque cross-m\u00e9dia \u00ab\u202fSavourez l\u2019instant\u202f\u00bb \u2013 Villeroy &amp; Boch c\u00e9l\u00e8bre le fait d\u2019\u00eatre chez-soi"},"content":{"rendered":"<p><a href=\"https:\/\/www.agglotv.com\/wp-content\/up\/vb-40.png\"><img loading=\"lazy\" class=\"alignleft size-medium wp-image-60707\" src=\"https:\/\/www.agglotv.com\/wp-content\/up\/vb-40-200x300.png\" alt=\"\" width=\"200\" height=\"300\" srcset=\"https:\/\/www.agglotv.com\/wp-content\/up\/vb-40-200x300.png 200w, https:\/\/www.agglotv.com\/wp-content\/up\/vb-40.png 233w\" sizes=\"(max-width: 200px) 100vw, 200px\" \/><\/a>Savourez l\u2019instant : A l\u2019occasion des f\u00eates de fin d\u2019ann\u00e9e, Villeroy &amp; Boch lance une campagne de marque <a href=\"https:\/\/www.doubleface-carcassonne.com\/?p=3185\">cross<\/a>-m\u00e9dia \u00e0 l\u2019\u00e9chelle europ\u00e9enne \u00e0 la t\u00e9l\u00e9vision et en ligne, qui montre le chez-soi et la marque sous un nouveau jour : diff\u00e9rents, jeunes, surprenants.<\/p>\n\n\n<p>La campagne \u00ab\u202fSavourez l\u2019instant\u202f\u00bb commence par un spot t\u00e9l\u00e9vis\u00e9 de 30 secondes qui sera diffus\u00e9 en prime time sur les <a href=\"https:\/\/www.declicmotoculture.com\/190-chaines\">cha\u00eenes<\/a> priv\u00e9es et publiques de la t\u00e9l\u00e9vision allemande \u00e0 partir du 22 D\u00e9cembre 2021 et jusqu\u2019\u00e1 la fin de l\u2019ann\u00e9e. En parall\u00e8le, le spot sera diffus\u00e9 dans tout l\u2019espace germanophone ainsi qu\u2019en France, au Royaume-Uni, en Belgique et aux Pays-Bas sur la t\u00e9l\u00e9vision connect\u00e9e (p.ex. JOYN, TVNow, Waipu.TV). En m\u00eame temps, la campagne sera soutenue par des vid\u00e9os en ligne et diff\u00e9rentes activit\u00e9s sur les r\u00e9seaux sociaux, \u00e9galement du contenu suppl\u00e9mentaire sur les coulisses du tournage, et \u00e0 retrouver sous #lovethemoment. De plus amples informations sur la campagne seront disponibles sur la page d\u2019accueil ainsi que sur la boutique en ligne de Villeroy &amp; Boch.<\/p>\n\n\n\n<p>L\u2019id\u00e9e : \u00ab\u202fSavourez l\u2019instant\u202f\u00bb n\u2019est pas un spot publicitaire classique pour un produit, mais un spot d\u2019image de marque qui s\u2019adresse avant tout au mode de vie d\u2019une cible jeune, tout en mettant en sc\u00e8ne la marque de mani\u00e8re inhabituelle et diff\u00e9rente, avec beaucoup d\u2019humour. Charmant, divers, anti-conformiste et surprenant.<\/p>\n\n\n\n<p>La campagne se poursuivra l&rsquo;ann\u00e9e prochaine. En 2022, elle mettra l&rsquo;accent sur des collections s\u00e9lectionn\u00e9es et des avantages produits avec un contenu visuel suppl\u00e9mentaire et des formats en ligne.<\/p>\n\n\n\n<p>Et action\u2026 pour \u00ab\u202fSavourez l\u2019instant\u202f\u00bb &#8211;&nbsp;<a href=\"https:\/\/www.youtube.com\/watch?app=desktop&amp;v=Tx3Evx5gunw&amp;feature=youtu.be\">Venez voir les coulisses du tournage avec nous<\/a>\u202f!<\/p>\n\n\n\n<p><a rel=\"noreferrer noopener\" href=\"http:\/\/www.facebook.com\/sharer.php?u=https:\/\/villeroy-boch-fr.mynewsdesk.com\/pressreleases\/campagne-de-marque-cross-media-savourez-linstant-villeroy-und-boch-celebre-le-fait-detre-chez-soi-3151912&amp;t=Campagne%20de%20marque%20cross-m%C3%A9dia%20%C2%AB%E2%80%AFSavourez%20l%E2%80%99instant%E2%80%AF%C2%BB%20%E2%80%93%20%20%20%20Villeroy%20%26%20Boch%20c%C3%A9l%C3%A8bre%20le%20fait%20d%E2%80%99%C3%AAtre%20chez-soi\" target=\"_blank\"><\/a><\/p>\n","protected":false},"excerpt":{"rendered":"<p>Savourez l\u2019instant : A l\u2019occasion des f\u00eates de fin d\u2019ann\u00e9e, Villeroy &amp; Boch lance une campagne de marque cross-m\u00e9dia \u00e0 l\u2019\u00e9chelle europ\u00e9enne \u00e0 la t\u00e9l\u00e9vision et en ligne, qui montre le chez-soi et la marque sous un nouveau jour : diff\u00e9rents, jeunes, surprenants. La campagne \u00ab\u202fSavourez l\u2019instant\u202f\u00bb commence par un spot t\u00e9l\u00e9vis\u00e9 de 30 secondes [&hellip;]<\/p>\n","protected":false},"author":2,"featured_media":0,"comment_status":"closed","ping_status":"closed","sticky":false,"template":"","format":"standard","meta":[],"categories":[26],"tags":[],"amp_enabled":true,"_links":{"self":[{"href":"https:\/\/www.agglotv.com\/index.php?rest_route=\/wp\/v2\/posts\/60706"}],"collection":[{"href":"https:\/\/www.agglotv.com\/index.php?rest_route=\/wp\/v2\/posts"}],"about":[{"href":"https:\/\/www.agglotv.com\/index.php?rest_route=\/wp\/v2\/types\/post"}],"author":[{"embeddable":true,"href":"https:\/\/www.agglotv.com\/index.php?rest_route=\/wp\/v2\/users\/2"}],"replies":[{"embeddable":true,"href":"https:\/\/www.agglotv.com\/index.php?rest_route=%2Fwp%2Fv2%2Fcomments&post=60706"}],"version-history":[{"count":1,"href":"https:\/\/www.agglotv.com\/index.php?rest_route=\/wp\/v2\/posts\/60706\/revisions"}],"predecessor-version":[{"id":60708,"href":"https:\/\/www.agglotv.com\/index.php?rest_route=\/wp\/v2\/posts\/60706\/revisions\/60708"}],"wp:attachment":[{"href":"https:\/\/www.agglotv.com\/index.php?rest_route=%2Fwp%2Fv2%2Fmedia&parent=60706"}],"wp:term":[{"taxonomy":"category","embeddable":true,"href":"https:\/\/www.agglotv.com\/index.php?rest_route=%2Fwp%2Fv2%2Fcategories&post=60706"},{"taxonomy":"post_tag","embeddable":true,"href":"https:\/\/www.agglotv.com\/index.php?rest_route=%2Fwp%2Fv2%2Ftags&post=60706"}],"curies":[{"name":"wp","href":"https:\/\/api.w.org\/{rel}","templated":true}]}}