{"id":60617,"date":"2021-12-10T13:36:41","date_gmt":"2021-12-10T13:36:41","guid":{"rendered":"https:\/\/www.agglotv.com\/?p=60617"},"modified":"2021-12-10T13:36:44","modified_gmt":"2021-12-10T13:36:44","slug":"tour-de-cou-de-ski-un-masque-barriere-comme-les-autres","status":"publish","type":"post","link":"https:\/\/www.agglotv.com\/?p=60617","title":{"rendered":"Tour de cou de ski, un masque barri\u00e8re comme les autres ?"},"content":{"rendered":"<p><strong><a href=\"https:\/\/www.agglotv.com\/wp-content\/up\/afnor.jpg\"><img loading=\"lazy\" class=\"alignleft size-medium wp-image-58578\" src=\"https:\/\/www.agglotv.com\/wp-content\/up\/afnor-300x152.jpg\" alt=\"\" width=\"300\" height=\"152\" srcset=\"https:\/\/www.agglotv.com\/wp-content\/up\/afnor-300x152.jpg 300w, https:\/\/www.agglotv.com\/wp-content\/up\/afnor.jpg 361w\" sizes=\"(max-width: 300px) 100vw, 300px\" \/><\/a>Vendu dans les magasins sp\u00e9cialis\u00e9s,\u00a0<\/strong><strong>le tour de cou de ski fabriqu\u00e9 selon les pr\u00e9conisations d\u2019AFNOR\u00a0<\/strong><strong>a-t-il des propri\u00e9t\u00e9s \u00e9quivalentes \u00e0 celle d<\/strong><strong>\u2019un masque ordinaire<\/strong>\u00a0<strong>?<\/strong>\u00a0<strong>Est-il adapt\u00e9 \u00e0 la pratique <a href=\"https:\/\/www.veterinaire-st-roch.fr\/services-veterinaires\/medecine-sportive\/\">sportive<\/a><\/strong>\u00a0<strong>?\u00a0<\/strong><strong>Explications.<\/strong><\/p>\n\n\n<p>Il fait froid, la saison des sports d\u2019hiver est ouverte. Skieurs et skieuses s\u2019\u00e9quipent, dans une atmosph\u00e8re encore marqu\u00e9e par la covid-19. Mais entre tour de cou et masque barri\u00e8re, pourquoi choisir\u00a0?\u00a0Certains\u00a0industriels\u00a0proposent de faire d\u2019une pierre deux coups\u00a0! Ils\u00a0ont mis sur le march\u00e9\u00a0un tour de cou de ski\u00a0prot\u00e9geant\u00a0\u00e0 la fois\u00a0du\u00a0froid et\u00a0de la\u00a0covid-19, fabriqu\u00e9 et test\u00e9\u00a0\u00a0selon les recommandations\u00a0du\u00a0document\u00a0<a href=\"https:\/\/masques-barrieres.afnor.org\/Telechargement\/SpecS70-001\">AFNOR SPEC S70-001<\/a>, \u00ab\u00a0Masques barri\u00e8res pour le <a href=\"https:\/\/terrainsport.com\/\">sport<\/a> \u2013 Guide d\u2019exigences minimales, de m\u00e9thodes d\u2019essais et d\u2019usage\u00a0\u00bb, publi\u00e9 en f\u00e9vrier dernier\u00a0et d\u2019acc\u00e8s gratuit.\u00a0R\u00e9pondant au protocole sanitaire d\u00e9ploy\u00e9 dans les stations de ski cet hiver, ce tour de cou de ski peut \u00eatre port\u00e9 dans les files d\u2019attente des remont\u00e9es <a href=\"https:\/\/terrainsport.com\/category\/sports-mecaniques\">m\u00e9caniques<\/a> et dans les t\u00e9l\u00e9cabines.<\/p>\n\n\n\n<p><strong>Masque barri\u00e8re, masque sportif, m\u00eame combat<\/strong>&nbsp;<strong>?<\/strong><\/p>\n\n\n\n<p>Oui&nbsp;!&nbsp;L\u2019AFNOR&nbsp;Spec&nbsp;de mars 2020&nbsp;donne&nbsp;les exigences minimales pour&nbsp;concevoir&nbsp;un masque barri\u00e8re destin\u00e9 au public, pour une activit\u00e9 quotidienne ou professionnelle.&nbsp;Celle de f\u00e9vrier 2021&nbsp;adapte les sp\u00e9cifications des masques barri\u00e8res \u00e0 une activit\u00e9 physique et sportive, pour une fabrication industrielle. Elle pose les&nbsp;exigences&nbsp;minimales d\u2019un masque barri\u00e8re port\u00e9 pendant l\u2019effort, offrant&nbsp;la m\u00eame qualit\u00e9 protectrice&nbsp;pour les autres&nbsp;qu\u2019un masque barri\u00e8re \u00ab&nbsp;du quotidien&nbsp;\u00bb, mais une meilleure respirabilit\u00e9.&nbsp;Si les attentes sont les m\u00eames, les m\u00e9thodes de test diff\u00e8rent. Ainsi, le tour de cou de ski&nbsp;fabriqu\u00e9 selon les recommandations de la SPEC S70-001&nbsp;doit r\u00e9ussir les tests de r\u00e9sistance d\u2019ajustage \u00e0 la t\u00eate, de l\u2019efficacit\u00e9 de filtration du mat\u00e9riau,&nbsp;de r\u00e9sistance respiratoire et de perm\u00e9abilit\u00e9 \u00e0 l\u2019air&nbsp;et&nbsp;de teneur en dioxyde de carbone de l\u2019air.&nbsp;Comme pour les masques barri\u00e8res du quotidien, le seuil de 90 % de filtration des particules de&nbsp;3 microns est un crit\u00e8re fondamental.<\/p>\n\n\n\n<p><strong>Des recommandations suivies&nbsp;<\/strong><strong>volontairement<\/strong><\/p>\n\n\n\n<p>Comme toutes les normes AFNOR, l\u2019AFNOR&nbsp;Spec&nbsp;S70-001 n\u2019est en rien obligatoire. Elle reste d\u2019application volontaire. Ainsi, un fabricant peut librement choisir de mettre en place les recommandations du r\u00e9f\u00e9rentiel AFNOR, puis auto-d\u00e9clarer son produit comme \u00e9tant en conformit\u00e9 avec l\u2019AFNOR&nbsp;Spec. Il est d\u2019ailleurs recommand\u00e9 dans ce cas d\u2019apposer pr\u00e9cis\u00e9ment la mention \u00ab&nbsp;MBS AFNOR SPEC S70-001&nbsp;\u00bb.<\/p>\n\n\n\n<p><strong>A propos<\/strong><strong>&nbsp;d\u2019AFNOR<\/strong><strong><\/strong><\/p>\n\n\n\n<p>AFNOR est l\u2019association fran\u00e7aise de normalisation.&nbsp;Son ambition est de contribuer \u00e0 la diffusion de bonnes pratiques et de solutions efficaces, au b\u00e9n\u00e9fice de tous, \u00e0 travers l\u2019\u00e9laboration de normes&nbsp;d\u2019application&nbsp;volontaire.&nbsp;Elle&nbsp;informe et f\u00e9d\u00e8re tous ceux qui veulent permettre \u00e0 un projet, une activit\u00e9, un secteur de se d\u00e9velopper dans les meilleures conditions et ainsi, contribuer au d\u00e9veloppement de l\u2019\u00e9conomie et de la soci\u00e9t\u00e9 de demain<strong>.<\/strong>&nbsp;Pr\u00e8s de 20 000 repr\u00e9sentants d\u2019entreprises, d\u2019associations, de f\u00e9d\u00e9rations et de l\u2019Etat prennent part \u00e0 l\u2019\u00e9laboration de normes volontaires chaque ann\u00e9e. Un soutien indispensable pour favoriser le progr\u00e8s et l\u2019innovation et faire rayonner la France en Europe et \u00e0 l\u2019international.<\/p>\n","protected":false},"excerpt":{"rendered":"<p>Vendu dans les magasins sp\u00e9cialis\u00e9s,\u00a0le tour de cou de ski fabriqu\u00e9 selon les pr\u00e9conisations d\u2019AFNOR\u00a0a-t-il des propri\u00e9t\u00e9s \u00e9quivalentes \u00e0 celle d\u2019un masque ordinaire\u00a0?\u00a0Est-il adapt\u00e9 \u00e0 la pratique sportive\u00a0?\u00a0Explications. Il fait froid, la saison des sports d\u2019hiver est ouverte. Skieurs et skieuses s\u2019\u00e9quipent, dans une atmosph\u00e8re encore marqu\u00e9e par la covid-19. Mais entre tour de cou [&hellip;]<\/p>\n","protected":false},"author":2,"featured_media":0,"comment_status":"closed","ping_status":"closed","sticky":false,"template":"","format":"standard","meta":[],"categories":[22],"tags":[],"amp_enabled":true,"_links":{"self":[{"href":"https:\/\/www.agglotv.com\/index.php?rest_route=\/wp\/v2\/posts\/60617"}],"collection":[{"href":"https:\/\/www.agglotv.com\/index.php?rest_route=\/wp\/v2\/posts"}],"about":[{"href":"https:\/\/www.agglotv.com\/index.php?rest_route=\/wp\/v2\/types\/post"}],"author":[{"embeddable":true,"href":"https:\/\/www.agglotv.com\/index.php?rest_route=\/wp\/v2\/users\/2"}],"replies":[{"embeddable":true,"href":"https:\/\/www.agglotv.com\/index.php?rest_route=%2Fwp%2Fv2%2Fcomments&post=60617"}],"version-history":[{"count":1,"href":"https:\/\/www.agglotv.com\/index.php?rest_route=\/wp\/v2\/posts\/60617\/revisions"}],"predecessor-version":[{"id":60618,"href":"https:\/\/www.agglotv.com\/index.php?rest_route=\/wp\/v2\/posts\/60617\/revisions\/60618"}],"wp:attachment":[{"href":"https:\/\/www.agglotv.com\/index.php?rest_route=%2Fwp%2Fv2%2Fmedia&parent=60617"}],"wp:term":[{"taxonomy":"category","embeddable":true,"href":"https:\/\/www.agglotv.com\/index.php?rest_route=%2Fwp%2Fv2%2Fcategories&post=60617"},{"taxonomy":"post_tag","embeddable":true,"href":"https:\/\/www.agglotv.com\/index.php?rest_route=%2Fwp%2Fv2%2Ftags&post=60617"}],"curies":[{"name":"wp","href":"https:\/\/api.w.org\/{rel}","templated":true}]}}