{"id":60331,"date":"2021-11-24T09:56:30","date_gmt":"2021-11-24T09:56:30","guid":{"rendered":"https:\/\/www.agglotv.com\/?p=60331"},"modified":"2021-11-24T09:56:34","modified_gmt":"2021-11-24T09:56:34","slug":"top-depart-de-la-1ere-loverun-by-telethon-au-stade-de-france","status":"publish","type":"post","link":"https:\/\/www.agglotv.com\/?p=60331","title":{"rendered":"Top d\u00e9part de la 1\u00e8re LoveRun by T\u00e9l\u00e9thon au Stade de France !"},"content":{"rendered":"<p><strong><a href=\"https:\/\/www.agglotv.com\/wp-content\/up\/loverun.png\"><img loading=\"lazy\" class=\"alignleft size-full wp-image-60332\" src=\"https:\/\/www.agglotv.com\/wp-content\/up\/loverun.png\" alt=\"\" width=\"155\" height=\"134\" \/><\/a>C<\/strong><strong>ourir dans\u00a0<\/strong><strong>ce\u00a0<\/strong><strong>prestigieux\u00a0<\/strong><strong>lieu<\/strong><strong>,<\/strong><strong>\u00a0ses coulisses, ses sous-sols, ses escaliers monumentaux<\/strong><strong>&#8230;<\/strong><strong>\u00a0vous\u00a0<\/strong><strong>en r\u00eaviez\u00a0<\/strong><strong>?\u00a0<\/strong><strong>Le T\u00e9l\u00e9thon l<\/strong><strong>&lsquo;<\/strong><strong>a fait<\/strong>\u00a0<strong>! Le 4 d\u00e9cembre, l<\/strong><strong>&lsquo;<\/strong><strong>AFM-T\u00e9l\u00e9thon lance la premi\u00e8re \u00e9dition de la<\/strong><strong><em>\u00a0LoveRun by T\u00e9l\u00e9thon<\/em><\/strong><strong>, une course originale et ludique<\/strong><strong>,<\/strong><strong>\u00a0<\/strong><strong>con\u00e7ue\u00a0<\/strong><strong>en partenariat avec le Groupe Manifestory, cr\u00e9ateur d<\/strong><strong>u concept\u00a0<\/strong><strong>LoveRun\u00a9<\/strong><strong>,<\/strong><strong>\u00a0<\/strong><strong>et le Consortium Stade de France,\u00a0<\/strong><strong>au profit du T\u00e9l\u00e9thon 2021. Alors on n<\/strong><strong>&lsquo;<\/strong><strong>attend plus, on prend ses billets et on s<\/strong><strong>&lsquo;<\/strong><strong>\u00e9chauffe<\/strong>\u00a0<strong>!<\/strong><\/p>\n\n\n<p><strong>Envie de partager un moment dr\u00f4le, sportif et solidaire en famille ou entre ami.e.s<\/strong>\u00a0<strong>? La\u00a0<em>LoveRun\u00a0by T\u00e9l\u00e9thon<\/em>\u00a0est faite\u00a0pour vous<\/strong>\u00a0<strong>!\u00a0Li\u00e9s\u00a0par\u00a0un\u00a0\u00e9lastique en <a href=\"https:\/\/www.doubleface-carcassonne.com\/?p=4560\">duo<\/a> ou en groupe,<\/strong>\u00a0les participants\u00a0\u00e0 cette premi\u00e8re \u00e9dition\u00a0s&rsquo;essayeront \u00e0\u00a0diff\u00e9rents\u00a0parcours,\u00a0dans les coulisses\u00a0et les sous-sols\u00a0du Stade de France.<\/p>\n\n\n\n<p>Que l&rsquo;on choisisse\u00a0la version\u00a0<strong><a href=\"https:\/\/www.veterinaire-st-roch.fr\/services-veterinaires\/medecine-sportive\/\">sportive<\/a><\/strong>\u00a0de 3.5 km\u00a0ou\u00a0la version\u00a0<strong>famille<\/strong>\u00a0de 1 km,\u00a0cette\u00a0<strong>course caritative<\/strong>\u00a0est une mani\u00e8re\u00a0<strong>originale<\/strong>\u00a0de se r\u00e9unir pour soutenir la recherche contre\u00a0les maladies\u00a0rares et se d\u00e9passer pour\u00a0les familles\u00a0qui se battent\u00a0contre la maladie.<\/p>\n\n\n\n<p><strong>De 10 euros pour les enfants \u00e0 20\u00a0euros pour les adultes, l&rsquo;int\u00e9gralit\u00e9 des b\u00e9n\u00e9fices seront revers\u00e9s \u00e0 l&rsquo;AFM-T\u00e9l\u00e9thon<\/strong>\u00a0<strong>!\u00a0Alors, plus d&rsquo;h\u00e9sitation, les dossards sont disponibles\u00a0sur\u00a0<\/strong><a href=\"https:\/\/evenement.telethon.fr\/2021\/loverunbytelethon\"><strong>T\u00e9l\u00e9thon2021.fr<\/strong><\/a><strong>.<\/strong><\/p>\n\n\n\n<p>Cette course caritative&nbsp;in\u00e9dite&nbsp;est&nbsp;parrain\u00e9e par l&rsquo;athl\u00e8te&nbsp;<strong>Muriel Hurtis<\/strong>, championne du monde&nbsp;du&nbsp;relais&nbsp;4&#215;100 m\u00e8tres,&nbsp;m\u00e9daill\u00e9e de bronze en sprint, et&nbsp;<strong>Tr\u00e9sor Makunda,<\/strong>&nbsp;sprinter&nbsp;handisport, m\u00e9daill\u00e9 quatre fois aux&nbsp;Jeux&nbsp;Paralympiques&nbsp;qui seront&nbsp;pr\u00e9sents lors&nbsp;de&nbsp;cette mobilisation&nbsp;sportive<\/p>\n\n\n\n<p>D\u00e8s 13h,&nbsp;<strong>Mohamed Bouhafsi<\/strong>&nbsp;et&nbsp;<strong>Jean-Philippe Doux<\/strong>&nbsp;seront pr\u00e9sents&nbsp;pour partager&nbsp;avec les t\u00e9l\u00e9spectateurs de&nbsp;France&nbsp;3,&nbsp;les foul\u00e9es solidaires des participants.<\/p>\n\n\n\n<p><strong>Alors on n<\/strong><strong>&lsquo;<\/strong><strong>attend plus, on s<\/strong><strong>&lsquo;<\/strong><strong>\u00e9chauffe<\/strong><strong>&nbsp;et<\/strong><strong>&nbsp;on prend ses billets&nbsp;<\/strong><a href=\"https:\/\/my.weezevent.com\/love-run-by-t%C3%A9l%C3%A9thon\"><strong>ici<\/strong><\/a><strong>&nbsp;!<\/strong><\/p>\n\n\n\n<p><strong>Pour tout savoir&nbsp;<\/strong><strong>sur&nbsp;<\/strong><strong>le T\u00e9l\u00e9thon<\/strong>&nbsp;<strong>:&nbsp;<\/strong><a href=\"https:\/\/evenement.telethon.fr\/2021\/\"><strong>T<\/strong><strong>\u00e9<\/strong><strong>l<\/strong><strong>\u00e9<\/strong><strong>thon2021.fr<\/strong><\/a><\/p>\n","protected":false},"excerpt":{"rendered":"<p>Courir dans\u00a0ce\u00a0prestigieux\u00a0lieu,\u00a0ses coulisses, ses sous-sols, ses escaliers monumentaux&#8230;\u00a0vous\u00a0en r\u00eaviez\u00a0?\u00a0Le T\u00e9l\u00e9thon l&lsquo;a fait\u00a0! Le 4 d\u00e9cembre, l&lsquo;AFM-T\u00e9l\u00e9thon lance la premi\u00e8re \u00e9dition de la\u00a0LoveRun by T\u00e9l\u00e9thon, une course originale et ludique,\u00a0con\u00e7ue\u00a0en partenariat avec le Groupe Manifestory, cr\u00e9ateur du concept\u00a0LoveRun\u00a9,\u00a0et le Consortium Stade de France,\u00a0au profit du T\u00e9l\u00e9thon 2021. Alors on n&lsquo;attend plus, on prend ses billets et [&hellip;]<\/p>\n","protected":false},"author":2,"featured_media":0,"comment_status":"closed","ping_status":"closed","sticky":false,"template":"","format":"standard","meta":[],"categories":[33],"tags":[],"amp_enabled":true,"_links":{"self":[{"href":"https:\/\/www.agglotv.com\/index.php?rest_route=\/wp\/v2\/posts\/60331"}],"collection":[{"href":"https:\/\/www.agglotv.com\/index.php?rest_route=\/wp\/v2\/posts"}],"about":[{"href":"https:\/\/www.agglotv.com\/index.php?rest_route=\/wp\/v2\/types\/post"}],"author":[{"embeddable":true,"href":"https:\/\/www.agglotv.com\/index.php?rest_route=\/wp\/v2\/users\/2"}],"replies":[{"embeddable":true,"href":"https:\/\/www.agglotv.com\/index.php?rest_route=%2Fwp%2Fv2%2Fcomments&post=60331"}],"version-history":[{"count":1,"href":"https:\/\/www.agglotv.com\/index.php?rest_route=\/wp\/v2\/posts\/60331\/revisions"}],"predecessor-version":[{"id":60333,"href":"https:\/\/www.agglotv.com\/index.php?rest_route=\/wp\/v2\/posts\/60331\/revisions\/60333"}],"wp:attachment":[{"href":"https:\/\/www.agglotv.com\/index.php?rest_route=%2Fwp%2Fv2%2Fmedia&parent=60331"}],"wp:term":[{"taxonomy":"category","embeddable":true,"href":"https:\/\/www.agglotv.com\/index.php?rest_route=%2Fwp%2Fv2%2Fcategories&post=60331"},{"taxonomy":"post_tag","embeddable":true,"href":"https:\/\/www.agglotv.com\/index.php?rest_route=%2Fwp%2Fv2%2Ftags&post=60331"}],"curies":[{"name":"wp","href":"https:\/\/api.w.org\/{rel}","templated":true}]}}