{"id":60087,"date":"2021-11-04T09:44:07","date_gmt":"2021-11-04T09:44:07","guid":{"rendered":"https:\/\/www.agglotv.com\/?p=60087"},"modified":"2021-11-04T09:44:09","modified_gmt":"2021-11-04T09:44:09","slug":"stereochic-la-radio-des-francais-dans-le-monde-passe-les-400-000-auditeurs-par-mois","status":"publish","type":"post","link":"https:\/\/www.agglotv.com\/?p=60087","title":{"rendered":"StereoChic, la radio des Fran\u00e7ais dans le monde passe les 400 000 auditeurs par mois"},"content":{"rendered":"<p><a href=\"https:\/\/www.agglotv.com\/wp-content\/up\/stereochic.png\"><img loading=\"lazy\" class=\"alignleft size-medium wp-image-60088\" src=\"https:\/\/www.agglotv.com\/wp-content\/up\/stereochic-300x300.png\" alt=\"\" width=\"300\" height=\"300\" srcset=\"https:\/\/www.agglotv.com\/wp-content\/up\/stereochic-300x300.png 300w, https:\/\/www.agglotv.com\/wp-content\/up\/stereochic-1024x1024.png 1024w, https:\/\/www.agglotv.com\/wp-content\/up\/stereochic-150x150.png 150w, https:\/\/www.agglotv.com\/wp-content\/up\/stereochic-768x768.png 768w, https:\/\/www.agglotv.com\/wp-content\/up\/stereochic.png 1152w\" sizes=\"(max-width: 300px) 100vw, 300px\" \/><\/a>Un an apr\u00e8s son virage r\u00e9dactionnel, StereoChic poursuit son d\u00e9veloppement dans le monde des expatri\u00e9s Fran\u00e7ais en franchissant les 400 000 auditeurs par mois.\u00a0Via leur r\u00e9seau de correspondants et experts de l\u2019expatriation, l\u2019antenne de StereoChic Radio est ouverte aux expatri\u00e9s Fran\u00e7ais : infos pratiques, partage d\u2019exp\u00e9rience, suivi d\u2019aventure, remont\u00e9e d\u2019actu,&#8230;<\/p>\n<p><strong>\u00ab\u00a0Les fran\u00e7ais parlent aux fran\u00e7ais\u00a0\u00bb<\/strong><\/p>\n<p>L\u2019\u00e9mission \u00ab\u00a0Les Fran\u00e7ais parlent aux Fran\u00e7ais\u00a0\u00bb\u00a0(en direct chaque jour \u00e0 midi et en redif \u00e0 minuit <a href=\"https:\/\/www.ecocarton.fr\/cartons-demenagement-paris-ile-de-France-v-1.html\">Paris<\/a> time) tend son micro chaque jour \u00e0 des Fran\u00e7ais dans le monde et \u00e0 des experts de l\u2019expatriation : sant\u00e9, voyage, travail, \u00e9cologie, globe trotters&#8230; L\u2019\u00e9mission permet de faire de surprenantes rencontres.<\/p>\n<p><strong>1000 podcasts<\/strong><\/p>\n<p>Le site de la radio\u00a0(<a href=\"https:\/\/www.stereochic.fr\/\" target=\"_blank\" rel=\"noreferrer noopener\">www.stereochic.fr<\/a>) propose d\u00e9sormais un classement de 1000 podcasts par zone g\u00e9ographique ou par th\u00e9matique.<\/p>\n<p>Tous les podcasts sont \u00e9galement propos\u00e9s sur toutes les applications de r\u00e9f\u00e9rence (Deezer, Spotify, YouTube, Tune In, Apple &amp; Google Podcast&#8230;).<\/p>\n<p><strong>Attirer des partenaires\u00a0<\/strong><\/p>\n<p>Reste maintenant \u00e0 valider son mod\u00e8le \u00e9conomique : la radio part d\u00e9sormais \u00e0 la recherche de partenaires qui d\u00e9sire toucher cette cible. StereoChic Radio a r\u00e9ussi sa premi\u00e8re phase en s\u2019imposant dans le monde des expatri\u00e9s.<\/p>\n<p><strong>\u00c0 propos de StereoChic<\/strong><\/p>\n<p>Alors qu\u2019il \u00e9tait directeur g\u00e9n\u00e9ral d\u2019une soci\u00e9t\u00e9 \u00e9v\u00e9nementielle, a l\u2019arr\u00eat total d\u00e8s le d\u00e9but de la pand\u00e9mie, Gauthier SEYS, le fondateur de la radio a du se r\u00e9-inventer professionnellement : en \u00e9t\u00e9 2020 , il transforme la webradio qu\u2019il avait cr\u00e9\u00e9 en 2006 \u00e0 destination des 3 millions de Fran\u00e7ais expatri\u00e9s : cr\u00e9er du lien, offrir \u00ab\u00a0un bout de France\u00a0\u00bb\u00a0sur un ton optimiste et bienveillant.<\/p>\n","protected":false},"excerpt":{"rendered":"<p>Un an apr\u00e8s son virage r\u00e9dactionnel, StereoChic poursuit son d\u00e9veloppement dans le monde des expatri\u00e9s Fran\u00e7ais en franchissant les 400 000 auditeurs par mois.\u00a0Via leur r\u00e9seau de correspondants et experts de l\u2019expatriation, l\u2019antenne de StereoChic Radio est ouverte aux expatri\u00e9s Fran\u00e7ais : infos pratiques, partage d\u2019exp\u00e9rience, suivi d\u2019aventure, remont\u00e9e d\u2019actu,&#8230; \u00ab\u00a0Les fran\u00e7ais parlent aux fran\u00e7ais\u00a0\u00bb [&hellip;]<\/p>\n","protected":false},"author":2,"featured_media":0,"comment_status":"closed","ping_status":"closed","sticky":false,"template":"","format":"standard","meta":[],"categories":[40],"tags":[],"amp_enabled":true,"_links":{"self":[{"href":"https:\/\/www.agglotv.com\/index.php?rest_route=\/wp\/v2\/posts\/60087"}],"collection":[{"href":"https:\/\/www.agglotv.com\/index.php?rest_route=\/wp\/v2\/posts"}],"about":[{"href":"https:\/\/www.agglotv.com\/index.php?rest_route=\/wp\/v2\/types\/post"}],"author":[{"embeddable":true,"href":"https:\/\/www.agglotv.com\/index.php?rest_route=\/wp\/v2\/users\/2"}],"replies":[{"embeddable":true,"href":"https:\/\/www.agglotv.com\/index.php?rest_route=%2Fwp%2Fv2%2Fcomments&post=60087"}],"version-history":[{"count":1,"href":"https:\/\/www.agglotv.com\/index.php?rest_route=\/wp\/v2\/posts\/60087\/revisions"}],"predecessor-version":[{"id":60089,"href":"https:\/\/www.agglotv.com\/index.php?rest_route=\/wp\/v2\/posts\/60087\/revisions\/60089"}],"wp:attachment":[{"href":"https:\/\/www.agglotv.com\/index.php?rest_route=%2Fwp%2Fv2%2Fmedia&parent=60087"}],"wp:term":[{"taxonomy":"category","embeddable":true,"href":"https:\/\/www.agglotv.com\/index.php?rest_route=%2Fwp%2Fv2%2Fcategories&post=60087"},{"taxonomy":"post_tag","embeddable":true,"href":"https:\/\/www.agglotv.com\/index.php?rest_route=%2Fwp%2Fv2%2Ftags&post=60087"}],"curies":[{"name":"wp","href":"https:\/\/api.w.org\/{rel}","templated":true}]}}