{"id":59114,"date":"2021-08-30T12:45:55","date_gmt":"2021-08-30T12:45:55","guid":{"rendered":"https:\/\/www.agglotv.com\/?p=59114"},"modified":"2021-08-30T12:45:58","modified_gmt":"2021-08-30T12:45:58","slug":"le-groupe-fournier-sa-concessionnaire-bmw-sengage-sur-le-tour-auto-optic-2000-pour-recolter-des-dons-au-profit-de-linstitut-curie-et-de-la-recherche-sur-le-cancer","status":"publish","type":"post","link":"https:\/\/www.agglotv.com\/?p=59114","title":{"rendered":"Le groupe Fournier SA, concessionnaire BMW, s\u2019engage sur le Tour Auto Optic 2000 pour r\u00e9colter des dons au profit de l\u2019Institut Curie et de la recherche sur le cancer"},"content":{"rendered":"<p><a href=\"https:\/\/www.agglotv.com\/wp-content\/up\/P90433807_lowRes_fournier-sa-x-tour-a.jpg\"><img loading=\"lazy\" class=\"alignleft size-medium wp-image-59115\" src=\"https:\/\/www.agglotv.com\/wp-content\/up\/P90433807_lowRes_fournier-sa-x-tour-a-300x225.jpg\" alt=\"\" width=\"300\" height=\"225\" srcset=\"https:\/\/www.agglotv.com\/wp-content\/up\/P90433807_lowRes_fournier-sa-x-tour-a-300x225.jpg 300w, https:\/\/www.agglotv.com\/wp-content\/up\/P90433807_lowRes_fournier-sa-x-tour-a-1024x768.jpg 1024w, https:\/\/www.agglotv.com\/wp-content\/up\/P90433807_lowRes_fournier-sa-x-tour-a-768x576.jpg 768w, https:\/\/www.agglotv.com\/wp-content\/up\/P90433807_lowRes_fournier-sa-x-tour-a-1536x1152.jpg 1536w, https:\/\/www.agglotv.com\/wp-content\/up\/P90433807_lowRes_fournier-sa-x-tour-a.jpg 2000w\" sizes=\"(max-width: 300px) 100vw, 300px\" \/><\/a>Le groupe familial Fournier SA, concessionnaire BMW, participera \u00e0 l\u2019\u00e9dition 2021 du Tour Auto Optic 2000 afin de r\u00e9colter des dons pour la recherche sur le cancer, en partenariat avec l\u2019Institut Curie, au volant d\u2019une BMW 3.0 CSI.<\/p>\n\n\n<p>Une urne sera dispos\u00e9e \u00e0 chacune des 6 \u00e9tapes &#8211; <a href=\"https:\/\/www.ecocarton.fr\/cartons-demenagement-paris-ile-de-France-v-1.html\">Paris<\/a>, Beaune, Aix-les-Bains, Valence, N\u00eemes et Nice &#8211; pour r\u00e9colter des dons sur place.<\/p>\n\n\n\n<p>En parall\u00e8le, une cagnotte sera mise en ligne sur le site de l&rsquo;Institut Curie jusqu\u2019au 30 septembre :&nbsp;<a href=\"https:\/\/macollecte.curie.fr\/projects\/bmw-mini-fournier-sa-s-engage-contre-le-cancer-du-sein\">macollecte.curie.fr<\/a>.<\/p>\n\n\n\n<p>Fournier SA a pour objectif de&nbsp;r\u00e9colter des dons mais \u00e9galement de transmettre un message positif \u00e0 toutes les femmes atteintes d\u2019un cancer du sein&nbsp;: ne jamais baisser les bras&nbsp;!<\/p>\n\n\n\n<p>En effet, Ang\u00e9lique Fournier, qui s\u2019est elle-m\u00eame battue contre un cancer du sein pendant plus d\u2019un an, se lance un nouveau challenge en prenant le <a href=\"https:\/\/www.declicmotoculture.com\/188-volant-magnetique\">volant<\/a>, en compagnie de son p\u00e8re, au d\u00e9part de Paris le 30 ao\u00fbt 2021.<\/p>\n\n\n\n<p>La marque BMW s\u2019associe pour la 11\u00e8me ann\u00e9e cons\u00e9cutive \u00e0 l\u2019une des comp\u00e9titions automobiles classiques les plus renomm\u00e9es, le Tour Auto Optic 2ooo. Pour participer \u00e0 l\u2019\u00e9preuve, il faut pr\u00e9senter une voiture \u00e9ligible ayant d\u00e9j\u00e0 couru le Tour de France Automobile en 1951 et 1973. Cette ann\u00e9e, BMW engage une BMW 1800 TI (1965) et une BMW 2002 tii (1973) dans la course qui se d\u00e9roule du 30 ao\u00fbt au 4 septembre, sur un parcours reliant Paris \u00e0 Nice. M\u00e9lange habile de d\u00e9couverte touristique et de comp\u00e9tition <a href=\"https:\/\/www.veterinaire-st-roch.fr\/services-veterinaires\/medecine-sportive\/\">sportive<\/a>, le Tour Auto Optic 2ooo, r\u00e9trospective du Tour de France Automobile, sillonne les routes secondaires fran\u00e7aises selon un parcours renouvel\u00e9 chaque ann\u00e9e. L\u2019itin\u00e9raire est entrecoup\u00e9 d\u2019\u00e9preuves chronom\u00e9tr\u00e9es sur routes ferm\u00e9es et sur circuit qui d\u00e9terminent le classement final.<\/p>\n\n\n\n<p><strong>A propos de l\u2019Institut Curie<\/strong><\/p>\n\n\n\n<p>Acteur de r\u00e9f\u00e9rence de la lutte contre le cancer, l\u2019Institut Curie associe d\u00e9sormais un centre de recherche de renomm\u00e9e internationale et un ensemble hospitalier de pointe qui prend en charge les patients atteints de cancers y compris les plus rares. Implant\u00e9 sur 3 sites, l&rsquo;Institut Curie est aujourd&rsquo;hui un acteur majeur dans la lutte contre le cancer du sein.<\/p>\n\n\n\n<p><strong>A propos de Fournier SA<\/strong>, un groupe familial depuis plus de 30 ans<\/p>\n\n\n\n<p>Le groupe a \u00e9t\u00e9 cr\u00e9\u00e9 en 1989 par Jean-Louis Fournier. En 2006, Ang\u00e9lique Fournier a repris la direction de l\u2019entreprise familiale, qui compte aujourd\u2019hui deux concessions BMW et MINI en Essonne.<\/p>\n","protected":false},"excerpt":{"rendered":"<p>Le groupe familial Fournier SA, concessionnaire BMW, participera \u00e0 l\u2019\u00e9dition 2021 du Tour Auto Optic 2000 afin de r\u00e9colter des dons pour la recherche sur le cancer, en partenariat avec l\u2019Institut Curie, au volant d\u2019une BMW 3.0 CSI. Une urne sera dispos\u00e9e \u00e0 chacune des 6 \u00e9tapes &#8211; Paris, Beaune, Aix-les-Bains, Valence, N\u00eemes et Nice [&hellip;]<\/p>\n","protected":false},"author":2,"featured_media":0,"comment_status":"closed","ping_status":"closed","sticky":false,"template":"","format":"standard","meta":[],"categories":[33],"tags":[],"amp_enabled":true,"_links":{"self":[{"href":"https:\/\/www.agglotv.com\/index.php?rest_route=\/wp\/v2\/posts\/59114"}],"collection":[{"href":"https:\/\/www.agglotv.com\/index.php?rest_route=\/wp\/v2\/posts"}],"about":[{"href":"https:\/\/www.agglotv.com\/index.php?rest_route=\/wp\/v2\/types\/post"}],"author":[{"embeddable":true,"href":"https:\/\/www.agglotv.com\/index.php?rest_route=\/wp\/v2\/users\/2"}],"replies":[{"embeddable":true,"href":"https:\/\/www.agglotv.com\/index.php?rest_route=%2Fwp%2Fv2%2Fcomments&post=59114"}],"version-history":[{"count":1,"href":"https:\/\/www.agglotv.com\/index.php?rest_route=\/wp\/v2\/posts\/59114\/revisions"}],"predecessor-version":[{"id":59116,"href":"https:\/\/www.agglotv.com\/index.php?rest_route=\/wp\/v2\/posts\/59114\/revisions\/59116"}],"wp:attachment":[{"href":"https:\/\/www.agglotv.com\/index.php?rest_route=%2Fwp%2Fv2%2Fmedia&parent=59114"}],"wp:term":[{"taxonomy":"category","embeddable":true,"href":"https:\/\/www.agglotv.com\/index.php?rest_route=%2Fwp%2Fv2%2Fcategories&post=59114"},{"taxonomy":"post_tag","embeddable":true,"href":"https:\/\/www.agglotv.com\/index.php?rest_route=%2Fwp%2Fv2%2Ftags&post=59114"}],"curies":[{"name":"wp","href":"https:\/\/api.w.org\/{rel}","templated":true}]}}