{"id":59111,"date":"2021-08-30T12:31:33","date_gmt":"2021-08-30T12:31:33","guid":{"rendered":"https:\/\/www.agglotv.com\/?p=59111"},"modified":"2021-08-30T12:31:35","modified_gmt":"2021-08-30T12:31:35","slug":"woodlife-un-programme-immobilier-qui-illustre-la-ville-inclusive-et-durable-par-iceo","status":"publish","type":"post","link":"https:\/\/www.agglotv.com\/?p=59111","title":{"rendered":"WOODLIFE : un programme immobilier qui illustre la ville inclusive et durable, par ICEO"},"content":{"rendered":"<p><a href=\"https:\/\/www.agglotv.com\/wp-content\/up\/iceo.png\"><img loading=\"lazy\" class=\"alignleft size-medium wp-image-59112\" src=\"https:\/\/www.agglotv.com\/wp-content\/up\/iceo-300x205.png\" alt=\"\" width=\"300\" height=\"205\" srcset=\"https:\/\/www.agglotv.com\/wp-content\/up\/iceo-300x205.png 300w, https:\/\/www.agglotv.com\/wp-content\/up\/iceo.png 480w\" sizes=\"(max-width: 300px) 100vw, 300px\" \/><\/a>ICEO livre\u00a0son premier\u00a0programme immobilier*\u00a0en phase avec ses engagements\u00a0d&rsquo;entreprise de l&rsquo;Economie Sociale et Solidaire\u00a0: des\u00a0co\u00fbts\u00a0abordables,\u00a0la r\u00e9duction de l&rsquo;impact environnemental, un cadre de vie pr\u00e9serv\u00e9 et un projet\u00a0co-construit avec les habitants.\u00a0Woodlife\u00a0a\u00a0\u00e9t\u00e9 inaugur\u00e9 en toute convivialit\u00e9 ce 27 ao\u00fbt.<\/p>\n\n\n<p><strong>Construire des logements&nbsp;<\/strong><strong>de qualit\u00e9<\/strong><strong>, pour tous<\/strong>&nbsp;<br>D\u00e9fendu en 2018 dans le cadre du concours sur la ZAC des Vignes avec la ville des Sorini\u00e8res (44) et Nantes M\u00e9tropole&nbsp;Am\u00e9nagement, le projet&nbsp;Woodlife&nbsp;d&rsquo;ICEO r\u00e9pond \u00e0 des enjeux&nbsp;crois\u00e9s&nbsp;ambitieux&nbsp;:<br>&#8211; rendre possible&nbsp;l&rsquo;accession,&nbsp;notamment&nbsp;aux jeunes m\u00e9nages,&nbsp;gr\u00e2ce \u00e0 un prix abordable,<br>&#8211; r\u00e9duire l&#8217;empreinte environnementale,<br>&#8211; utiliser le foncier de mani\u00e8re efficace pour que la&nbsp;relative&nbsp;densit\u00e9 soit combin\u00e9e \u00e0 une intimit\u00e9 pr\u00e9serv\u00e9e,<br>&#8211; favoriser le lien social entre futurs habitants&nbsp;d\u00e8s&nbsp;la phase de&nbsp;construction.&nbsp;&nbsp;<\/p>\n\n\n\n<p><strong>Habiter<\/strong><strong>&nbsp;une ville durable,<\/strong><strong>&nbsp;inclusive<\/strong><strong>&nbsp;et participative<\/strong><\/p>\n\n\n\n<p>Rendre possible l&rsquo;accession \u00e0 la propri\u00e9t\u00e9 dans l&rsquo;agglom\u00e9ration \u00e0&nbsp;des&nbsp;foyers&nbsp;aux revenus interm\u00e9diaires, penser&nbsp;les&nbsp;espaces communs pour les rendre vivants et utiles,&nbsp;r\u00e9duire l&rsquo;impact environnemental&nbsp;en privil\u00e9giant&nbsp;les&nbsp;mat\u00e9riaux biosourc\u00e9s&nbsp;(ossature et fa\u00e7ades bois,&nbsp;isolants)&#8230;&nbsp;:&nbsp;tous les aspects ont \u00e9t\u00e9 pass\u00e9s en revue collectivement pour que le programme&nbsp;immobilier soit inclusif, r\u00e9fl\u00e9chi et&nbsp;partag\u00e9.<\/p>\n\n\n\n<p><br><strong>Pari gagn\u00e9,<\/strong>&nbsp;avec ces&nbsp;12 logements individuels et 10 logements interm\u00e9diaires, qui disposent tous&nbsp;d&rsquo;un&nbsp;espace ext\u00e9rieur,&nbsp;jardin ou terrasse,&nbsp;et&nbsp;de locaux de rangement\/v\u00e9lo associ\u00e9s au stationnement individuel.<\/p>\n\n\n\n<p>Un espace disponible,&nbsp;conserv\u00e9 au lancement du programme,&nbsp;a donn\u00e9 lieu \u00e0&nbsp;plusieurs&nbsp;ateliers participatifs&nbsp;pour en d\u00e9finir collectivement la destination&nbsp;: les&nbsp;futurs&nbsp;habitants ont pu&nbsp;\u00e9laborer leur propre projet, qui s&rsquo;est finalement arr\u00eat\u00e9 sur un local v\u00e9lo commun&nbsp;en bois, avec un syst\u00e8me de r\u00e9cup\u00e9ration des eaux pluviales pour alimenter le potager.&nbsp;&nbsp;<\/p>\n\n\n\n<p><strong>ICEO s<\/strong><strong>&lsquo;<\/strong><strong>e<\/strong><strong>ngage<\/strong><\/p>\n\n\n\n<p>Woodlife, comme&nbsp;les&nbsp;sept autres&nbsp;programmes&nbsp;immobiliers d\u00e9velopp\u00e9s par ICEO,&nbsp;marquent&nbsp;l&rsquo;engagement de l&rsquo;entreprise.&nbsp;Parce que pour l&rsquo;\u00e9quipe,&nbsp;\u00eatre&nbsp;promoteur immobilier signifie \u00eatre responsable, \u00e0 son niveau, de la construction de la ville&nbsp;dans ses aspects urbanistique, \u00e9conomique, environnemental et social.&nbsp;&nbsp;<\/p>\n\n\n\n<p>\u00ab&nbsp;<em>Nous sommes persuad\u00e9s qu<\/em><em>&lsquo;<\/em><em>il est plus facile de construire des relations de voisinage si l<\/em><em>&lsquo;<\/em><em>on peut trouver chez soi un espace pr\u00e9serv\u00e9. Tout est ainsi fait pour que chacun puisse profiter de son habitat dans une intimit\u00e9 prot\u00e9g\u00e9e<\/em><em>.<\/em><em>&nbsp;<\/em><em>L<\/em><em>a relative densit\u00e9&nbsp;<\/em><em>permet alors&nbsp;<\/em><em>de nouer des liens conviviaux avec ses voisins<\/em><em>.<\/em><em>\u00bb<\/em><em>.&nbsp;<\/em><strong>Eric<\/strong>&nbsp;<strong>G\u00e9rard<\/strong>, fondateur d&rsquo;ICEO.<\/p>\n\n\n\n<p><strong>D\u00e9couvrir&nbsp;<\/strong><strong>Woodlife<\/strong><strong>&nbsp;<\/strong><a href=\"https:\/\/www.iceo-habitat.fr\/programme\/woodlife-maisons-appartements-sorinieres-nantes\/\"><strong>en d\u00e9tail<\/strong><\/a><\/p>\n\n\n\n<p><strong>En savoir + sur ICEO<\/strong><strong>, son manifeste, ses programmes<\/strong>&nbsp;<strong>:&nbsp;<\/strong><a href=\"http:\/\/www.iceo-habitat.fr\/\"><strong>www.iceo-habitat.fr<\/strong><\/a><\/p>\n\n\n\n<p><em>*\u00a0Woodlife\u00a0fait partie des huit programmes immobiliers d&rsquo;ICEO dont trois en habitat participatif.<\/em><\/p>\n","protected":false},"excerpt":{"rendered":"<p>ICEO livre\u00a0son premier\u00a0programme immobilier*\u00a0en phase avec ses engagements\u00a0d&rsquo;entreprise de l&rsquo;Economie Sociale et Solidaire\u00a0: des\u00a0co\u00fbts\u00a0abordables,\u00a0la r\u00e9duction de l&rsquo;impact environnemental, un cadre de vie pr\u00e9serv\u00e9 et un projet\u00a0co-construit avec les habitants.\u00a0Woodlife\u00a0a\u00a0\u00e9t\u00e9 inaugur\u00e9 en toute convivialit\u00e9 ce 27 ao\u00fbt. Construire des logements&nbsp;de qualit\u00e9, pour tous&nbsp;D\u00e9fendu en 2018 dans le cadre du concours sur la ZAC des Vignes avec [&hellip;]<\/p>\n","protected":false},"author":2,"featured_media":0,"comment_status":"closed","ping_status":"closed","sticky":false,"template":"","format":"standard","meta":[],"categories":[4],"tags":[],"amp_enabled":true,"_links":{"self":[{"href":"https:\/\/www.agglotv.com\/index.php?rest_route=\/wp\/v2\/posts\/59111"}],"collection":[{"href":"https:\/\/www.agglotv.com\/index.php?rest_route=\/wp\/v2\/posts"}],"about":[{"href":"https:\/\/www.agglotv.com\/index.php?rest_route=\/wp\/v2\/types\/post"}],"author":[{"embeddable":true,"href":"https:\/\/www.agglotv.com\/index.php?rest_route=\/wp\/v2\/users\/2"}],"replies":[{"embeddable":true,"href":"https:\/\/www.agglotv.com\/index.php?rest_route=%2Fwp%2Fv2%2Fcomments&post=59111"}],"version-history":[{"count":1,"href":"https:\/\/www.agglotv.com\/index.php?rest_route=\/wp\/v2\/posts\/59111\/revisions"}],"predecessor-version":[{"id":59113,"href":"https:\/\/www.agglotv.com\/index.php?rest_route=\/wp\/v2\/posts\/59111\/revisions\/59113"}],"wp:attachment":[{"href":"https:\/\/www.agglotv.com\/index.php?rest_route=%2Fwp%2Fv2%2Fmedia&parent=59111"}],"wp:term":[{"taxonomy":"category","embeddable":true,"href":"https:\/\/www.agglotv.com\/index.php?rest_route=%2Fwp%2Fv2%2Fcategories&post=59111"},{"taxonomy":"post_tag","embeddable":true,"href":"https:\/\/www.agglotv.com\/index.php?rest_route=%2Fwp%2Fv2%2Ftags&post=59111"}],"curies":[{"name":"wp","href":"https:\/\/api.w.org\/{rel}","templated":true}]}}