{"id":58607,"date":"2021-07-22T08:53:17","date_gmt":"2021-07-22T08:53:17","guid":{"rendered":"https:\/\/www.agglotv.com\/?p=58607"},"modified":"2021-07-22T08:53:20","modified_gmt":"2021-07-22T08:53:20","slug":"un-nouveau-guide-botanique-pour-tout-savoir-du-jardin-du-musee-departemental-albert-kahn","status":"publish","type":"post","link":"https:\/\/www.agglotv.com\/?p=58607","title":{"rendered":"UN NOUVEAU GUIDE BOTANIQUE POUR TOUT SAVOIR DU JARDIN DU MUS\u00c9E D\u00c9PARTEMENTAL ALBERT-KAHN"},"content":{"rendered":"<p><a href=\"https:\/\/www.agglotv.com\/wp-content\/up\/guidebotanique.png\"><img loading=\"lazy\" class=\"alignleft size-full wp-image-58608\" src=\"https:\/\/www.agglotv.com\/wp-content\/up\/guidebotanique.png\" alt=\"\" width=\"161\" height=\"222\" \/><\/a>\u00c9labor\u00e9 en 2009, le premier guide botanique du\u00a0jardin du\u00a0mus\u00e9e d\u00e9partemental Albert-Kahn\u00a0laisse\u00a0place \u00e0\u00a0un nouvel ouvrage\u00a0de 96 pages\u00a0enti\u00e8rement retravaill\u00e9.\u00a0Con\u00e7u pour r\u00e9pondre aux questions les plus fr\u00e9quentes des visiteurs, il aborde\u00a0la vie et l&rsquo;\u0153uvre d&rsquo;Albert Kahn, propose un\u00a0d\u00e9coupage par sc\u00e8nes\u00a0paysag\u00e8res\u00a0avec\u00a0des\u00a0plans associ\u00e9s, une mise en valeur des arbres embl\u00e9matiques et\u00a0une s\u00e9lection d&rsquo;une dizaine de v\u00e9g\u00e9taux par sc\u00e8ne.\u00a0Truff\u00e9 d&rsquo;anecdotes sur le jardin ou sur les diff\u00e9rentes esp\u00e8ces, ce livre s&rsquo;adresse aussi bien au grand public qu&rsquo;aux passionn\u00e9s de\u00a0botanique.<\/p>\n\n\n<p>Le nouveau guide du&nbsp;jardin du&nbsp;mus\u00e9e d\u00e9partemental Albert-Kahn&nbsp;fait dialoguer&nbsp;les&nbsp;autochromes des&nbsp;<a href=\"http:\/\/collections.albert-kahn.hauts-de-seine.fr\/\">Archives de la Plan\u00e8te<\/a>&nbsp;des prises de vues actuelles et des planches botaniques de v\u00e9g\u00e9taux num\u00e9ris\u00e9s. Chaque page est une d\u00e9couverte.<\/p>\n\n\n\n<p>On\u00a0s&rsquo;attarde, par exemple,\u00a0sur le d\u00e9placement, vers 1911,\u00a0d&rsquo;un imposant marronnier avec les techniques de l&rsquo;\u00e9poque.<\/p>\n\n\n\n<p>Quelques pages plus loin, le&nbsp;Ginkgo biloba,&nbsp;d\u00e9fini&nbsp;par&nbsp;Darwin&nbsp;comme un v\u00e9ritable fossile vivant, nous livre&nbsp;l&rsquo;un de ses secrets&nbsp;:&nbsp;les raisons de son&nbsp;surnom d&rsquo;arbre aux 40 \u00e9cus.&nbsp;Un sp\u00e9cimen hybride, appel\u00e9 Saint-Cloud,&nbsp;sans doute unique au monde, orne d&rsquo;ailleurs majestueusement les jardins.<\/p>\n\n\n\n<p>Gr\u00e2ce aux plans et aux images, les vari\u00e9t\u00e9s sont facilement identifiables sur place. Ce syst\u00e8me&nbsp;offre une nouvelle proposition de visite au public. Pour contenter les sp\u00e9cialistes, et les curieux, des&nbsp;informations botaniques,&nbsp;scientifiques, sont \u00e9galement donn\u00e9es avec les d\u00e9nominations,&nbsp;les&nbsp;p\u00e9riodes de floraison ou&nbsp;les&nbsp;particularit\u00e9s&nbsp;des esp\u00e8ces les plus remarquables.<\/p>\n\n\n\n<p>L&rsquo;histoire et la philosophie d&rsquo;Albert&nbsp;Kahn ont une place de choix dans ce nouveau guide botanique.&nbsp;L&rsquo;esprit humaniste&nbsp;du banquier alsacien se ressent aussi dans la description des&nbsp;sept&nbsp;sc\u00e8nes paysag\u00e8res,&nbsp;qui font de ce jardin un v\u00e9ritable&nbsp;prolongement des collections des Archives de la Plan\u00e8te. Les essences, venues des quatre coins du monde,&nbsp;sont un appel incessant au voyage.<\/p>\n\n\n\n<p><strong>Le Jardin d&rsquo;Albert Kahn &#8211;\u00a0Un tour du monde botanique<\/strong><\/p>\n\n\n\n<p>96 pages, 17 x 23 cm<\/p>\n\n\n\n<p>D\u00e9partement des Hauts-de-Seine, Mus\u00e9e d\u00e9partemental Albert-Kahn<\/p>\n\n\n\n<p>Editions Skira<br>Prix de vente&nbsp;: 10 euros<\/p>\n\n\n\n<p>En vente sur site et en librairie<\/p>\n","protected":false},"excerpt":{"rendered":"<p>\u00c9labor\u00e9 en 2009, le premier guide botanique du\u00a0jardin du\u00a0mus\u00e9e d\u00e9partemental Albert-Kahn\u00a0laisse\u00a0place \u00e0\u00a0un nouvel ouvrage\u00a0de 96 pages\u00a0enti\u00e8rement retravaill\u00e9.\u00a0Con\u00e7u pour r\u00e9pondre aux questions les plus fr\u00e9quentes des visiteurs, il aborde\u00a0la vie et l&rsquo;\u0153uvre d&rsquo;Albert Kahn, propose un\u00a0d\u00e9coupage par sc\u00e8nes\u00a0paysag\u00e8res\u00a0avec\u00a0des\u00a0plans associ\u00e9s, une mise en valeur des arbres embl\u00e9matiques et\u00a0une s\u00e9lection d&rsquo;une dizaine de v\u00e9g\u00e9taux par sc\u00e8ne.\u00a0Truff\u00e9 d&rsquo;anecdotes sur [&hellip;]<\/p>\n","protected":false},"author":2,"featured_media":0,"comment_status":"closed","ping_status":"closed","sticky":false,"template":"","format":"standard","meta":[],"categories":[42],"tags":[],"amp_enabled":true,"_links":{"self":[{"href":"https:\/\/www.agglotv.com\/index.php?rest_route=\/wp\/v2\/posts\/58607"}],"collection":[{"href":"https:\/\/www.agglotv.com\/index.php?rest_route=\/wp\/v2\/posts"}],"about":[{"href":"https:\/\/www.agglotv.com\/index.php?rest_route=\/wp\/v2\/types\/post"}],"author":[{"embeddable":true,"href":"https:\/\/www.agglotv.com\/index.php?rest_route=\/wp\/v2\/users\/2"}],"replies":[{"embeddable":true,"href":"https:\/\/www.agglotv.com\/index.php?rest_route=%2Fwp%2Fv2%2Fcomments&post=58607"}],"version-history":[{"count":1,"href":"https:\/\/www.agglotv.com\/index.php?rest_route=\/wp\/v2\/posts\/58607\/revisions"}],"predecessor-version":[{"id":58609,"href":"https:\/\/www.agglotv.com\/index.php?rest_route=\/wp\/v2\/posts\/58607\/revisions\/58609"}],"wp:attachment":[{"href":"https:\/\/www.agglotv.com\/index.php?rest_route=%2Fwp%2Fv2%2Fmedia&parent=58607"}],"wp:term":[{"taxonomy":"category","embeddable":true,"href":"https:\/\/www.agglotv.com\/index.php?rest_route=%2Fwp%2Fv2%2Fcategories&post=58607"},{"taxonomy":"post_tag","embeddable":true,"href":"https:\/\/www.agglotv.com\/index.php?rest_route=%2Fwp%2Fv2%2Ftags&post=58607"}],"curies":[{"name":"wp","href":"https:\/\/api.w.org\/{rel}","templated":true}]}}