{"id":58514,"date":"2021-07-19T13:04:31","date_gmt":"2021-07-19T13:04:31","guid":{"rendered":"https:\/\/www.agglotv.com\/?p=58514"},"modified":"2021-07-19T13:04:37","modified_gmt":"2021-07-19T13:04:37","slug":"intersections-le-roman-choc-de-j-tirari","status":"publish","type":"post","link":"https:\/\/www.agglotv.com\/?p=58514","title":{"rendered":"\u00ab\u00a0Intersections\u00a0\u00bb, le roman choc de J. Tirari"},"content":{"rendered":"<p><a href=\"https:\/\/www.agglotv.com\/wp-content\/up\/Intersections.jpg\"><img loading=\"lazy\" class=\"alignleft size-medium wp-image-58515\" src=\"https:\/\/www.agglotv.com\/wp-content\/up\/Intersections-212x300.jpg\" alt=\"\" width=\"212\" height=\"300\" srcset=\"https:\/\/www.agglotv.com\/wp-content\/up\/Intersections-212x300.jpg 212w, https:\/\/www.agglotv.com\/wp-content\/up\/Intersections-724x1024.jpg 724w, https:\/\/www.agglotv.com\/wp-content\/up\/Intersections-768x1086.jpg 768w, https:\/\/www.agglotv.com\/wp-content\/up\/Intersections.jpg 849w\" sizes=\"(max-width: 212px) 100vw, 212px\" \/><\/a>J. Tirari sort son premier roman, \u00ab\u00a0Intersections\u00a0\u00bb en France et dans tous les pays francophones. Le r\u00e9cit profond d\u2019une histoire d\u2019amour dans un Bruxelles traumatis\u00e9 par le terrorisme et la radicalisation islamiste.<\/p>\n\n\n<p><strong>Destins crois\u00e9s<\/strong><\/p>\n\n\n\n<p>22 mars 2016&nbsp;: trois explosions quasi simultan\u00e9es secouent la Belgique. Les victimes sont nombreuses, l\u2019Occident tremble \u00e0 nouveau face au terrorisme men\u00e9 par Daech.<br><br>Jean, cadre dans une banque et quadrag\u00e9naire \u00e0 la vie routini\u00e8re, est du nombre des victimes du m\u00e9tro. Il se r\u00e9veille \u00e0 l\u2019h\u00f4pital sous les yeux d\u2019un ange aux yeux noirs, Sarah, m\u00e9decin urgentiste.<br><br>Karim, universitaire ambitieux et informaticien dans une grande entreprise, r\u00eave d\u2019atteindre le sommet du gratte-ciel et les bras de sa ravissante et tr\u00e8s convoit\u00e9e coll\u00e8gue, Marie-Louise.&nbsp;<br><br>Deux hommes aux cultures diff\u00e9rentes, pris dans le pi\u00e8ge de leurs convictions sociales et religieuses. Dans leur qu\u00eate d\u2019amour, jalonn\u00e9e de pr\u00e9jug\u00e9s et d\u2019incompr\u00e9hensions, leurs chemins se croisent \u00e0 une&nbsp;<em>intersection<\/em>&nbsp;dramatique. Commence alors pour eux un parcours initiatique qui les m\u00e8nera, tant bien que mal, vers une prise de conscience.<br><br><br><strong>Gen\u00e8se d\u2019un roman social<\/strong><\/p>\n\n\n\n<p>Au lendemain des attentats qui frappent Bruxelles en mars 2016, J. Tirari,&nbsp;d\u2019origine maghr\u00e9bine, se retrouve dans l\u2019absurde position de devoir expliquer \u00e0 ses coll\u00e8gues et amis le geste des terroristes de Daech, comme s\u2019il \u00e9tait \u00ab&nbsp;l\u2019ambassadeur de toute la communaut\u00e9&nbsp;\u00bb.<br><br>Bruxellois de m\u00e8re anglaise et de p\u00e8re tunisien, J. Tirari a baign\u00e9 toute sa vie dans le multiculturalisme et a toujours \u00e9t\u00e9 consid\u00e9r\u00e9 comme le pont entre deux communaut\u00e9s qui ne se m\u00e9langent pas. L\u2019auteur d\u00e9plore&nbsp;:&nbsp;<em>\u00ab&nbsp;\u00c0 Bruxelles, les gens cohabitent seulement, c\u00f4te \u00e0 c\u00f4te. On ne peut pas parler d\u2019int\u00e9gration.&nbsp;\u00bb<\/em>&nbsp;Amoureux de belles histoires aux happy ends, il ajoute toutefois&nbsp;:&nbsp;<em>\u00ab&nbsp;Je crois beaucoup au \u00ab\u00a0Vivre ensemble\u00a0\u00bb. C\u2019est cette Europe que je veux voir.&nbsp;\u00bb<\/em><br><br><br><strong>Orgueil et pr\u00e9jug\u00e9s<\/strong><\/p>\n\n\n\n<p>J. Tirari dresse dans ce premier roman le portrait de ses protagonistes avec une grande pr\u00e9cision et le recul n\u00e9cessaire, sans aucun parti pris. Karim, Jean, Sarah, Baptiste, Jocelyne, Abdullah&#8230; tous sont port\u00e9s par leurs croyances et leurs pr\u00e9jug\u00e9s. Tous \u00e9volueront au fil d\u2019un r\u00e9cit qu\u2019on lit presque sans reprendre son souffle.&nbsp;<br><br>Dans ce monde o\u00f9 de plus en plus de d\u00e9racin\u00e9s doivent s\u2019adapter \u00e0 un nouveau pays, une culture et des convictions religieuses ou philosophiques diff\u00e9rentes, il est plus que jamais n\u00e9cessaire de chercher \u00e0 comprendre plut\u00f4t que juger. C\u2019est ce que J. Tirari pousse son lecteur \u00e0 faire \u00e0 travers ce roman r\u00e9aliste et puissant.<\/p>\n\n\n\n<hr class=\"wp-block-separator\"\/>\n\n\n\n<p><strong>L\u2019auteur<\/strong><\/p>\n\n\n\n<p>J. Tirari est un homme de sciences f\u00e9ru de dramaturgie. Dipl\u00f4m\u00e9 de l\u2019ULB (Universit\u00e9 libre de Bruxelles), p\u00e8re de deux enfants et passionn\u00e9 de cin\u00e9ma, l\u2019auteur belge a grandi dans le nord de Bruxelles. Enfant biculturel, il a eu envie d\u2019\u00e9crire sur la difficult\u00e9 \u00e0 accepter les diff\u00e9rences de culture et de religion, dans une m\u00e9tropole communautariste comme Bruxelles, comme dans n\u2019importe quelle m\u00e9tropole europ\u00e9enne.<br><br>Informaticien ind\u00e9pendant, J. Tirari suit en parall\u00e8le des cours de cin\u00e9ma et poursuit son propre r\u00eave.&nbsp;<\/p>\n\n\n\n<p>Son roman&nbsp;<em>Intersections<\/em>&nbsp;est sorti en Belgique en janvier 2020. Il est d\u00e9sormais disponible dans plus de 7 000 librairies de France, Belgique, Suisse et Qu\u00e9bec.<\/p>\n\n\n\n<hr class=\"wp-block-separator\"\/>\n\n\n\n<p><strong><em>Intersections<\/em><\/strong><br>Format : 13 x 22 cm<br>342 pages, \u00e9dition broch\u00e9e<br>Auto\u00e9dition<br>Prix : 18,98 euros<br><br><strong>Disponibilit\u00e9 :&nbsp;<\/strong><a href=\"https:\/\/www.amazon.fr\/Intersections-Mr-J-Tirari\/dp\/165170564X\" target=\"_blank\" rel=\"noreferrer noopener\">Amazon<\/a>,&nbsp;<a href=\"https:\/\/livre.fnac.com\/a16074116\/J-Tirari-Intersections#omnsearchpos=1\" target=\"_blank\" rel=\"noreferrer noopener\">Fnac.fr<\/a>,&nbsp;<a href=\"https:\/\/www.cultura.com\/intersections-9791035930233.html\" target=\"_blank\" rel=\"noreferrer noopener\">Cultura<\/a>, et&nbsp;<a href=\"http:\/\/ttps\/\/www.decitre.fr\/livres\/intersections-9791035930233.html\" target=\"_blank\" rel=\"noreferrer noopener\">Decitre<\/a>.<br>Et dans toutes les plus grandes librairies de France, Belgique, Suisse et Qu\u00e9bec.<\/p>\n","protected":false},"excerpt":{"rendered":"<p>J. Tirari sort son premier roman, \u00ab\u00a0Intersections\u00a0\u00bb en France et dans tous les pays francophones. Le r\u00e9cit profond d\u2019une histoire d\u2019amour dans un Bruxelles traumatis\u00e9 par le terrorisme et la radicalisation islamiste. Destins crois\u00e9s 22 mars 2016&nbsp;: trois explosions quasi simultan\u00e9es secouent la Belgique. Les victimes sont nombreuses, l\u2019Occident tremble \u00e0 nouveau face au terrorisme [&hellip;]<\/p>\n","protected":false},"author":2,"featured_media":0,"comment_status":"closed","ping_status":"closed","sticky":false,"template":"","format":"standard","meta":[],"categories":[42],"tags":[],"amp_enabled":true,"_links":{"self":[{"href":"https:\/\/www.agglotv.com\/index.php?rest_route=\/wp\/v2\/posts\/58514"}],"collection":[{"href":"https:\/\/www.agglotv.com\/index.php?rest_route=\/wp\/v2\/posts"}],"about":[{"href":"https:\/\/www.agglotv.com\/index.php?rest_route=\/wp\/v2\/types\/post"}],"author":[{"embeddable":true,"href":"https:\/\/www.agglotv.com\/index.php?rest_route=\/wp\/v2\/users\/2"}],"replies":[{"embeddable":true,"href":"https:\/\/www.agglotv.com\/index.php?rest_route=%2Fwp%2Fv2%2Fcomments&post=58514"}],"version-history":[{"count":1,"href":"https:\/\/www.agglotv.com\/index.php?rest_route=\/wp\/v2\/posts\/58514\/revisions"}],"predecessor-version":[{"id":58516,"href":"https:\/\/www.agglotv.com\/index.php?rest_route=\/wp\/v2\/posts\/58514\/revisions\/58516"}],"wp:attachment":[{"href":"https:\/\/www.agglotv.com\/index.php?rest_route=%2Fwp%2Fv2%2Fmedia&parent=58514"}],"wp:term":[{"taxonomy":"category","embeddable":true,"href":"https:\/\/www.agglotv.com\/index.php?rest_route=%2Fwp%2Fv2%2Fcategories&post=58514"},{"taxonomy":"post_tag","embeddable":true,"href":"https:\/\/www.agglotv.com\/index.php?rest_route=%2Fwp%2Fv2%2Ftags&post=58514"}],"curies":[{"name":"wp","href":"https:\/\/api.w.org\/{rel}","templated":true}]}}