{"id":58476,"date":"2021-07-09T09:04:48","date_gmt":"2021-07-09T09:04:48","guid":{"rendered":"https:\/\/www.agglotv.com\/?p=58476"},"modified":"2021-07-09T09:04:52","modified_gmt":"2021-07-09T09:04:52","slug":"le-musee-archea-fete-ses-dix-ans-et-devoile-une-programmation-exceptionnelle","status":"publish","type":"post","link":"https:\/\/www.agglotv.com\/?p=58476","title":{"rendered":"Le mus\u00e9e Arch\u00e9a f\u00eate ses dix ans et d\u00e9voile une programmation exceptionnelle"},"content":{"rendered":"<p><a href=\"https:\/\/www.agglotv.com\/wp-content\/up\/roissy.png\"><img loading=\"lazy\" class=\"alignleft size-medium wp-image-54043\" src=\"https:\/\/www.agglotv.com\/wp-content\/up\/roissy-300x279.png\" alt=\"\" width=\"300\" height=\"279\" srcset=\"https:\/\/www.agglotv.com\/wp-content\/up\/roissy-300x279.png 300w, https:\/\/www.agglotv.com\/wp-content\/up\/roissy.png 633w\" sizes=\"(max-width: 300px) 100vw, 300px\" \/><\/a>D\u00e8s les ann\u00e9es 1980, des fouilles sont r\u00e9alis\u00e9es par le Groupe de recherches historiques et arch\u00e9ologiques de Louvres-en-Parisis (GRHALP) \u00e0 Louvres et dans les villes p\u00e9riph\u00e9riques de l\u2019a\u00e9roport de Paris-Charles-de-Gaulle. Parmi les objets trouv\u00e9s, des bassins en bronze, des verreries, des fibules en or et grenats ou des bracelets en argent. De quoi t\u00e9moigner de l\u2019existence d\u2019un vaste cimeti\u00e8re m\u00e9rovingien (vers 500-515 apr\u00e8s J.-C.). C\u2019est ainsi qu\u2019en 1990, le mus\u00e9e d\u2019arch\u00e9ologie ouvre ses portes.<\/p>\n\n\n<p>En 2010, le mus\u00e9e ARCH\u00c9A ouvre au public. Depuis, le mus\u00e9e fait appel \u00e0 des artistes contemporains, comme le <a href=\"https:\/\/www.philippeescudie.com\/\">photographe<\/a> Jean-Luc Moul\u00e8ne. Son \u0153uvre photographique, install\u00e9e sur le parvis du mus\u00e9e, montre une main d\u2019enfant se saisissant d\u2019une clef gallo-romaine issue des collections arch\u00e9ologiques. L\u2019objectif ? Inciter les riverains \u00e0 franchir les portes de l\u2019\u00e9tablissement.<\/p>\n\n\n\n<p>Afin de marquer son dixi\u00e8me anniversaire, ARCH\u00c9A propose une large programmation culturelle adress\u00e9e \u00e0 tous in situ et hors les murs. Le programme comprend des th\u00e8mes marquants faisant l\u2019ADN du mus\u00e9e tels que l\u2019innovation num\u00e9rique, l\u2019ancrage territorial, le dialogue avec les publics ou la conservation des collections. Une installation \u00e9ph\u00e9m\u00e8re sous la forme d\u2019un cube sp\u00e9cialement con\u00e7u pr\u00e9sente successivement six expositions jusqu\u2019en 2023. La programmation comprend aussi une offre de spectacles pluridisciplinaires pour vivre des exp\u00e9riences artistiques au c\u0153ur des espaces communs, des ateliers pour d\u00e9couvrir l\u2019arch\u00e9ologie \u00e0 partir de 18 mois et des visites familiales pour explorer le Pays de France.<\/p>\n\n\n\n<p>Autre invitation, celle de Dorian Rigal, artiste lumi\u00e8re et num\u00e9rique. Dans le cadre des 10 ans d\u2019ARCH\u00c9A, le mus\u00e9e a souhait\u00e9 lui commander une fresque lumineuse, destin\u00e9e \u00e0 \u00eatre projet\u00e9e sur la fa\u00e7ade embl\u00e9matique. Des objets des collections ont \u00e9t\u00e9 photographi\u00e9s en 3D puis mis en lumi\u00e8re par l\u2019artiste afin de cr\u00e9er l\u2019illusion du mouvement des particules. La fresque lumineuse et sonore est visible depuis la r\u00e9ouverture du mus\u00e9e in situ sur un \u00e9cran de 5 m\u00e8tres de long. \u00c0 l\u2019occasion de la Nuit des mus\u00e9es 2021, le dispositif est projet\u00e9 sur la fa\u00e7ade du mus\u00e9e en soir\u00e9e.<\/p>\n","protected":false},"excerpt":{"rendered":"<p>D\u00e8s les ann\u00e9es 1980, des fouilles sont r\u00e9alis\u00e9es par le Groupe de recherches historiques et arch\u00e9ologiques de Louvres-en-Parisis (GRHALP) \u00e0 Louvres et dans les villes p\u00e9riph\u00e9riques de l\u2019a\u00e9roport de Paris-Charles-de-Gaulle. Parmi les objets trouv\u00e9s, des bassins en bronze, des verreries, des fibules en or et grenats ou des bracelets en argent. De quoi t\u00e9moigner de [&hellip;]<\/p>\n","protected":false},"author":2,"featured_media":0,"comment_status":"closed","ping_status":"closed","sticky":false,"template":"","format":"standard","meta":[],"categories":[3],"tags":[],"amp_enabled":true,"_links":{"self":[{"href":"https:\/\/www.agglotv.com\/index.php?rest_route=\/wp\/v2\/posts\/58476"}],"collection":[{"href":"https:\/\/www.agglotv.com\/index.php?rest_route=\/wp\/v2\/posts"}],"about":[{"href":"https:\/\/www.agglotv.com\/index.php?rest_route=\/wp\/v2\/types\/post"}],"author":[{"embeddable":true,"href":"https:\/\/www.agglotv.com\/index.php?rest_route=\/wp\/v2\/users\/2"}],"replies":[{"embeddable":true,"href":"https:\/\/www.agglotv.com\/index.php?rest_route=%2Fwp%2Fv2%2Fcomments&post=58476"}],"version-history":[{"count":1,"href":"https:\/\/www.agglotv.com\/index.php?rest_route=\/wp\/v2\/posts\/58476\/revisions"}],"predecessor-version":[{"id":58477,"href":"https:\/\/www.agglotv.com\/index.php?rest_route=\/wp\/v2\/posts\/58476\/revisions\/58477"}],"wp:attachment":[{"href":"https:\/\/www.agglotv.com\/index.php?rest_route=%2Fwp%2Fv2%2Fmedia&parent=58476"}],"wp:term":[{"taxonomy":"category","embeddable":true,"href":"https:\/\/www.agglotv.com\/index.php?rest_route=%2Fwp%2Fv2%2Fcategories&post=58476"},{"taxonomy":"post_tag","embeddable":true,"href":"https:\/\/www.agglotv.com\/index.php?rest_route=%2Fwp%2Fv2%2Ftags&post=58476"}],"curies":[{"name":"wp","href":"https:\/\/api.w.org\/{rel}","templated":true}]}}