{"id":58467,"date":"2021-07-09T08:51:53","date_gmt":"2021-07-09T08:51:53","guid":{"rendered":"https:\/\/www.agglotv.com\/?p=58467"},"modified":"2021-07-09T08:51:56","modified_gmt":"2021-07-09T08:51:56","slug":"sortie-du-charbon-repoussee-nouvel-echec-de-macron-sur-le-front-de-lurgence-climatique","status":"publish","type":"post","link":"https:\/\/www.agglotv.com\/?p=58467","title":{"rendered":"Sortie du charbon repouss\u00e9e : nouvel \u00e9chec d\u2019E. Macron sur le front de l\u2019urgence climatique"},"content":{"rendered":"<p><a href=\"https:\/\/www.agglotv.com\/wp-content\/up\/Greenpeace-logo.png\"><img loading=\"lazy\" class=\"alignleft size-medium wp-image-41460\" src=\"https:\/\/www.agglotv.com\/wp-content\/up\/Greenpeace-logo-300x119.png\" alt=\"\" width=\"300\" height=\"119\" srcset=\"https:\/\/www.agglotv.com\/wp-content\/up\/Greenpeace-logo-300x119.png 300w, https:\/\/www.agglotv.com\/wp-content\/up\/Greenpeace-logo.png 890w\" sizes=\"(max-width: 300px) 100vw, 300px\" \/><\/a>Contrairement \u00e0 ce qu\u2019avait promis Emmanuel Macron, la centrale \u00e0 charbon de Cordemais ne fermera pas en 2022 mais en 2024 ou 2026.\u00a0<\/p>\n\n\n<p><em>\u00ab Le bilan \u00e9cologique catastrophique de la pr\u00e9sidence d\u2019Emmanuel Macron trouve ici une nouvelle confirmation : la sortie du charbon vient s\u2019ajouter \u00e0 la liste, d\u00e9cid\u00e9ment interminable, des engagements climatiques non tenus par le Pr\u00e9sident de la R\u00e9publique \u00bb<\/em>, estime Nicolas Nace, charg\u00e9 de campagne Transition \u00e9nerg\u00e9tique \u00e0 Greenpeace France.&nbsp;<\/p>\n\n\n\n<p>Avec l\u2019abandon par EDF de la reconversion vers la biomasse de sa centrale \u00e0 charbon de Cordemais, comme avec l\u2019usine d\u2019agrocarburants \u00e0 l\u2019<a href=\"https:\/\/www.declicmotoculture.com\/187-pompe-a-huile\">huile<\/a> de palme de Total \u00e0 La M\u00e8de, les grandes entreprises et l\u2019Etat ont fait la d\u00e9monstration de leur incapacit\u00e9 \u00e0 mettre en place des projets cr\u00e9dibles et tenables de reconversion des industries polluantes avec, en cons\u00e9quence, un d\u00e9sastre social en perspective pour de nombreux salari\u00e9-es.\u00a0<\/p>\n\n\n\n<p>Les retards toujours plus importants de l\u2019EPR de Flamanville, encore en chantier 11 ans apr\u00e8s la date initialement pr\u00e9vue pour sa mise en service, imposent le maintien de la centrale \u00e0 charbon de Cordemais pour garantir l\u2019approvisionnement en \u00e9lectricit\u00e9 de l\u2019Ouest de la France.\u00a0<em>\u00ab La prolongation de cette centrale \u00e0 charbon est aussi la cons\u00e9quence d\u00e9l\u00e9t\u00e8re de l\u2019obstination nucl\u00e9aire d\u2019EDF et de l\u2019aveuglement du gouvernement fran\u00e7ais face aux d\u00e9boires strat\u00e9giques et industriels de l\u2019\u00e9lectricien. Perp\u00e9tuellement en retard, le nucl\u00e9aire est un frein \u00e0 la transition \u00e9nerg\u00e9tique. Miser sur le nucl\u00e9aire maintenant et \u00e0 l\u2019avenir, c\u2019est \u00e9chouer \u00e0 r\u00e9pondre \u00e0 l\u2019<a href=\"https:\/\/www.veterinaire-st-roch.fr\/services-veterinaires\/urgences-veterinaires\/\">urgence<\/a> climatique \u00bb<\/em>, affirme Nicolas Nace.<\/p>\n","protected":false},"excerpt":{"rendered":"<p>Contrairement \u00e0 ce qu\u2019avait promis Emmanuel Macron, la centrale \u00e0 charbon de Cordemais ne fermera pas en 2022 mais en 2024 ou 2026.\u00a0 \u00ab Le bilan \u00e9cologique catastrophique de la pr\u00e9sidence d\u2019Emmanuel Macron trouve ici une nouvelle confirmation : la sortie du charbon vient s\u2019ajouter \u00e0 la liste, d\u00e9cid\u00e9ment interminable, des engagements climatiques non tenus [&hellip;]<\/p>\n","protected":false},"author":2,"featured_media":0,"comment_status":"closed","ping_status":"closed","sticky":false,"template":"","format":"standard","meta":[],"categories":[35],"tags":[],"amp_enabled":true,"_links":{"self":[{"href":"https:\/\/www.agglotv.com\/index.php?rest_route=\/wp\/v2\/posts\/58467"}],"collection":[{"href":"https:\/\/www.agglotv.com\/index.php?rest_route=\/wp\/v2\/posts"}],"about":[{"href":"https:\/\/www.agglotv.com\/index.php?rest_route=\/wp\/v2\/types\/post"}],"author":[{"embeddable":true,"href":"https:\/\/www.agglotv.com\/index.php?rest_route=\/wp\/v2\/users\/2"}],"replies":[{"embeddable":true,"href":"https:\/\/www.agglotv.com\/index.php?rest_route=%2Fwp%2Fv2%2Fcomments&post=58467"}],"version-history":[{"count":1,"href":"https:\/\/www.agglotv.com\/index.php?rest_route=\/wp\/v2\/posts\/58467\/revisions"}],"predecessor-version":[{"id":58468,"href":"https:\/\/www.agglotv.com\/index.php?rest_route=\/wp\/v2\/posts\/58467\/revisions\/58468"}],"wp:attachment":[{"href":"https:\/\/www.agglotv.com\/index.php?rest_route=%2Fwp%2Fv2%2Fmedia&parent=58467"}],"wp:term":[{"taxonomy":"category","embeddable":true,"href":"https:\/\/www.agglotv.com\/index.php?rest_route=%2Fwp%2Fv2%2Fcategories&post=58467"},{"taxonomy":"post_tag","embeddable":true,"href":"https:\/\/www.agglotv.com\/index.php?rest_route=%2Fwp%2Fv2%2Ftags&post=58467"}],"curies":[{"name":"wp","href":"https:\/\/api.w.org\/{rel}","templated":true}]}}