{"id":58327,"date":"2021-07-06T13:41:26","date_gmt":"2021-07-06T13:41:26","guid":{"rendered":"https:\/\/www.agglotv.com\/?p=58327"},"modified":"2021-07-06T13:41:29","modified_gmt":"2021-07-06T13:41:29","slug":"le-programme-grande-ecole-daudencia-sadapte-pour-favoriser-davantage-de-diversite-sociale","status":"publish","type":"post","link":"https:\/\/www.agglotv.com\/?p=58327","title":{"rendered":"Le programme Grande Ecole d&rsquo;Audencia s&rsquo;adapte pour favoriser davantage de diversit\u00e9 sociale"},"content":{"rendered":"<p><a href=\"https:\/\/www.agglotv.com\/wp-content\/up\/audencia.png\"><img loading=\"lazy\" class=\"alignleft size-full wp-image-58007\" src=\"https:\/\/www.agglotv.com\/wp-content\/up\/audencia.png\" alt=\"\" width=\"212\" height=\"50\" \/><\/a>\u00c0\u00a0compter de la rentr\u00e9e 2021, les boursiers des \u00e9chelons 5 \u00e0 7 b\u00e9n\u00e9ficieront automatiquement de 70% de r\u00e9duction des frais de scolarit\u00e9 durant la premi\u00e8re ann\u00e9e de leur cursus. Par ailleurs, l&rsquo;ensemble des \u00e9tudiants peut opter \u00e0 partir de la 2<sup>e\u00a0<\/sup>ann\u00e9e, soit pour le parcours apprentissage, soit pour le nouveau parcours Engagement, organis\u00e9 de fa\u00e7on \u00e0 d\u00e9gager du temps pour un job \u00e9tudiant en parall\u00e8le. L&rsquo;objectif est de passer de 18% de boursiers \u00e0 25% d&rsquo;ici 2025.<\/p>\n\n\n<p>Fid\u00e8le aux engagements annonc\u00e9s dans son plan strat\u00e9gique ECOS 2025 et \u00e0 la volont\u00e9 du Minist\u00e8re de l&rsquo;Enseignement Sup\u00e9rieur, Audencia d\u00e9veloppe ses actions en faveur de l&rsquo;ouverture sociale, afin de lever les freins, notamment financiers, qui conduisent encore trop souvent \u00e0 l&rsquo;auto-censure&nbsp;des candidats, pr\u00e9f\u00e9rant opter pour d&rsquo;autres voies d&rsquo;enseignement.<\/p>\n\n\n\n<p><strong>Des financements et parcours adapt\u00e9s<\/strong><strong><\/strong><\/p>\n\n\n\n<p>Si 18% de boursiers font d\u00e9j\u00e0 partie du programme Grande Ecole, l&rsquo;objectif d&rsquo;Audencia est d&rsquo;atteindre 25% d&rsquo;ici 4 ans. D\u00e8s septembre, les \u00e9tudiants int\u00e9grant la premi\u00e8re ann\u00e9e du programme Grande Ecole et boursiers des \u00e9chelons 5 \u00e0 7&nbsp;profiteront&nbsp;d&rsquo;une r\u00e9duction de 70% de leurs frais de scolarit\u00e9 2021-2022. A partir de la 2<sup>e<\/sup>&nbsp;ann\u00e9e, parmi les 5 parcours propos\u00e9s via&nbsp;<a href=\"https:\/\/newsroom.audencia.com\/index.php?id=4689&amp;L=0&amp;title=une-version-augmentee-du-programme-grande-ecole-drsquoaudencia\">la nouvelle maquette p\u00e9dagogique du programme annonc\u00e9e en juin<\/a>, ils pourront, au m\u00eame titre que chaque \u00e9tudiant, opter pour&nbsp;:<\/p>\n\n\n\n<p>&#8211;&nbsp;&nbsp;&nbsp;&nbsp;&nbsp;&nbsp;&nbsp;&nbsp;&nbsp;&nbsp;le&nbsp;parcours Apprentissage .<\/p>\n\n\n\n<p>&#8211;&nbsp;&nbsp;&nbsp;&nbsp;&nbsp;&nbsp;le&nbsp;nouveau parcours Engagement, dont le rythme est adapt\u00e9, et avec une possibilit\u00e9 de cours en&nbsp;distanciel, pour permettre plus facilement de concilier \u00e9tudes et job \u00e9tudiant<\/p>\n\n\n\n<p>Audencia r\u00e9affirme \u00e0 nouveau son engagement, aux c\u00f4t\u00e9s des classes pr\u00e9paratoires, pour davantage d&rsquo;inclusion et d&rsquo;\u00e9galit\u00e9 des chances. Elle fait en effet partie des seules 3 \u00e9coles en France \u00e0 ne recruter que des \u00e9tudiants issus de cette fili\u00e8re en premi\u00e8re ann\u00e9e de son programme Grande Ecole et, \u00e0 ce titre, entend encore renforcer ses actions avec les CPGE sur ce sujet.<\/p>\n\n\n\n<p><strong>La poursuite d<\/strong><strong>&lsquo;<\/strong><strong>efforts engag\u00e9s depuis pr\u00e8s de 20 ans<\/strong><\/p>\n\n\n\n<p>D\u00e8s 2006,&nbsp;Audencia a mis en place BRIO, son programme d&rsquo;ouverture sociale permettant d&rsquo;accompagner chaque ann\u00e9e 150 lyc\u00e9ens \u00e0 fort potentiel et issus de milieux d\u00e9favoris\u00e9s, afin de les sensibiliser \u00e0 la poursuite d&rsquo;\u00e9tudes dans le sup\u00e9rieur. Deux nouveaux dispositifs d&rsquo;inclusion sont \u00e9galement pr\u00e9vus dans le&nbsp;<a href=\"https:\/\/newsroom.audencia.com\/articles\/actualite\/ecos-2025-le-nouveau-plan-strategique-drsquoaudencia\/\">plan strat\u00e9gique ECOS<\/a>.<\/p>\n\n\n\n<p>Les \u00e9tudiants \u00e0 Audencia b\u00e9n\u00e9ficient tous par ailleurs de nombreux dispositifs de soutien financier&nbsp;: augmentation du nombre de places en apprentissage, partenariat avec Toutes Mes Aides, permettant d&rsquo;acc\u00e9der \u00e0 l&rsquo;ensemble des aides nationales et r\u00e9gionales, pr\u00eats n\u00e9goci\u00e9s avec des banques partenaires, bourses sur fonds propres et via la Fondation Audencia (plus d&rsquo;un million d&rsquo;euros revers\u00e9s \u00e0 ce titre en 2020), etc.<\/p>\n\n\n\n<p>\u00c0&nbsp;la rentr\u00e9e prochaine, Audencia annoncera des positions suppl\u00e9mentaires concr\u00e8tes en vue des concours \u00e0 venir.<\/p>\n\n\n\n<p><strong>\u00c0<\/strong><strong>&nbsp;propos d<\/strong><strong>&lsquo;<\/strong><strong>Audencia<\/strong><\/p>\n\n\n\n<p><em>Fond\u00e9e en 1900, Audencia Business&nbsp;School&nbsp;se positionne parmi les meilleures Ecoles de Management europ\u00e9ennes. Elle est accr\u00e9dit\u00e9e EQUIS, AACSB et AMBA. Premi\u00e8re Ecole de Management en France \u00e0 adh\u00e9rer \u00e0 l&rsquo;initiative Global Compact des Nations Unies, \u00e9galement signataire de leurs&nbsp;Principles&nbsp;of&nbsp;Responsible&nbsp;Management Education, Audencia s&rsquo;est tr\u00e8s t\u00f4t engag\u00e9e \u00e0 former et accompagner des managers innovants et responsables, dot\u00e9s de comp\u00e9tences hybrides, qui contribuent positivement aux grands enjeux auxquels nos organisations, nos soci\u00e9t\u00e9s et notre plan\u00e8te, sont confront\u00e9es. Audencia a \u00e9galement cr\u00e9\u00e9 Ga\u00efa, la toute premi\u00e8re \u00e9cole au sein d&rsquo;une business&nbsp;school&nbsp;d\u00e9di\u00e9e \u00e0 la transition \u00e9cologique et sociale. En&nbsp;co-cr\u00e9ation avec ses parties prenantes, Audencia produit et diffuse des connaissances qui ont un impact sur la litt\u00e9rature scientifique, le contenu de ses formations, les pratiques des entreprises et la soci\u00e9t\u00e9 dans son ensemble. Elle contribue ainsi aux trois d\u00e9fis majeurs suivants : la cr\u00e9ation et l&rsquo;utilisation de technologies et d&rsquo;information responsables, la d\u00e9finition et l&rsquo;adoption d&rsquo;approches manag\u00e9riales favorisant des organisations et des soci\u00e9t\u00e9s inclusives et la conception et la mise en&nbsp;\u0153uvre de mod\u00e8les d&rsquo;affaires et de d\u00e9veloppements soutenables. Audencia propose des programmes en management et en communication allant du&nbsp;bachelor&nbsp;au doctorat.&nbsp;<\/em>&nbsp;<em>Elle a&nbsp;sign\u00e9 des accords avec 212&nbsp;institutions acad\u00e9miques \u00e0 l&rsquo;\u00e9tranger, et plus de 180 entreprises nationales et internationales. Elle accueille plus de 6100 \u00e9tudiants, dispose d&rsquo;un corps professoral de 137 enseignants-chercheurs et d&rsquo;un r\u00e9seau de plus de 29 400 dipl\u00f4m\u00e9s. Pour en savoir plus, consultez le site Internet : <a href=\"http:\/\/www.audencia.com\">www.audencia.com<\/a><\/em><\/p>\n","protected":false},"excerpt":{"rendered":"<p>\u00c0\u00a0compter de la rentr\u00e9e 2021, les boursiers des \u00e9chelons 5 \u00e0 7 b\u00e9n\u00e9ficieront automatiquement de 70% de r\u00e9duction des frais de scolarit\u00e9 durant la premi\u00e8re ann\u00e9e de leur cursus. Par ailleurs, l&rsquo;ensemble des \u00e9tudiants peut opter \u00e0 partir de la 2e\u00a0ann\u00e9e, soit pour le parcours apprentissage, soit pour le nouveau parcours Engagement, organis\u00e9 de fa\u00e7on [&hellip;]<\/p>\n","protected":false},"author":2,"featured_media":0,"comment_status":"closed","ping_status":"closed","sticky":false,"template":"","format":"standard","meta":[],"categories":[43],"tags":[],"amp_enabled":true,"_links":{"self":[{"href":"https:\/\/www.agglotv.com\/index.php?rest_route=\/wp\/v2\/posts\/58327"}],"collection":[{"href":"https:\/\/www.agglotv.com\/index.php?rest_route=\/wp\/v2\/posts"}],"about":[{"href":"https:\/\/www.agglotv.com\/index.php?rest_route=\/wp\/v2\/types\/post"}],"author":[{"embeddable":true,"href":"https:\/\/www.agglotv.com\/index.php?rest_route=\/wp\/v2\/users\/2"}],"replies":[{"embeddable":true,"href":"https:\/\/www.agglotv.com\/index.php?rest_route=%2Fwp%2Fv2%2Fcomments&post=58327"}],"version-history":[{"count":1,"href":"https:\/\/www.agglotv.com\/index.php?rest_route=\/wp\/v2\/posts\/58327\/revisions"}],"predecessor-version":[{"id":58328,"href":"https:\/\/www.agglotv.com\/index.php?rest_route=\/wp\/v2\/posts\/58327\/revisions\/58328"}],"wp:attachment":[{"href":"https:\/\/www.agglotv.com\/index.php?rest_route=%2Fwp%2Fv2%2Fmedia&parent=58327"}],"wp:term":[{"taxonomy":"category","embeddable":true,"href":"https:\/\/www.agglotv.com\/index.php?rest_route=%2Fwp%2Fv2%2Fcategories&post=58327"},{"taxonomy":"post_tag","embeddable":true,"href":"https:\/\/www.agglotv.com\/index.php?rest_route=%2Fwp%2Fv2%2Ftags&post=58327"}],"curies":[{"name":"wp","href":"https:\/\/api.w.org\/{rel}","templated":true}]}}