{"id":58020,"date":"2021-06-18T08:42:00","date_gmt":"2021-06-18T08:42:00","guid":{"rendered":"https:\/\/www.agglotv.com\/?p=58020"},"modified":"2021-06-18T08:42:04","modified_gmt":"2021-06-18T08:42:04","slug":"apres-avoir-teste-son-concept-avec-succes-en-second-lieu-sinstalle-dans-le-10e-arrondissement","status":"publish","type":"post","link":"https:\/\/www.agglotv.com\/?p=58020","title":{"rendered":"Apr\u00e8s avoir test\u00e9 son concept avec succ\u00e8s, En Second Lieu s&rsquo;installe dans le 10e arrondissement"},"content":{"rendered":"<p><a href=\"https:\/\/www.agglotv.com\/wp-content\/up\/cpensecondlieudef.004.jpeg\"><img loading=\"lazy\" class=\"alignleft size-full wp-image-58021\" src=\"https:\/\/www.agglotv.com\/wp-content\/up\/cpensecondlieudef.004.jpeg\" alt=\"\" width=\"226\" height=\"226\" srcset=\"https:\/\/www.agglotv.com\/wp-content\/up\/cpensecondlieudef.004.jpeg 226w, https:\/\/www.agglotv.com\/wp-content\/up\/cpensecondlieudef.004-150x150.jpeg 150w\" sizes=\"(max-width: 226px) 100vw, 226px\" \/><\/a>Apr\u00e8s une exp\u00e9rience r\u00e9ussie dans le Testeur de commerce du 14 rue du Ch\u00e2teau d\u2019Eau (<a href=\"https:\/\/www.ecocarton.fr\/cartons-demenagement-paris-ile-de-France-v-1.html\">Paris<\/a> 10e), En Second Lieu ouvre \u00ab l\u2019appartement de la seconde main \u00bb au num\u00e9ro 58 de la m\u00eame rue. Il s\u2019agit d\u2019un lieu pens\u00e9 comme un appartement, aux pi\u00e8ces remplies d\u2019objets du quotidien de seconde main, de produits upcycl\u00e9s ou z\u00e9ro d\u00e9chet. Cette boutique fait partie des nouveaux commerces ayant \u00e9lu domicile dans le quartier apr\u00e8s leur passage dans le Testeur de commerce, contribuant \u00e0 cr\u00e9er un v\u00e9ritable \u00e9cosyst\u00e8me local d\u00e9j\u00e0 initi\u00e9 par la Semaest.<\/p>\n<p><strong>L&rsquo;appartement de la seconde main<\/strong><\/p>\n<p>Dans une atmosph\u00e8re contemporaine, vous entrerez dans un lieu tr\u00e8s singulier et pourtant tr\u00e8s familier, pens\u00e9 comme un appartement, aux pi\u00e8ces remplies d&rsquo;objets du quotidien. La tasse, le fauteuil, le cadre, la robe, tout sera l\u00e0 pour vous, s\u00e9lectionn\u00e9 avec soin et de seconde main.<\/p>\n<p>\u00ab Une partie de la s\u00e9lection sera faite par l&rsquo;\u00e9quipe d&rsquo;En Second Lieu et nous allons \u00e9galement collaborer avec des marques de seconde main, des cr\u00e9ateurs d&rsquo;upcycling et des marques de z\u00e9ro d\u00e9chet, pour donner de la visibilit\u00e9 et encourager toute forme de consommation responsable \u00bb, pr\u00e9cise Ana\u00efs, fondatrice d&rsquo;En Second Lieu.<\/p>\n<p>Parce que ce n&rsquo;est pas qu&rsquo;une tendance et qu&rsquo;il y a <a href=\"https:\/\/www.veterinaire-st-roch.fr\/services-veterinaires\/urgences-veterinaires\/\">urgence<\/a>, les canaux de distribution de la seconde main doivent se multiplier et r\u00e9pondre \u00e0 une exigence de qualit\u00e9 et de curiosit\u00e9.<\/p>\n<p>\u00ab La seconde main, qui souffre encore de nombreux a priori, sera mise en sc\u00e8ne dans ce lieu, pour mieux la comprendre, l&rsquo;apprivoiser et, nous esp\u00e9rons la sublimer pour la d\u00e9mocratiser \u00bb ajoute Ana\u00efs.<\/p>\n<p><strong>Du Testeur de commerce \u00e0 la boutique : essai transform\u00e9 pour \u00ab En Second Lieu \u00bb<\/strong><\/p>\n<p>A l&rsquo;origine du projet \u00ab En Second Lieu \u00bb : Ana\u00efs Uzan. Trentenaire parisienne, Ana\u00efs a travaill\u00e9 dans le milieu du cin\u00e9ma pendant quelques ann\u00e9es.<\/p>\n<p>Au printemps 2018, apr\u00e8s une rencontre avec Anna Bergstr\u00f6m, responsable de Retuna Aterbruksgalleria (le premier centre-commercial de produits de seconde main en Su\u00e8de), elle d\u00e9cide de changer de vie. D&rsquo;apporter une coh\u00e9rence entre sa vie quotidienne, ses valeurs, ses engagements militants et son ambition professionnelle. En Second Lieu est n\u00e9.<\/p>\n<p>En d\u00e9cembre 2020, Ana\u00efs investit pour un mois le Testeur de commerce de la rue du Ch\u00e2teau d&rsquo;Eau (Paris 10e). Propri\u00e9t\u00e9 de la Semaest, soci\u00e9t\u00e9 d&rsquo;\u00e9conomie mixte de la Ville de Paris sp\u00e9cialis\u00e9e dans l&rsquo;accompagnement des commerces de proximit\u00e9, le \u00ab Testeur de commerce \u00bb est un lieu destin\u00e9 \u00e0 l&rsquo;exp\u00e9rimentation de nouveaux concepts de commerces \u00e0 Paris.<\/p>\n<p>Comme Ana\u00efs, pr\u00e8s de 50 entrepreneurs provenant d&rsquo;univers tr\u00e8s diff\u00e9rents ont occup\u00e9 le \u00ab Testeur de commerce \u00bb depuis 2015. 50% d&rsquo;entre eux ont ouvert une boutique p\u00e9renne \u00e0 la suite de cette exp\u00e9rience. Plusieurs se sont install\u00e9s \u00e0 proximit\u00e9 imm\u00e9diate du local, participant activement \u00e0 la cr\u00e9ation d&rsquo;un \u00e9cosyst\u00e8me ultra-local d\u00e9j\u00e0 initi\u00e9 par la Semaest dans le quartier.<\/p>\n<p>Forte de cette exp\u00e9rience tr\u00e8s positive, qui lui a permis de valider l&rsquo;attractivit\u00e9 de son concept et la n\u00e9cessit\u00e9 de l&rsquo;inscrire dans le quotidien des habitants du quartier, Ana\u00efs propose au num\u00e9ro 58 de cette m\u00eame rue, une nouvelle version plus aboutie de son \u00ab appartement de la seconde main \u00bb.<\/p>\n<p>Malgr\u00e9 la crise sanitaire, elle est convaincue que le magasin physique a encore de longues ann\u00e9es devant lui \u00ab Un objet a ses asp\u00e9rit\u00e9s, il faut le toucher pour l&rsquo;aimer ! Un v\u00eatement a une coupe, il faut l&rsquo;essayer pour l&rsquo;adopter ! \u00bb.<\/p>\n<table cellspacing=\"0\" cellpadding=\"0\">\n<tbody>\n<tr>\n<td colspan=\"5\">L&rsquo;appartement de la seconde main\u00a0:<\/p>\n<p>Ouverture le 21\/05\/2021<\/p>\n<p>58\u00a0rue du Ch\u00e2teau d&rsquo;eau, Paris 10\u00e8me<\/p>\n<p>Du mardi au samedi 11h-19h<\/p>\n<p><a href=\"http:\/\/www.ensecondlieu.fr\/\">www.ensecondlieu.fr<\/a><\/td>\n<\/tr>\n<tr>\n<td colspan=\"5\"><\/td>\n<\/tr>\n<tr>\n<td colspan=\"5\"><strong>A propos de la\u00a0Semaest<\/strong><\/p>\n<p>La\u00a0Semaest, soci\u00e9t\u00e9 d&rsquo;\u00e9conomie mixte de la Ville de Paris, a d\u00e9velopp\u00e9 une expertise unique en mati\u00e8re de d\u00e9veloppement \u00e9conomique local. Gr\u00e2ce \u00e0 son action, plus 650 locaux commerciaux ont \u00e9t\u00e9 r\u00e9affect\u00e9s pour accueillir des commer\u00e7ants et artisans ind\u00e9pendants. La\u00a0Semaest\u00a0favorise l&rsquo;\u00e9mergence d&rsquo;une nouvelle \u00e9conomie de proximit\u00e9 et agit au quotidien en faveur de concepts de commerce innovants, porteurs de sens, de lien social et d&#8217;emploi local.<\/p>\n<p>Depuis 2015, le \u00ab\u00a0Testeur de commerce\u00a0\u00bb favorise l&rsquo;\u00e9closion de nouveaux concepts de commerces \u00e0 Paris. Disponible \u00e0 la location entre quelques semaines et plusieurs mois, il permet aux porteurs de projets de tester en conditions r\u00e9elles leur activit\u00e9 avant de se lancer dans la location d&rsquo;une boutique de mani\u00e8re p\u00e9renne.<\/td>\n<\/tr>\n<\/tbody>\n<\/table>\n","protected":false},"excerpt":{"rendered":"<p>Apr\u00e8s une exp\u00e9rience r\u00e9ussie dans le Testeur de commerce du 14 rue du Ch\u00e2teau d\u2019Eau (Paris 10e), En Second Lieu ouvre \u00ab l\u2019appartement de la seconde main \u00bb au num\u00e9ro 58 de la m\u00eame rue. Il s\u2019agit d\u2019un lieu pens\u00e9 comme un appartement, aux pi\u00e8ces remplies d\u2019objets du quotidien de seconde main, de produits upcycl\u00e9s [&hellip;]<\/p>\n","protected":false},"author":2,"featured_media":0,"comment_status":"closed","ping_status":"closed","sticky":false,"template":"","format":"standard","meta":[],"categories":[22],"tags":[],"amp_enabled":true,"_links":{"self":[{"href":"https:\/\/www.agglotv.com\/index.php?rest_route=\/wp\/v2\/posts\/58020"}],"collection":[{"href":"https:\/\/www.agglotv.com\/index.php?rest_route=\/wp\/v2\/posts"}],"about":[{"href":"https:\/\/www.agglotv.com\/index.php?rest_route=\/wp\/v2\/types\/post"}],"author":[{"embeddable":true,"href":"https:\/\/www.agglotv.com\/index.php?rest_route=\/wp\/v2\/users\/2"}],"replies":[{"embeddable":true,"href":"https:\/\/www.agglotv.com\/index.php?rest_route=%2Fwp%2Fv2%2Fcomments&post=58020"}],"version-history":[{"count":1,"href":"https:\/\/www.agglotv.com\/index.php?rest_route=\/wp\/v2\/posts\/58020\/revisions"}],"predecessor-version":[{"id":58022,"href":"https:\/\/www.agglotv.com\/index.php?rest_route=\/wp\/v2\/posts\/58020\/revisions\/58022"}],"wp:attachment":[{"href":"https:\/\/www.agglotv.com\/index.php?rest_route=%2Fwp%2Fv2%2Fmedia&parent=58020"}],"wp:term":[{"taxonomy":"category","embeddable":true,"href":"https:\/\/www.agglotv.com\/index.php?rest_route=%2Fwp%2Fv2%2Fcategories&post=58020"},{"taxonomy":"post_tag","embeddable":true,"href":"https:\/\/www.agglotv.com\/index.php?rest_route=%2Fwp%2Fv2%2Ftags&post=58020"}],"curies":[{"name":"wp","href":"https:\/\/api.w.org\/{rel}","templated":true}]}}