{"id":57991,"date":"2021-06-17T11:43:24","date_gmt":"2021-06-17T11:43:24","guid":{"rendered":"https:\/\/www.agglotv.com\/?p=57991"},"modified":"2021-06-17T11:43:27","modified_gmt":"2021-06-17T11:43:27","slug":"modernite-elegance-et-emotion-le-festival-de-television-de-monte-carlo-devoile-son-identite-sonore","status":"publish","type":"post","link":"https:\/\/www.agglotv.com\/?p=57991","title":{"rendered":"MODERNIT\u00c9, \u00c9L\u00c9GANCE ET \u00c9MOTION : LE FESTIVAL DE T\u00c9L\u00c9VISION DE MONTE-CARLO D\u00c9VOILE SON IDENTIT\u00c9 SONORE"},"content":{"rendered":"<p><a href=\"https:\/\/www.agglotv.com\/wp-content\/up\/sixiemesonmontecarlo.jpeg\"><img loading=\"lazy\" class=\"alignleft size-full wp-image-57992\" src=\"https:\/\/www.agglotv.com\/wp-content\/up\/sixiemesonmontecarlo.jpeg\" alt=\"\" width=\"226\" height=\"133\" \/><\/a>60 ans&#8230;\u00a0Un anniversaire que le <a href=\"https:\/\/www.doubleface-carcassonne.com\/?p=4683\">Festival<\/a> de T\u00e9l\u00e9vision de Monte-Carlo souhaitait marquer d&rsquo;une pierre blanche. Tradition, protocole, c\u00e9r\u00e9monial de l&#8217;embl\u00e9matique tapis rouge\u00a0mais aussi nouveaut\u00e9 et modernit\u00e9 d&rsquo;un \u00e9v\u00e9nement devenu incontournable : c&rsquo;est ce qu&rsquo;incarne l&rsquo;identit\u00e9 sonore cr\u00e9\u00e9e par Sixi\u00e8me Son pour le Festival. Une collaboration in\u00e9dite pour faire vivre l&rsquo;\u00e9v\u00e9nement tout au long de l&rsquo;ann\u00e9e et qui sera \u00e0 d\u00e9couvrir \u00e0 l&rsquo;occasion de la C\u00e9r\u00e9monie d&rsquo;Ouverture le vendredi 18 juin 2021.<\/p>\n\n\n<p><strong>UNE STRAT<\/strong><strong>\u00c9<\/strong><strong>GIE SONORE BIEN ORCHESTR<\/strong><strong>\u00c9<\/strong><strong>E<\/strong><\/p>\n\n\n\n<p>C&rsquo;est \u00e0 l&rsquo;unanimit\u00e9 que le projet a \u00e9t\u00e9 valid\u00e9 par la direction du Festival&nbsp;et ses responsables de la communication.&nbsp;<em>\u00ab Le comit\u00e9 d<\/em><em>&lsquo;<\/em><em>\u00e9coute<\/em>&nbsp;<em>s&rsquo;est<\/em>&nbsp;<em>vu imm\u00e9diatement plong\u00e9 dans<\/em>&nbsp;<em>l&rsquo;univers<\/em>&nbsp;<em>du Festival et de ses moments d<\/em><em>&lsquo;<\/em><em>exception<\/em>&nbsp;<em>\u00bb<\/em>, pr\u00e9cise C\u00e9cile Enrici, Directrice Ex\u00e9cutive du Festival. L&rsquo;identit\u00e9 sonore devait v\u00e9hiculer \u00e0 la fois le frisson et le suspense inh\u00e9rents \u00e0 ce type d&rsquo;\u00e9v\u00e9nement au service de l&rsquo;\u00e9motion des festivaliers, des c\u00e9l\u00e9brit\u00e9s et d&rsquo;un plus large public qui suit l&rsquo;actualit\u00e9 du Festival.<\/p>\n\n\n\n<p>Savant m\u00e9lange de tradition et de modernit\u00e9, l&rsquo;identit\u00e9 sonore a \u00e9t\u00e9 pens\u00e9e pour r\u00e9pondre aux codes classiques d&rsquo;un Festival tout en s&rsquo;affranchissant de l&rsquo;univers trop protocolaire, parfois r\u00e9barbatif, souvent peu identitaire des musiques habituelles. Une m\u00e9lodie jou\u00e9e par un ensemble de violons r\u00e9pond \u00e0 une batterie dynamique qui apporte rondeur, l\u00e9g\u00e8ret\u00e9 et coh\u00e9rence \u00e0 l&rsquo;ensemble.<\/p>\n\n\n\n<p><strong>UN MOD<\/strong><strong>\u00c8<\/strong><strong>LE DE D<\/strong><strong>\u00c9<\/strong><strong>PLOIEMENT STRAT<\/strong><strong>\u00c9<\/strong><strong>GIQUE<\/strong><\/p>\n\n\n\n<p>Vid\u00e9os promotionnelles, teasers, best of&#8230;&nbsp;L&rsquo;identit\u00e9 sonore habillera la communication digitale du Festival tout au long de&nbsp;l&rsquo;ann\u00e9e&nbsp;mais a aussi \u00e9t\u00e9 taill\u00e9e sur-mesure pour l&rsquo;\u00e9v\u00e9nementiel. Elle rythmera C\u00e9r\u00e9monies d&rsquo;Ouverture et des Nymphes d&rsquo;Or et accompagnera chaque mont\u00e9e de sc\u00e8ne des laur\u00e9ats et des c\u00e9l\u00e9brit\u00e9s qui y sont honor\u00e9es.<\/p>\n\n\n\n<p>Fruit de la vision strat\u00e9gique tr\u00e8s globale des organisateurs du Festival, le d\u00e9voilement de l&rsquo;identit\u00e9 sonore intervient au moment du lancement de la 60e \u00e9dition qui se tiendra du 18 au 22 juin. Avec une notori\u00e9t\u00e9 \u00e9tablie dans le paysage t\u00e9l\u00e9visuel, le Festival de T\u00e9l\u00e9vision de Monte-Carlo a fait preuve d&rsquo;audace pour laisser une empreinte non plus seulement visuelle mais sonore indispensable, et ainsi continuer \u00e0 \u00e9crire l&rsquo;histoire de sa marque.<\/p>\n\n\n\n<p>Pour C\u00e9cile Enrici&nbsp;:&nbsp;<em>\u00ab<\/em>&nbsp;<em>La 60<\/em><em><sup>e<\/sup><\/em><em>&nbsp;\u00e9dition se doit de marquer l<\/em><em>&lsquo;<\/em><em>histoire de l<\/em><em>&lsquo;<\/em><em>\u00e9v\u00e9nement. C<\/em><em>&lsquo;<\/em><em>est la raison pour laquelle cet anniversaire a \u00e9t\u00e9 choisi pour d\u00e9ployer une identit\u00e9 sonore et asseoir encore davantage la notori\u00e9t\u00e9 du Festival dans le paysage&nbsp;<\/em><em>de l<\/em><em>&lsquo;<\/em><em>audiovisuel et&nbsp;<\/em><em>de ses grands rendez-vous annuels. Elle va apporter encore plus d<\/em><em>&lsquo;<\/em><em>\u00e9motion \u00e0 notre large audience.<\/em>&nbsp;<em>\u00bb<\/em><\/p>\n\n\n\n<p>Pour Laurent Cochini, Directeur g\u00e9n\u00e9ral de Sixi\u00e8me Son&nbsp;:<em>&nbsp;<\/em><em>\u00ab<\/em>&nbsp;<em>La collaboration avec le Festival a trouv\u00e9 son point d<\/em><em>&lsquo;<\/em><em>orgue dans la cr\u00e9ation r\u00e9alis\u00e9e avec le talent de toute l&rsquo;\u00e9quipe et notamment&nbsp;<\/em><em>Eric Caissy et David Delazyn. Dot\u00e9e d<\/em><em>&lsquo;<\/em><em>une forte personnalit\u00e9, l<\/em><em>&lsquo;<\/em><em>identit\u00e9 sonore ne d\u00e9nature pas l<\/em><em>&lsquo;<\/em><em>image du Festival mais vient au contraire lui apporter un suppl\u00e9ment d<\/em><em>&lsquo;<\/em><em>\u00e2me et une amplitude qui feront retentir l<\/em><em>&lsquo;<\/em><em>\u00e9v\u00e9nement tout au long de l<\/em><em>&lsquo;<\/em><em>ann\u00e9e, en France et \u00e0 l<\/em><em>&lsquo;<\/em><em>international.<\/em>&nbsp;<em>\u00bb<\/em><\/p>\n\n\n\n<p><strong>D<\/strong><strong>\u00c9<\/strong><strong>COUVREZ<\/strong><\/p>\n\n\n\n<ul><li><a href=\"https:\/\/youtu.be\/wB-NHWKO_z8\">Le film de pr\u00e9sentation de l&rsquo;identit\u00e9 sonore<\/a><\/li><li><a href=\"https:\/\/soundcloud.com\/sixieme-son-design-musical\/festival-tv-de-monte-carlo?in=sixieme-son-design-musical\/sets\/festival-de-tv-de-monte-carlo\">L&rsquo;identit\u00e9 sonore<\/a><\/li><li><a href=\"https:\/\/soundcloud.com\/sixieme-son-design-musical\/festival-tv-de-monte-carlo-1?in=sixieme-son-design-musical\/sets\/festival-de-tv-de-monte-carlo\">La signature sonore<\/a><\/li><\/ul>\n","protected":false},"excerpt":{"rendered":"<p>60 ans&#8230;\u00a0Un anniversaire que le Festival de T\u00e9l\u00e9vision de Monte-Carlo souhaitait marquer d&rsquo;une pierre blanche. Tradition, protocole, c\u00e9r\u00e9monial de l&#8217;embl\u00e9matique tapis rouge\u00a0mais aussi nouveaut\u00e9 et modernit\u00e9 d&rsquo;un \u00e9v\u00e9nement devenu incontournable : c&rsquo;est ce qu&rsquo;incarne l&rsquo;identit\u00e9 sonore cr\u00e9\u00e9e par Sixi\u00e8me Son pour le Festival. Une collaboration in\u00e9dite pour faire vivre l&rsquo;\u00e9v\u00e9nement tout au long de l&rsquo;ann\u00e9e [&hellip;]<\/p>\n","protected":false},"author":2,"featured_media":0,"comment_status":"closed","ping_status":"closed","sticky":false,"template":"","format":"standard","meta":[],"categories":[3],"tags":[],"amp_enabled":true,"_links":{"self":[{"href":"https:\/\/www.agglotv.com\/index.php?rest_route=\/wp\/v2\/posts\/57991"}],"collection":[{"href":"https:\/\/www.agglotv.com\/index.php?rest_route=\/wp\/v2\/posts"}],"about":[{"href":"https:\/\/www.agglotv.com\/index.php?rest_route=\/wp\/v2\/types\/post"}],"author":[{"embeddable":true,"href":"https:\/\/www.agglotv.com\/index.php?rest_route=\/wp\/v2\/users\/2"}],"replies":[{"embeddable":true,"href":"https:\/\/www.agglotv.com\/index.php?rest_route=%2Fwp%2Fv2%2Fcomments&post=57991"}],"version-history":[{"count":1,"href":"https:\/\/www.agglotv.com\/index.php?rest_route=\/wp\/v2\/posts\/57991\/revisions"}],"predecessor-version":[{"id":57993,"href":"https:\/\/www.agglotv.com\/index.php?rest_route=\/wp\/v2\/posts\/57991\/revisions\/57993"}],"wp:attachment":[{"href":"https:\/\/www.agglotv.com\/index.php?rest_route=%2Fwp%2Fv2%2Fmedia&parent=57991"}],"wp:term":[{"taxonomy":"category","embeddable":true,"href":"https:\/\/www.agglotv.com\/index.php?rest_route=%2Fwp%2Fv2%2Fcategories&post=57991"},{"taxonomy":"post_tag","embeddable":true,"href":"https:\/\/www.agglotv.com\/index.php?rest_route=%2Fwp%2Fv2%2Ftags&post=57991"}],"curies":[{"name":"wp","href":"https:\/\/api.w.org\/{rel}","templated":true}]}}