{"id":57352,"date":"2021-05-04T08:54:56","date_gmt":"2021-05-04T08:54:56","guid":{"rendered":"https:\/\/www.agglotv.com\/?p=57352"},"modified":"2021-05-04T08:54:58","modified_gmt":"2021-05-04T08:54:58","slug":"coffim-et-meininger-concoivent-un-hotel-au-concept-innovant-de-574-lits","status":"publish","type":"post","link":"https:\/\/www.agglotv.com\/?p=57352","title":{"rendered":"COFFIM et MEININGER con\u00e7oivent un h\u00f4tel au concept innovant de 574 lits"},"content":{"rendered":"<p><a href=\"https:\/\/www.agglotv.com\/wp-content\/up\/coffim.jpg\"><img loading=\"lazy\" class=\"alignleft size-medium wp-image-56140\" src=\"https:\/\/www.agglotv.com\/wp-content\/up\/coffim-300x154.jpg\" alt=\"\" width=\"300\" height=\"154\" srcset=\"https:\/\/www.agglotv.com\/wp-content\/up\/coffim-300x154.jpg 300w, https:\/\/www.agglotv.com\/wp-content\/up\/coffim.jpg 750w\" sizes=\"(max-width: 300px) 100vw, 300px\" \/><\/a>C\u2019est un produit \u00ab sur-mesure \u00bb que COFFIM s\u2019appr\u00eate \u00e0 livrer \u00e0 MEININGER au 25-27 rue de Forbin, au sein du quartier de la Joliette, dans le 2e arrondissement de Marseille. \u00ab Sur-mesure \u00bb car le b\u00e2timent, con\u00e7u par le cabinet Tangram Architecte, accueillera un \u00e9tablissement au concept innovant\u00a0&#8211; mi-<a href=\"https:\/\/www.hotel-audotel.com\/\">h\u00f4tel<\/a>, mi-auberge de jeunesse &#8211; d\u00e9j\u00e0 d\u00e9ploy\u00e9 par le groupe MEININGER \u00e0 Paris, <a href=\"https:\/\/www.ecocarton.fr\/cartons-demenagement-lyon-v-2.html\">Lyon<\/a> et Bordeaux.<\/p>\n\n\n<p>D\u2019une surface de 6 860 m2, l\u2019actif en R+6, acquis en Vefa par BNP Paribas REIM en 2020, pour le compte de la SCPI Accimmo Pierre, d\u00e9veloppera 194 chambres (112 chambres multi-lits, 82 en formule classique), soit un total de 574 lits.<\/p>\n\n\n\n<p>Ces chambres de 16 \u00e0 27 m2, dont la d\u00e9coration a \u00e9t\u00e9 confi\u00e9e \u00e0 l\u2019architecte d\u2019int\u00e9rieur Karawitz, comprendront 2 \u00e0 6 places de couchage. Elles seront \u00e9quip\u00e9es de bureaux, t\u00e9l\u00e9visions et autres armoires de rangement individuelles, s\u00e9lectionn\u00e9es en amont par le groupe h\u00f4telier, qui exploitera les lieux.<\/p>\n\n\n\n<p><strong>Un travail en commun pour r\u00e9pondre \u00e0 un cahier des charges tr\u00e8s pr\u00e9cis<br><br><\/strong>Cette vari\u00e9t\u00e9 d\u2019espaces a pouss\u00e9 COFFIM, Ma\u00eetre d\u2019Ouvrage du projet, et MEININGER \u00e0 travailler main dans la main afin de r\u00e9pondre \u00e0 un cahier des charges tr\u00e8s pr\u00e9cis, li\u00e9 notamment \u00e0 une hauteur sous plafond de 2,70 m\u00e8tres permettant d\u2019accueillir des lits superpos\u00e9s au sein des 112 chambres multi-lits (60 de 3 couchages, 42 de 4 couchages et 10 de 6 couchages).<\/p>\n\n\n\n<p><em>\u00ab\u00a0Par essence, COFFIM est un promoteur tr\u00e8s investi sur les th\u00e9matiques des r\u00e9sidences services et de l\u2019h\u00f4tellerie\u00a0\u00bb,\u00a0<\/em>d\u00e9clare Thibault Dutreix, Directeur G\u00e9n\u00e9ral de COFFIM.\u00a0<em>\u00ab\u00a0En int\u00e9grant le concept innovant MEININGER, COFFIM prouve son expertise pour concevoir et r\u00e9aliser un programme qui se positionne sur le segment des h\u00f4tels hybrides. Ce projet porte la marque des convictions de notre groupe, tourn\u00e9 vers les nouvelles formes de l\u2019h\u00f4tellerie et l\u2019\u00e9volution des usages \u00bb.<br><br><\/em>Certifi\u00e9 HQE niveau excellent et r\u00e9pondant \u00e0 des exigences acoustiques \u00e9lev\u00e9es, l\u2019\u00e9tablissement h\u00f4telier, qui voit le jour au c\u0153ur du p\u00e9rim\u00e8tre d\u2019Eurom\u00e9diterran\u00e9e, b\u00e9n\u00e9ficiera de vues sur la cath\u00e9drale de La Major et sur le port de Marseille. Il accueillera de nombreux espaces partag\u00e9s (bar, <a href=\"https:\/\/www.pro-forage.com\/\">cuisine<\/a> en libre-service, salle de d\u00e9tente avec billard et baby-foot, laverie, jardin, terrain de p\u00e9tanque, etc.).<\/p>\n\n\n\n<p><strong>Un concept d\u2019h\u00f4tellerie hybride en vogue<br><br><\/strong>Ces espaces sont fid\u00e8les au concept innovant propos\u00e9 par l\u2019h\u00f4telier, qui s\u2019adresse \u00e0 de jeunes touristes, \u00e0 des voyageurs d\u2019affaires, \u00e0 des groupes scolaires ou encore \u00e0 des familles, susceptibles de louer une chambre \u00e0 la journ\u00e9e ou un simple lit. Un concept, d\u00e9j\u00e0 populaire en Islande et en Gr\u00e8ce, qui repose sur l\u2019alliance du service et du confort d\u2019un h\u00f4tel \u00e9conomique international, avec un am\u00e9nagement pens\u00e9 comme une auberge de jeunesse nouvelle g\u00e9n\u00e9ration.<\/p>\n\n\n\n<p><em>\u00ab Nous sommes fiers d&rsquo;\u00e9tendre la pr\u00e9sence de&nbsp;<\/em>MEININGER<em>&nbsp;en France. Depuis l&rsquo;arriv\u00e9e de la Covid-19, nous avons \u00e9t\u00e9 en mesure de faire \u00e9voluer nos priorit\u00e9s, tout en maintenant notre d\u00e9veloppement gr\u00e2ce \u00e0 notre programme d&rsquo;ouverture. Marseille est le quatri\u00e8me site fran\u00e7ais de&nbsp;<\/em>MEININGER<em>&nbsp;depuis 2019 apr\u00e8s des ouvertures \u00e0 Paris, Lyon et Bordeaux \u00bb,<\/em>&nbsp;d\u00e9clare Doros Theodorou, Chief Commercial Officer de MEININGER HOTELS. Il ajoute :&nbsp;<em>\u00ab le concept d&rsquo;h\u00f4tel hybride du groupe s&rsquo;adresse \u00e0 une cible large, des touristes aux familles en passant par les voyageurs d&rsquo;affaires et les groupes scolaires. La structure flexible de nos chambres, allant de 2 \u00e0 6 lits, compense la volatilit\u00e9 du march\u00e9 et permet une efficacit\u00e9 op\u00e9rationnelle maximis\u00e9e en p\u00e9riode de pointe. \u00c0 l\u2019avenir, nous visons \u00e0 \u00e9tendre encore davantage ce concept d&rsquo;accueil \u00e0 succ\u00e8s \u00e0 travers l&rsquo;Europe \u00bb.<\/em><\/p>\n","protected":false},"excerpt":{"rendered":"<p>C\u2019est un produit \u00ab sur-mesure \u00bb que COFFIM s\u2019appr\u00eate \u00e0 livrer \u00e0 MEININGER au 25-27 rue de Forbin, au sein du quartier de la Joliette, dans le 2e arrondissement de Marseille. \u00ab Sur-mesure \u00bb car le b\u00e2timent, con\u00e7u par le cabinet Tangram Architecte, accueillera un \u00e9tablissement au concept innovant\u00a0&#8211; mi-h\u00f4tel, mi-auberge de jeunesse &#8211; d\u00e9j\u00e0 [&hellip;]<\/p>\n","protected":false},"author":2,"featured_media":0,"comment_status":"closed","ping_status":"closed","sticky":false,"template":"","format":"standard","meta":[],"categories":[4],"tags":[],"amp_enabled":true,"_links":{"self":[{"href":"https:\/\/www.agglotv.com\/index.php?rest_route=\/wp\/v2\/posts\/57352"}],"collection":[{"href":"https:\/\/www.agglotv.com\/index.php?rest_route=\/wp\/v2\/posts"}],"about":[{"href":"https:\/\/www.agglotv.com\/index.php?rest_route=\/wp\/v2\/types\/post"}],"author":[{"embeddable":true,"href":"https:\/\/www.agglotv.com\/index.php?rest_route=\/wp\/v2\/users\/2"}],"replies":[{"embeddable":true,"href":"https:\/\/www.agglotv.com\/index.php?rest_route=%2Fwp%2Fv2%2Fcomments&post=57352"}],"version-history":[{"count":1,"href":"https:\/\/www.agglotv.com\/index.php?rest_route=\/wp\/v2\/posts\/57352\/revisions"}],"predecessor-version":[{"id":57353,"href":"https:\/\/www.agglotv.com\/index.php?rest_route=\/wp\/v2\/posts\/57352\/revisions\/57353"}],"wp:attachment":[{"href":"https:\/\/www.agglotv.com\/index.php?rest_route=%2Fwp%2Fv2%2Fmedia&parent=57352"}],"wp:term":[{"taxonomy":"category","embeddable":true,"href":"https:\/\/www.agglotv.com\/index.php?rest_route=%2Fwp%2Fv2%2Fcategories&post=57352"},{"taxonomy":"post_tag","embeddable":true,"href":"https:\/\/www.agglotv.com\/index.php?rest_route=%2Fwp%2Fv2%2Ftags&post=57352"}],"curies":[{"name":"wp","href":"https:\/\/api.w.org\/{rel}","templated":true}]}}