{"id":57304,"date":"2021-04-29T08:34:24","date_gmt":"2021-04-29T08:34:24","guid":{"rendered":"https:\/\/www.agglotv.com\/?p=57304"},"modified":"2021-04-29T08:34:28","modified_gmt":"2021-04-29T08:34:28","slug":"rentree-2021-les-nouveautes-du-bachelor-management-international-de-lem-normandie","status":"publish","type":"post","link":"https:\/\/www.agglotv.com\/?p=57304","title":{"rendered":"Rentr\u00e9e 2021 : les nouveaut\u00e9s du Bachelor Management International de l&rsquo;EM Normandie"},"content":{"rendered":"<p><strong><a href=\"https:\/\/www.agglotv.com\/wp-content\/up\/EM.jpg\"><img loading=\"lazy\" class=\"alignleft size-medium wp-image-57305\" src=\"https:\/\/www.agglotv.com\/wp-content\/up\/EM-300x300.jpg\" alt=\"\" width=\"300\" height=\"300\" srcset=\"https:\/\/www.agglotv.com\/wp-content\/up\/EM-300x300.jpg 300w, https:\/\/www.agglotv.com\/wp-content\/up\/EM-150x150.jpg 150w, https:\/\/www.agglotv.com\/wp-content\/up\/EM-768x768.jpg 768w, https:\/\/www.agglotv.com\/wp-content\/up\/EM-1024x1024.jpg 1024w, https:\/\/www.agglotv.com\/wp-content\/up\/EM-980x980.jpg 980w, https:\/\/www.agglotv.com\/wp-content\/up\/EM-50x50.jpg 50w, https:\/\/www.agglotv.com\/wp-content\/up\/EM.jpg 1500w\" sizes=\"(max-width: 300px) 100vw, 300px\" \/><\/a>A la rentr\u00e9e 2021,\u00a0<\/strong><strong>l<\/strong><strong>&lsquo;<\/strong><strong>EM Normandie\u00a0<\/strong><strong>fait \u00e9voluer son\u00a0<\/strong><strong>Bachelor<\/strong><strong>\u00a0Management Internationa<\/strong><strong>l\u00a0<\/strong><strong>(BMI) vis\u00e9 Bac+3.<\/strong>\u00a0<strong>Fid\u00e8le \u00e0 s<\/strong><strong>a p\u00e9dagogi<\/strong><strong>e<\/strong>\u00a0<strong>centr\u00e9e sur\u00a0<\/strong><strong>l<\/strong><strong>&lsquo;<\/strong><strong>exp\u00e9rience \u00e9<\/strong><strong>tudiante<\/strong>\u00a0<strong>dont l<\/strong><strong>&lsquo;<\/strong><strong>objectif\u00a0<\/strong><strong>vise la r\u00e9ussite per<\/strong><strong>sonnelle et professionnelle, la\u00a0<\/strong><strong>Business\u00a0<\/strong><strong>School<\/strong>\u00a0<strong>innove<\/strong><strong>\u00a0en ajoutant aux<\/strong><strong>\u00a0\u00e9l\u00e9ments fondateurs de son\u00a0<\/strong><strong>Bachelor<\/strong><strong>,\u00a0<\/strong><strong>plus d<\/strong><strong>&lsquo;<\/strong><strong>internationalisation<\/strong><strong>, plus\u00a0<\/strong><strong>de flexibilit\u00e9<\/strong>\u00a0<strong>dans le choix du parcours et du campus avec une fili\u00e8re alternance \u00e0<\/strong><strong>\u00a0<a href=\"https:\/\/www.ecocarton.fr\/cartons-demenagement-paris-ile-de-France-v-1.html\">Paris<\/a> et de nouvelles options\/<\/strong><strong>sp\u00e9cialisations.<\/strong><\/p>\n\n\n<p><strong>Un<\/strong><strong>e immersion i<\/strong><strong>nternationale<\/strong><strong>&nbsp;accrue<\/strong><\/p>\n\n\n\n<p>Accessible\u00a0en premi\u00e8re ann\u00e9e\u00a0aux\u00a0\u00e9l\u00e8ves de terminale\u00a0et\u00a0aux bacheliers\u00a0sur\u00a0Concours Passerelle\u00a0Bachelor\u00a0via\u00a0Parcoursup\u00a0et apr\u00e8s un Bac+2 (sur dossier) en troisi\u00e8me ann\u00e9e, le\u00a0Bachelor\u00a0Management International accentue sa dimension internationale avec\u00a0la possibilit\u00e9\u00a0de\u00a0<strong>r\u00e9aliser\u00a0l&rsquo;int\u00e9gralit\u00e9\u00a0du\u00a0cursus\u00a0en anglais<\/strong>\u00a0afin d&rsquo;acqu\u00e9rir toutes les connaissances, l&rsquo;ouverture sur le\u00a0monde et l&rsquo;exp\u00e9rience n\u00e9cessaires \u00e0 une future carri\u00e8re \u00e0 l&rsquo;international.\u00a0La\u00a0<strong>premi\u00e8re ann\u00e9e en anglais<\/strong>\u00a0(en plus de la fili\u00e8re francophone)\u00a0peut s&rsquo;effectuer\u00a0sur le tout nouveau campus du Havre. Cette ann\u00e9e\u00a0consacr\u00e9e \u00e0 l&rsquo;acquisition des fondamentaux de gestion\u00a0est\u00a0compl\u00e9t\u00e9e par la r\u00e9alisation d&rsquo;un projet associatif et\u00a0d&rsquo;un <a href=\"https:\/\/www.team-papycoach.run\/index.php\/stage-trail\/\">stage<\/a>\u00a0de d\u00e9couverte\u00a0de 2 mois\u00a0en entreprise.<\/p>\n\n\n\n<p>En 2<sup>\u00e8me<\/sup>\u00a0ann\u00e9e, deux choix s&rsquo;offrent\u00a0d\u00e9sormais\u00a0aux \u00e9tudiants\u00a0:\u00a0r\u00e9aliser\u00a0<strong>le premier semestre\u00a0100% en anglais\u00a0au Havre\u00a0et le second en \u00e9change acad\u00e9mique\u00a0\u00e0 l&rsquo;international<\/strong>\u00a0ou\u00a0opter pour\u00a0<strong>une ann\u00e9e\u00a0enti\u00e8re en \u00e9change acad\u00e9mique\u00a0<\/strong>\u00e0 l&rsquo;\u00e9tranger\u00a0dans l&rsquo;une des quelque 45 universit\u00e9s partenaires de l&rsquo;\u00e9cole\u00a0qui\u00a0proposent majoritairement des cours en anglais.\u00a0La formation\u00a0comprend\u00a0par ailleurs\u00a0un business\u00a0challenge\u00a0international sous la forme de comp\u00e9titions\u00a0entre \u00e9quipes.<\/p>\n\n\n\n<p><strong>Un&nbsp;<\/strong><strong>parcours \u00e0 la carte<\/strong><\/p>\n\n\n\n<p>D\u00e8s&nbsp;le deuxi\u00e8me semestre de&nbsp;la premi\u00e8re ann\u00e9e, les&nbsp;\u00e9tudiants&nbsp;post bac&nbsp;auront acc\u00e8s&nbsp;\u00e0&nbsp;un&nbsp;<strong>\u00e9lectif<\/strong><strong>&nbsp;au choix<\/strong>&nbsp;<strong>dans chaque semestre<\/strong><strong>,<\/strong>&nbsp;jusqu&rsquo;au&nbsp;semestre 2 de la&nbsp;2<sup>\u00e8me<\/sup>&nbsp;ann\u00e9e<strong>.&nbsp;<\/strong>Ces \u00e9lectifs de business et de culture g\u00e9n\u00e9rale favorisent l&rsquo;ouverture&nbsp;soci\u00e9tale&nbsp;et disciplinaire&nbsp;des \u00e9tudiants&nbsp;et renforcent&nbsp;leurs&nbsp;<strong>soft&nbsp;<\/strong><strong>skills<\/strong>&nbsp;de communication, de jugement et de prise de d\u00e9cision.<\/p>\n\n\n\n<p>En 3<sup>\u00e8me<\/sup>&nbsp;ann\u00e9e, les \u00e9tudiants peuvent repartir une ann\u00e9e \u00e0 l&rsquo;\u00e9tranger pour d\u00e9crocher un&nbsp;<strong>double-dipl\u00f4me&nbsp;<\/strong>en Allemagne ou en Norv\u00e8ge ou suivre une ann\u00e9e \u00e0 la carte en France en fran\u00e7ais et\/ou en anglais. Ils\/elles auront la possibilit\u00e9 de choisir&nbsp;<strong>5 \u00e9lectifs<\/strong>&nbsp;parmi 10 au semestre 1,&nbsp;compl\u00e9t\u00e9s par&nbsp;des&nbsp;cours en m\u00e9thodologie, un projet associatif&nbsp;ou citoyen&nbsp;et&nbsp;des&nbsp;cours de langue \u00e9trang\u00e8re.&nbsp;&nbsp;Ils&nbsp;choisiront parmi&nbsp;<strong>trois options<\/strong>&nbsp;au semestre 2 en anglais et\/ou en fran\u00e7ais (Digital Business, Logistique, Industries de services) qu&rsquo;ils&nbsp;compl\u00e8teront&nbsp;par un&nbsp;<strong>Cloud-<\/strong><strong>based<\/strong><strong>&nbsp;business&nbsp;<\/strong><strong>game<\/strong>&nbsp;de consolidation et&nbsp;<strong>un stage de perfectionnement<\/strong>&nbsp;de 3 \u00e0 6 mois.&nbsp;&nbsp;<\/p>\n\n\n\n<p><strong>L<\/strong><strong>&lsquo;<\/strong><strong>accompagnement&nbsp;<\/strong><strong>personnalis\u00e9 des \u00e9tudiants renforc\u00e9&nbsp;<\/strong><strong>avec le Parcours Carri\u00e8re<\/strong><\/p>\n\n\n\n<p>L&rsquo;accompagnement des jeunes dans la construction de leur projet&nbsp;personnel et&nbsp;professionnel&nbsp;est&nbsp;plus que jamais&nbsp;essentiel&nbsp;dans&nbsp;le contexte actuel.&nbsp;L&rsquo;EM Normandie renforce donc son dispositif&nbsp;<strong>Parcours Carri\u00e8re<\/strong>&nbsp;qui&nbsp;concerne&nbsp;tous les&nbsp;\u00e9tudiants d\u00e8s&nbsp;l&rsquo;int\u00e9gration et se poursuit tout au long de leur&nbsp;parcours&nbsp;et au-del\u00e0 de la diplomation gr\u00e2ce au relai&nbsp;du&nbsp;r\u00e9seau des Alumni.<\/p>\n\n\n\n<p>En plus de s\u00e9minaires int\u00e9gr\u00e9s \u00e0 chaque ann\u00e9e du\u00a0cursus, chaque \u00e9tudiant\u00a0est suivi de fa\u00e7on personnalis\u00e9e\u00a0par des experts RH qui r\u00e9pondent\u00a0\u00e0\u00a0ses\u00a0interrogations,\u00a0guident\u00a0sa\u00a0r\u00e9flexion\u00a0et\u00a0l&rsquo;am\u00e8nent\u00a0\u00e0 prendre conscience de\u00a0son\u00a0\u00e9volution, talents et valeurs.\u00a0Ce suivi\u00a0comprend\u00a0du\u00a0<a href=\"https:\/\/www.team-papycoach.run\/index.php\/plans-dentrainement-personnalises\/\">coaching<\/a> individuel en face \u00e0 face\u00a0ou \u00e0 distance,\u00a0des ateliers de retours d&rsquo;exp\u00e9riences, d&rsquo;\u00e9laboration\u00a0de\u00a0CV et\u00a0de\u00a0profil <a href=\"https:\/\/www.linkedin.com\/in\/beno%C3%AEt-lan%C3%A7on-06110717\/\">LinkedIn<\/a>,\u00a0des simulations d&rsquo;entretiens de recrutement, des\u00a0tests\u00a0de personnalit\u00e9\u00a0et du\u00a0mentoring par les Alumni.<\/p>\n\n\n\n<p>Il s&rsquo;agit\u00a0d&rsquo;inscrire\u00a0l&rsquo;\u00e9tudiant\u00a0dans une d\u00e9marche d&rsquo;am\u00e9lioration continue et\u00a0de\u00a0lui\u00a0donner\u00a0les\u00a0cl\u00e9s pour se d\u00e9marquer\u00a0en valorisant son\u00a0\u00ab offre de services \u00bb\u00a0face aux recruteurs.\u00a0Les \u00e9tudiants b\u00e9n\u00e9ficient\u00a0aussi\u00a0de multiples occasions de rencontres avec les\u00a0professionnels\u00a0: workshops m\u00e9tiers avec\u00a0des dipl\u00f4m\u00e9s, forums stages courts,\u00a0Jobdatings\u00a0alternance,\u00a0JobMeetups\u00a0(stages longs et premier emploi)\u00a0et d&rsquo;une plateforme en ligne avec des tutoriels, <a href=\"https:\/\/www.declicmotoculture.com\/261-outils\">outils<\/a>, applications et des Jobboards avec des offres de stages,\u00a0d&rsquo;alternance et\u00a0d&#8217;emploi en France et \u00e0 l&rsquo;international.<\/p>\n\n\n\n<p><strong>A propos de l<\/strong><strong>&lsquo;<\/strong><strong>EM Normandie<\/strong>&nbsp;<\/p>\n\n\n\n<p>Fond\u00e9e en 1871 parmi les premi\u00e8res grandes \u00e9coles de commerce fran\u00e7aises, l&rsquo;EM Normandie s&rsquo;est impos\u00e9e comme une institution de r\u00e9f\u00e9rence dans le monde des Business&nbsp;Schools. Elle d\u00e9tient les accr\u00e9ditations internationales EQUIS&nbsp;et&nbsp;AACSB.&nbsp;Avec&nbsp;5&nbsp;000&nbsp;\u00e9tudiants&nbsp;et professionnels dans ses programmes de formations initiales et continues dipl\u00f4mantes et&nbsp;20 000&nbsp;membres de l&rsquo;association&nbsp;Alumni&nbsp;EM Normandie \u00e0 travers le monde, l&rsquo;\u00e9cole est implant\u00e9e sur cinq campus, \u00e0 Caen, Le Havre, Paris, Oxford et Dublin.&nbsp;L&rsquo;EM Normandie forme les managers de demain, futurs gouvernants responsables pr\u00e9par\u00e9s \u00e0 la conduite du changement dans un environnement multiculturel, et elle accompagne les salari\u00e9s et dirigeants d&rsquo;entreprises tout au long de leur carri\u00e8re.&nbsp;<a href=\"http:\/\/www.em-normandie.com\/\" target=\"_blank\" rel=\"noreferrer noopener\">www.em-normandie.com<\/a><\/p>\n","protected":false},"excerpt":{"rendered":"<p>A la rentr\u00e9e 2021,\u00a0l&lsquo;EM Normandie\u00a0fait \u00e9voluer son\u00a0Bachelor\u00a0Management International\u00a0(BMI) vis\u00e9 Bac+3.\u00a0Fid\u00e8le \u00e0 sa p\u00e9dagogie\u00a0centr\u00e9e sur\u00a0l&lsquo;exp\u00e9rience \u00e9tudiante\u00a0dont l&lsquo;objectif\u00a0vise la r\u00e9ussite personnelle et professionnelle, la\u00a0Business\u00a0School\u00a0innove\u00a0en ajoutant aux\u00a0\u00e9l\u00e9ments fondateurs de son\u00a0Bachelor,\u00a0plus d&lsquo;internationalisation, plus\u00a0de flexibilit\u00e9\u00a0dans le choix du parcours et du campus avec une fili\u00e8re alternance \u00e0\u00a0Paris et de nouvelles options\/sp\u00e9cialisations. Une immersion internationale&nbsp;accrue Accessible\u00a0en premi\u00e8re ann\u00e9e\u00a0aux\u00a0\u00e9l\u00e8ves de terminale\u00a0et\u00a0aux bacheliers\u00a0sur\u00a0Concours [&hellip;]<\/p>\n","protected":false},"author":2,"featured_media":0,"comment_status":"closed","ping_status":"closed","sticky":false,"template":"","format":"standard","meta":[],"categories":[43],"tags":[],"amp_enabled":true,"_links":{"self":[{"href":"https:\/\/www.agglotv.com\/index.php?rest_route=\/wp\/v2\/posts\/57304"}],"collection":[{"href":"https:\/\/www.agglotv.com\/index.php?rest_route=\/wp\/v2\/posts"}],"about":[{"href":"https:\/\/www.agglotv.com\/index.php?rest_route=\/wp\/v2\/types\/post"}],"author":[{"embeddable":true,"href":"https:\/\/www.agglotv.com\/index.php?rest_route=\/wp\/v2\/users\/2"}],"replies":[{"embeddable":true,"href":"https:\/\/www.agglotv.com\/index.php?rest_route=%2Fwp%2Fv2%2Fcomments&post=57304"}],"version-history":[{"count":1,"href":"https:\/\/www.agglotv.com\/index.php?rest_route=\/wp\/v2\/posts\/57304\/revisions"}],"predecessor-version":[{"id":57306,"href":"https:\/\/www.agglotv.com\/index.php?rest_route=\/wp\/v2\/posts\/57304\/revisions\/57306"}],"wp:attachment":[{"href":"https:\/\/www.agglotv.com\/index.php?rest_route=%2Fwp%2Fv2%2Fmedia&parent=57304"}],"wp:term":[{"taxonomy":"category","embeddable":true,"href":"https:\/\/www.agglotv.com\/index.php?rest_route=%2Fwp%2Fv2%2Fcategories&post=57304"},{"taxonomy":"post_tag","embeddable":true,"href":"https:\/\/www.agglotv.com\/index.php?rest_route=%2Fwp%2Fv2%2Ftags&post=57304"}],"curies":[{"name":"wp","href":"https:\/\/api.w.org\/{rel}","templated":true}]}}