{"id":54426,"date":"2020-04-24T07:22:26","date_gmt":"2020-04-24T07:22:26","guid":{"rendered":"https:\/\/www.agglotv.com\/?p=54426"},"modified":"2020-04-24T07:22:28","modified_gmt":"2020-04-24T07:22:28","slug":"reprise-progressive-de-la-production-de-lid-3-a-lusine-de-zwickau","status":"publish","type":"post","link":"https:\/\/www.agglotv.com\/?p=54426","title":{"rendered":"Reprise progressive de la production de l\u2019ID.3 \u00e0 l\u2019usine de Zwickau"},"content":{"rendered":"<p><a href=\"https:\/\/www.agglotv.com\/wp-content\/up\/559649-500x308.jpg\"><img loading=\"lazy\" class=\"alignleft size-medium wp-image-54427\" src=\"https:\/\/www.agglotv.com\/wp-content\/up\/559649-500x308-300x185.jpg\" alt=\"\" width=\"300\" height=\"185\" srcset=\"https:\/\/www.agglotv.com\/wp-content\/up\/559649-500x308-300x185.jpg 300w, https:\/\/www.agglotv.com\/wp-content\/up\/559649-500x308.jpg 500w\" sizes=\"(max-width: 300px) 100vw, 300px\" \/><\/a>L\u2019usine Volkswagen de Zwickau reprend progressivement la production de v\u00e9hicules \u00e9lectriques. La production de l\u2019ID.3 100 % \u00e9lectrique reprend aujourd\u2019hui (jeudi) avec, pour commencer, une capacit\u00e9 r\u00e9duite et des dur\u00e9es de <a href=\"https:\/\/www.anais-discount.com\/pieces-et-accessoires-partie-cycle-xsl-892_893.html\">cycle<\/a> largement rallong\u00e9es. De nombreuses mesures destin\u00e9es \u00e0 prot\u00e9ger la sant\u00e9 du personnel sont appliqu\u00e9es et le red\u00e9marrage est \u00e9galement ax\u00e9 sur la stabilisation progressive des cha\u00eenes d\u2019approvisionnement internationales. \u00ab Nous avons tous une t\u00e2che historique \u00e0 accomplir. Cette t\u00e2che consiste \u00e0 prot\u00e9ger la sant\u00e9 de nos employ\u00e9s tout en remettant l\u2019activit\u00e9 sur la bonne voie de mani\u00e8re responsable \u00bb, explique Thomas Ulbrich, membre du Directoire de la marque Volkswagen en charge de l\u2019\u00e9lectro-mobilit\u00e9 et porte-parole du Directoire de Volkswagen Sachsen.<\/p>\n<p>Selon Thomas Ulbrich, la situation actuelle exige de nouvelles priorit\u00e9s. \u00ab Chez Volkswagen, la sant\u00e9 prend le pas sur la rapidit\u00e9. En ce moment, la pr\u00e9occupation principale n\u2019est pas le nombre de v\u00e9hicules produits par jour. L\u2019important est que le processus de transformation vers la mobilit\u00e9 \u00e9lectrique, qui \u00e9tait d\u00e9j\u00e0 en cours, reprenne peu \u00e0 peu \u00e0 compter d\u2019aujourd\u2019hui. L\u2019ID.3 est un projet cl\u00e9 pour Volkswagen. \u00bb<\/p>\n<p>Au cours de la phase de reprise initiale, 50 ID.3 seront produites chaque jour \u00e0 Zwickau \u00e0 une cadence r\u00e9duite, ce qui correspond \u00e0 environ un tiers du volume de production d\u2019avant la crise du Coronavirus. Zwickau est la premi\u00e8re usine de v\u00e9hicules de Volkswagen en Allemagne \u00e0 reprendre prudemment la production apr\u00e8s sa mise \u00e0 l\u2019arr\u00eat \u00e0 la mi-mars. Certaines usines de composants ont d\u00e9j\u00e0 recommenc\u00e9 \u00e0 fournir des pi\u00e8ces, dans le respect de mesures de protection appropri\u00e9es. La production a \u00e9galement repris dans la plupart des usines Volkswagen en Chine.<\/p>\n<p>L\u2019usine de moteurs de Chemnitz reprend, elle aussi, progressivement la production \u00e0 compter d\u2019aujourd\u2019hui, jeudi 23 avril. Viendra ensuite la reprise \u00e9chelonn\u00e9e de la production de la Golf SW \u00e0 Zwickau le lundi 27 avril. Ce m\u00eame jour, l\u2019Usine de Verre de Dresde relancera la production de l\u2019e-Golf \u00e0 capacit\u00e9 r\u00e9duite, sachant que les clients ont pu recommencer \u00e0 prendre livraison de leurs v\u00e9hicules neufs \u00e0 Dresde d\u00e8s le 20 avril.<\/p>\n<p>Jens Rothe, Pr\u00e9sident du Comit\u00e9 Central d\u2019Entreprise de Volkswagen Sachsen, souligne que, dans le cadre du red\u00e9marrage de la production, la priorit\u00e9 va \u00e0 la <a href=\"https:\/\/www.ecocarton.fr\/housse-de-protection-pour-tables-rondes-diametre-125-cm-x-81-cm-p-252.html\">protection<\/a> et \u00e0 la sant\u00e9 des employ\u00e9s. \u00c0 cet effet, Volkswagen Sachsen et le Comit\u00e9 Central d&rsquo;Entreprise ont conclu un accord d\u2019entreprise qui d\u00e9finit des r\u00e8gles claires. \u00ab Nous avons conclu un accord portant sur de nouvelles mesures destin\u00e9es \u00e0 prot\u00e9ger les employ\u00e9s. Une chose est claire : nous ne prendrons aucun risque ; la sant\u00e9 des employ\u00e9s est une priorit\u00e9 absolue, m\u00eame si nous devons, pour cela, produire moins de v\u00e9hicules \u00bb, explique Jens Rothe.<\/p>\n<p>Chez Volkswagen Sachsen, la production reprendra progressivement au cas par cas. Le constructeur et le Comit\u00e9 d\u2019Entreprise se sont mis d\u2019accord sur un ensemble complet de mesures de protection contre le virus. Ces mesures comprennent des r\u00e8gles pr\u00e9cises en mati\u00e8re de distanciation et d\u2019hygi\u00e8ne, l\u2019obligation de porter un <a href=\"https:\/\/www.anais-discount.com\/equipement-du-pilote-homme-masque-cross-lunette-cross-xsl-409_374.html\">masque<\/a> de protection sur la bouche et le nez dans certaines zones lorsque la distance minimale de 1,5 m\u00e8tre ne peut pas \u00eatre respect\u00e9e, des intervalles de nettoyage r\u00e9duits, la s\u00e9paration des \u00e9quipes afin d\u2019\u00e9viter tout contact et l\u2019obligation pour les employ\u00e9s de prendre personnellement leur temp\u00e9rature avant le d\u00e9but de chaque journ\u00e9e de travail.<\/p>\n<p>Les processus de production sont \u00e9galement en cours d\u2019optimisation, et des distances minimum ainsi que des r\u00e8gles d\u2019hygi\u00e8ne renforc\u00e9es seront appliqu\u00e9es dans tous les secteurs. L\u2019accord d\u2019entreprise porte sur des mesures individuelles indispensables \u00e0 la reprise de la production. Toutes ces r\u00e8gles s\u2019appliquent \u00e9galement aux employ\u00e9s des prestataires de services et partenaires externes travaillant sur les sites des usines.<\/p>\n","protected":false},"excerpt":{"rendered":"<p>L\u2019usine Volkswagen de Zwickau reprend progressivement la production de v\u00e9hicules \u00e9lectriques. La production de l\u2019ID.3 100 % \u00e9lectrique reprend aujourd\u2019hui (jeudi) avec, pour commencer, une capacit\u00e9 r\u00e9duite et des dur\u00e9es de cycle largement rallong\u00e9es. De nombreuses mesures destin\u00e9es \u00e0 prot\u00e9ger la sant\u00e9 du personnel sont appliqu\u00e9es et le red\u00e9marrage est \u00e9galement ax\u00e9 sur la stabilisation [&hellip;]<\/p>\n","protected":false},"author":2,"featured_media":0,"comment_status":"closed","ping_status":"closed","sticky":false,"template":"","format":"standard","meta":[],"categories":[13],"tags":[],"amp_enabled":true,"_links":{"self":[{"href":"https:\/\/www.agglotv.com\/index.php?rest_route=\/wp\/v2\/posts\/54426"}],"collection":[{"href":"https:\/\/www.agglotv.com\/index.php?rest_route=\/wp\/v2\/posts"}],"about":[{"href":"https:\/\/www.agglotv.com\/index.php?rest_route=\/wp\/v2\/types\/post"}],"author":[{"embeddable":true,"href":"https:\/\/www.agglotv.com\/index.php?rest_route=\/wp\/v2\/users\/2"}],"replies":[{"embeddable":true,"href":"https:\/\/www.agglotv.com\/index.php?rest_route=%2Fwp%2Fv2%2Fcomments&post=54426"}],"version-history":[{"count":1,"href":"https:\/\/www.agglotv.com\/index.php?rest_route=\/wp\/v2\/posts\/54426\/revisions"}],"predecessor-version":[{"id":54428,"href":"https:\/\/www.agglotv.com\/index.php?rest_route=\/wp\/v2\/posts\/54426\/revisions\/54428"}],"wp:attachment":[{"href":"https:\/\/www.agglotv.com\/index.php?rest_route=%2Fwp%2Fv2%2Fmedia&parent=54426"}],"wp:term":[{"taxonomy":"category","embeddable":true,"href":"https:\/\/www.agglotv.com\/index.php?rest_route=%2Fwp%2Fv2%2Fcategories&post=54426"},{"taxonomy":"post_tag","embeddable":true,"href":"https:\/\/www.agglotv.com\/index.php?rest_route=%2Fwp%2Fv2%2Ftags&post=54426"}],"curies":[{"name":"wp","href":"https:\/\/api.w.org\/{rel}","templated":true}]}}