{"id":54423,"date":"2020-04-24T07:14:38","date_gmt":"2020-04-24T07:14:38","guid":{"rendered":"https:\/\/www.agglotv.com\/?p=54423"},"modified":"2020-04-24T07:14:40","modified_gmt":"2020-04-24T07:14:40","slug":"jurgen-klopp-deja-au-volant-du-nouvel-opel-mokka","status":"publish","type":"post","link":"https:\/\/www.agglotv.com\/?p=54423","title":{"rendered":"J\u00fcrgen Klopp d\u00e9j\u00e0 au volant du nouvel Opel Mokka"},"content":{"rendered":"<p><a href=\"https:\/\/www.agglotv.com\/wp-content\/up\/Opel-Mokka-Klopp.jpg\"><img loading=\"lazy\" class=\"alignleft size-medium wp-image-54424\" src=\"https:\/\/www.agglotv.com\/wp-content\/up\/Opel-Mokka-Klopp-300x171.jpg\" alt=\"\" width=\"300\" height=\"171\" srcset=\"https:\/\/www.agglotv.com\/wp-content\/up\/Opel-Mokka-Klopp-300x171.jpg 300w, https:\/\/www.agglotv.com\/wp-content\/up\/Opel-Mokka-Klopp.jpg 700w\" sizes=\"(max-width: 300px) 100vw, 300px\" \/><\/a>Comment susciter de l\u2019enthousiasme aupr\u00e8s de quelqu\u2019un qui a d\u00e9j\u00e0 (presque) tout v\u00e9cu\u00a0? En lui montrant une nouvelle Opel. En l\u2019occurrence, le nouveau Mokka. Seulement lui montrer\u00a0? Non, mieux vaut l\u2019impliquer dans le programme d\u2019essai au moment o\u00f9 la deuxi\u00e8me g\u00e9n\u00e9ration de l\u2019Opel Mokka est en train de proc\u00e9der \u00e0 ses derni\u00e8res mises au point. L\u2019un des principaux pilotes d\u2019essai \u00e0 bord d\u2019un des v\u00e9hicules de pr\u00e9s\u00e9rie n\u2019est en effet autre que J\u00fcrgen Klopp, l\u2019entra\u00eeneur de Liverpool. L\u2019ambassadeur de la marque Opel a eu l\u2019occasion de parcourir quelques premiers kilom\u00e8tres avec un Opel Mokka-e tout-\u00e9lectrique \u00e0 batterie.<\/p>\n\n\n<p>\u00ab\u00a0C\u2019est une super voiture\u00a0! Vous allez vous faire plaisir. Un plaisir que vous ne pouvez pas imaginer. Je l\u2019ai d\u00e9j\u00e0 conduite,\u00a0\u00bb c\u2019est ainsi que J\u00fcrgen Klopp raconte sa premi\u00e8re rencontre avec le nouveau Mokka. L\u2019<a href=\"https:\/\/www.team-papycoach.run\/index.php\/plans-dentrainement-personnalises\/\">entra\u00eeneur <\/a>mondial de la FIFA 2019 et ancien entra\u00eeneur des clubs de Dortmund et de Mayence, partenaires d\u2019Opel, est un vrai fan de voitures et d\u2019Opel. Au Royaume-Uni, il est tr\u00e8s fier de rouler en Opel Insignia \u00e0 conduite \u00e0 droite.<\/p>\n\n\n\n<p>J\u00fcrgen Klopp fait partie de la famille Opel depuis huit ans. Il est charismatique, sympathique et plein d\u2019humour. Il a jou\u00e9 un r\u00f4le de premier plan dans plus de 20 campagnes t\u00e9l\u00e9vis\u00e9es Opel nationales et internationales. Il intervient \u00e9galement lors d\u2019\u00e9v\u00e9nements organis\u00e9s \u00e0 l\u2019intention des employ\u00e9s et des concessionnaires, et joue souvent le r\u00f4le d\u2019animateur de d\u00e9bats.<\/p>\n\n\n\n<p>A l\u2019occasion de la deuxi\u00e8me g\u00e9n\u00e9ration, le Mokka retrouve simplement le nom de Mokka \u2013 son patronyme de naissance en 2012 \u2013 et abandonne le X. Le premier Mokka avait emport\u00e9 l\u2019adh\u00e9sion \u00e0 l\u2019\u00e9poque en affichant un look de baroudeur tout en conservant des dimensions compactes. Le nouveau mod\u00e8le conserve des dimensions mesur\u00e9es et une allure affirm\u00e9e, mais se montre beaucoup plus moderne et actuel\u00a0: encore plus adapt\u00e9 \u00e0 la conduite en ville, encore plus styl\u00e9 et remarquable. Il sera super efficient, avec des lignes sobres et affirm\u00e9es, et sera logiquement disponible en tout-\u00e9lectrique. Le client pourra opter pour une version \u00e0 <a href=\"https:\/\/www.declicmotoculture.com\/joints\/529-set-haut-mot-h-55.html\">moteur<\/a> thermique ou une tout-\u00e9lectrique.<\/p>\n\n\n\n<p>Dans le cas de J\u00fcrgen Klopp, la d\u00e9cision semble d\u00e9j\u00e0 avoir \u00e9t\u00e9 prise&nbsp;: \u00ab&nbsp;un Opel Mokka, \u00e9colo et \u00e9lectrique, \u00e7a c\u2019est une voiture&nbsp;!&nbsp;\u00bb<\/p>\n","protected":false},"excerpt":{"rendered":"<p>Comment susciter de l\u2019enthousiasme aupr\u00e8s de quelqu\u2019un qui a d\u00e9j\u00e0 (presque) tout v\u00e9cu\u00a0? En lui montrant une nouvelle Opel. En l\u2019occurrence, le nouveau Mokka. Seulement lui montrer\u00a0? Non, mieux vaut l\u2019impliquer dans le programme d\u2019essai au moment o\u00f9 la deuxi\u00e8me g\u00e9n\u00e9ration de l\u2019Opel Mokka est en train de proc\u00e9der \u00e0 ses derni\u00e8res mises au point. [&hellip;]<\/p>\n","protected":false},"author":2,"featured_media":0,"comment_status":"closed","ping_status":"closed","sticky":false,"template":"","format":"standard","meta":[],"categories":[13],"tags":[],"amp_enabled":true,"_links":{"self":[{"href":"https:\/\/www.agglotv.com\/index.php?rest_route=\/wp\/v2\/posts\/54423"}],"collection":[{"href":"https:\/\/www.agglotv.com\/index.php?rest_route=\/wp\/v2\/posts"}],"about":[{"href":"https:\/\/www.agglotv.com\/index.php?rest_route=\/wp\/v2\/types\/post"}],"author":[{"embeddable":true,"href":"https:\/\/www.agglotv.com\/index.php?rest_route=\/wp\/v2\/users\/2"}],"replies":[{"embeddable":true,"href":"https:\/\/www.agglotv.com\/index.php?rest_route=%2Fwp%2Fv2%2Fcomments&post=54423"}],"version-history":[{"count":1,"href":"https:\/\/www.agglotv.com\/index.php?rest_route=\/wp\/v2\/posts\/54423\/revisions"}],"predecessor-version":[{"id":54425,"href":"https:\/\/www.agglotv.com\/index.php?rest_route=\/wp\/v2\/posts\/54423\/revisions\/54425"}],"wp:attachment":[{"href":"https:\/\/www.agglotv.com\/index.php?rest_route=%2Fwp%2Fv2%2Fmedia&parent=54423"}],"wp:term":[{"taxonomy":"category","embeddable":true,"href":"https:\/\/www.agglotv.com\/index.php?rest_route=%2Fwp%2Fv2%2Fcategories&post=54423"},{"taxonomy":"post_tag","embeddable":true,"href":"https:\/\/www.agglotv.com\/index.php?rest_route=%2Fwp%2Fv2%2Ftags&post=54423"}],"curies":[{"name":"wp","href":"https:\/\/api.w.org\/{rel}","templated":true}]}}