{"id":54092,"date":"2020-03-12T09:51:46","date_gmt":"2020-03-12T09:51:46","guid":{"rendered":"https:\/\/www.agglotv.com\/?p=54092"},"modified":"2020-03-12T09:51:48","modified_gmt":"2020-03-12T09:51:48","slug":"maisons-pierre-simplante-durablement-dans-les-hauts-de-france","status":"publish","type":"post","link":"https:\/\/www.agglotv.com\/?p=54092","title":{"rendered":"MAISONS PIERRE S\u2019IMPLANTE DURABLEMENT DANS LES HAUTS-DE-FRANCE"},"content":{"rendered":"<p><a href=\"https:\/\/www.agglotv.com\/wp-content\/up\/maison.png\"><img loading=\"lazy\" class=\"alignleft size-medium wp-image-43875\" src=\"https:\/\/www.agglotv.com\/wp-content\/up\/maison-300x194.png\" alt=\"\" width=\"300\" height=\"194\" srcset=\"https:\/\/www.agglotv.com\/wp-content\/up\/maison-300x194.png 300w, https:\/\/www.agglotv.com\/wp-content\/up\/maison.png 629w\" sizes=\"(max-width: 300px) 100vw, 300px\" \/><\/a>En d\u00e9but d\u2019ann\u00e9e, Maisons Pierre affichait sa volont\u00e9 de d\u00e9velopper sa franchise pour \u00e9tendre sa pr\u00e9sence en France. D\u00e9j\u00e0 leader en \u00cele-de-France, le constructeur souhaite offrir la qualit\u00e9 Maisons Pierre \u00e0 tous les Fran\u00e7ais, en renfor\u00e7ant sa proximit\u00e9 avec eux. Dans cette optique, il consolide aujourd\u2019hui son implantation dans les Hauts-de-France avec l\u2019ouverture de 2 nouvelles agences \u00e0 Villeneuve d\u2019Ascq et Arras, portant \u00e0 4 leur nombre sur ce territoire. Avec une hausse de 4% des ventes de maisons individuelles neuves en 2019(1) et pr\u00e8s de 9 000 permis de construire accord\u00e9s(2), cette r\u00e9gion offre un cadre propice au d\u00e9ploiement de l\u2019offre Maisons Pierre.<\/p>\n<p><strong>\u00c0 Arras, Maisons Pierre fait parler l\u2019exp\u00e9rience<\/strong><\/p>\n<p>Id\u00e9alement situ\u00e9e \u00e0 quelques kilom\u00e8tres de la m\u00e9tropole lilloise et connect\u00e9e avec toute l\u2019Europe du Nord, Arras est une agglom\u00e9ration tr\u00e8s attractive. Son d\u00e9veloppement a \u00e9t\u00e9 particuli\u00e8rement sensible ces derni\u00e8res ann\u00e9es, notamment dans les domaines de l\u2019agroalimentaire, de la logistique et des services, faisant de cette ville un p\u00f4le \u00e9conomique r\u00e9gional de tout premier plan. Cet environnement dynamique a confort\u00e9 le choix de Maisons Pierre d\u2019y implanter sa 3e agence dans le Nord, apr\u00e8s Cuffies (02) et Valenciennes (59), ouvertes en 2018.<\/p>\n<p>C\u2019est son franchis\u00e9 Jean-Paul Orilia, qui a saisi cette opportunit\u00e9. D\u00e9j\u00e0 propri\u00e9taire de trois agences Maisons Pierre \u00e0 Abbeville, Amiens et Beauvais, ce sp\u00e9cialiste de la construction neuve a confi\u00e9 les cl\u00e9s de cette nouvelle implantation \u00e0 Aurore Lepillet. Originaire de la r\u00e9gion et disposant d\u2019une premi\u00e8re exp\u00e9rience r\u00e9ussie chez le constructeur, celle-ci aura \u00e0 c\u0153ur de d\u00e9velopper la franchise Maisons Pierre \u00e0 Arras, une ville qu\u2019elle connait particuli\u00e8rement bien.<\/p>\n<p>\u00ab J\u2019ai d\u00e9j\u00e0 eu le plaisir d\u2019int\u00e9grer Maisons Pierre dans le Val D\u2019Oise en 2007, o\u00f9 j\u2019ai pu mener \u00e0 bien de belles r\u00e9alisations. En 2013, pour des raisons familiales, j\u2019ai d\u00fb rejoindre mon Nord natal et c\u2019est avec regret que j\u2019ai quitt\u00e9 le groupe. Lorsque Jean-Paul Orilia m\u2019a propos\u00e9 de prendre la t\u00eate de l\u2019agence d\u2019Arras, je n\u2019ai donc pas h\u00e9sit\u00e9 une seconde. Forte de mon exp\u00e9rience pass\u00e9e et avec le soutien de mon \u00e9quipe de 4 conseillers, nous allons travailler dur pour faire d\u00e9couvrir la marque Maisons Pierre aux habitants du Pas-de-Calais et en faire un constructeur leader sur ce territoire \u00bb, explique Aurore Lepillet.<\/p>\n<p><strong>Maisons Pierre au diapason du d\u00e9veloppement \u00ab vert \u00bb de Villeneuve d\u2019Ascq<\/strong><\/p>\n<p>C\u2019est avec ce m\u00eame esprit de conqu\u00eate que Fran\u00e7ois Desreumaux, d\u00e9j\u00e0 en charge de 5 agences Maisons Pierre (\u00e0 Ch\u00e2teau-Thierry, Saint-Quentin, Valenciennes, Ch\u00e2lons-en-Champagne et Reims) prend aujourd\u2019hui les r\u00eanes de celle de Villeneuve d\u2019Ascq. Cette commune limitrophe de la capitale r\u00e9gionale profite de la vitalit\u00e9 de la sph\u00e8re m\u00e9tropolitaine, avec ses a\u00e9roports, universit\u00e9s, axes autoroutiers, grandes \u00e9coles et entreprises. Ville nouvelle, construite dans les ann\u00e9es 60, Villeneuve-d\u2019Ascq a su capitaliser sur sa situation g\u00e9ographique pour attirer la population lilloise et se classe r\u00e9guli\u00e8rement dans le top 10 des agglom\u00e9rations les plus dynamiques de France.<\/p>\n<p>Fran\u00e7ois Desreumaux entend bien profiter de l\u2019attractivit\u00e9 de cette ville, tr\u00e8s engag\u00e9e dans le d\u00e9veloppement durable, qui offre un cadre de vie \u00e0 la fois urbain et verdoyant \u00e0 ses habitants. Avec ses maisons respectant, voire devan\u00e7ant, les l\u00e9gislations environnementales en vigueur, Maisons Pierre devrait rapidement trouver sa place dans cette technopole verte.<\/p>\n<p><strong>Une offre de proximit\u00e9 consolid\u00e9e et des ambitions r\u00e9affirm\u00e9es<\/strong><\/p>\n<p>Disposant d\u00e9j\u00e0 de 2 agences en franchise dans les Hauts-de-France, Maisons Pierre acc\u00e9l\u00e8re donc en 2020 pour renforcer ce maillage territorial. Ces 2 nouvelles implantations devraient rapidement lui permettre d\u2019imposer son style et sa marque dans la r\u00e9gion. Pour s\u2019imposer sur leurs march\u00e9s locaux respectifs, les nouveaux directeurs d\u2019agence pourront s\u2019appuyer sur la notori\u00e9t\u00e9 du constructeur, ainsi que sur la largeur de son catalogue et le rapport qualit\u00e9\/prix de son offre, sans \u00e9quivalent sur le march\u00e9 actuellement.<\/p>\n<p>Ils pourront \u00e9galement s\u2019inspirer des pratiques et r\u00e9sultats des autres agences Maisons Pierre dans la r\u00e9gion, qui ont concr\u00e9tis\u00e9 l\u2019an dernier le r\u00eave de 1 000 familles de devenir propri\u00e9taires de leur maison.<\/p>\n<p><em>1 Etude Markem\u00e9tron \u2013 d\u00e9cembre 2019<\/em><br \/>\n<em>2 Etude Caron Marketing \u2013 2019<\/em><\/p>\n","protected":false},"excerpt":{"rendered":"<p>En d\u00e9but d\u2019ann\u00e9e, Maisons Pierre affichait sa volont\u00e9 de d\u00e9velopper sa franchise pour \u00e9tendre sa pr\u00e9sence en France. D\u00e9j\u00e0 leader en \u00cele-de-France, le constructeur souhaite offrir la qualit\u00e9 Maisons Pierre \u00e0 tous les Fran\u00e7ais, en renfor\u00e7ant sa proximit\u00e9 avec eux. Dans cette optique, il consolide aujourd\u2019hui son implantation dans les Hauts-de-France avec l\u2019ouverture de 2 [&hellip;]<\/p>\n","protected":false},"author":2,"featured_media":0,"comment_status":"closed","ping_status":"closed","sticky":false,"template":"","format":"standard","meta":[],"categories":[4],"tags":[],"amp_enabled":true,"_links":{"self":[{"href":"https:\/\/www.agglotv.com\/index.php?rest_route=\/wp\/v2\/posts\/54092"}],"collection":[{"href":"https:\/\/www.agglotv.com\/index.php?rest_route=\/wp\/v2\/posts"}],"about":[{"href":"https:\/\/www.agglotv.com\/index.php?rest_route=\/wp\/v2\/types\/post"}],"author":[{"embeddable":true,"href":"https:\/\/www.agglotv.com\/index.php?rest_route=\/wp\/v2\/users\/2"}],"replies":[{"embeddable":true,"href":"https:\/\/www.agglotv.com\/index.php?rest_route=%2Fwp%2Fv2%2Fcomments&post=54092"}],"version-history":[{"count":1,"href":"https:\/\/www.agglotv.com\/index.php?rest_route=\/wp\/v2\/posts\/54092\/revisions"}],"predecessor-version":[{"id":54093,"href":"https:\/\/www.agglotv.com\/index.php?rest_route=\/wp\/v2\/posts\/54092\/revisions\/54093"}],"wp:attachment":[{"href":"https:\/\/www.agglotv.com\/index.php?rest_route=%2Fwp%2Fv2%2Fmedia&parent=54092"}],"wp:term":[{"taxonomy":"category","embeddable":true,"href":"https:\/\/www.agglotv.com\/index.php?rest_route=%2Fwp%2Fv2%2Fcategories&post=54092"},{"taxonomy":"post_tag","embeddable":true,"href":"https:\/\/www.agglotv.com\/index.php?rest_route=%2Fwp%2Fv2%2Ftags&post=54092"}],"curies":[{"name":"wp","href":"https:\/\/api.w.org\/{rel}","templated":true}]}}