{"id":54086,"date":"2020-03-12T09:42:21","date_gmt":"2020-03-12T09:42:21","guid":{"rendered":"https:\/\/www.agglotv.com\/?p=54086"},"modified":"2020-03-12T09:42:22","modified_gmt":"2020-03-12T09:42:22","slug":"yamaha-track-days-special-quads-ssv","status":"publish","type":"post","link":"https:\/\/www.agglotv.com\/?p=54086","title":{"rendered":"Yamaha Track days special Quads &#038; SSV"},"content":{"rendered":"<p><a href=\"https:\/\/www.agglotv.com\/wp-content\/up\/tracks.jpg\"><img loading=\"lazy\" class=\"alignleft size-medium wp-image-54087\" src=\"https:\/\/www.agglotv.com\/wp-content\/up\/tracks-300x150.jpg\" alt=\"\" width=\"300\" height=\"150\" srcset=\"https:\/\/www.agglotv.com\/wp-content\/up\/tracks-300x150.jpg 300w, https:\/\/www.agglotv.com\/wp-content\/up\/tracks-768x384.jpg 768w, https:\/\/www.agglotv.com\/wp-content\/up\/tracks.jpg 916w\" sizes=\"(max-width: 300px) 100vw, 300px\" \/><\/a>A partir du mois d\u2019avril, venez d\u00e9couvrir les <a href=\"https:\/\/www.anais-discount.com\/collecteur-megabomb-fmf-et-tube-acier-yamaha-wr250f-yz250f-xml-892_904_1038_1047-49013.html\">Yamaha<\/a> Track Day : des journ\u00e9es de roulage sur circuit d\u00e9di\u00e9es aux SSV Yamaha YXZ1000R et Quads YFZ450R et YFM700R !<\/p>\n<p>Que vous soyez possesseur d\u2019un YXZ1000R, d\u2019un YFZ450R ou d\u2019un YFM700R, Yamaha vous offre l\u2019opportunit\u00e9 de venir rouler sur des circuits mythique, le tout dans la bonne humeur et convivialit\u00e9.<\/p>\n<p><strong>Les prochaines dates de Yamaha Track days :<\/strong><\/p>\n<p><strong>&#8211; Les 04 et 05 avril 2020 au Ch\u00e2teau de Lastours<\/strong><br \/>\nLe domaine du Ch\u00e2teau de Lastours comporte 90km de pistes type sp\u00e9ciales de Rallyes. Ces pistes roulantes enti\u00e8rement s\u00e9curis\u00e9es et ferm\u00e9es sont utilis\u00e9es par les plus grandes \u00e9quipes de Rallyes-raid pour les entra\u00eenements !<br \/>\nSamedi 4 avril : Roulage sur circuit de glisse, d\u00e9jeuner inclus<br \/>\nDimanche 5 avril : Roulage sur des pistes type sp\u00e9ciales WRC\/rallye <a href=\"https:\/\/www.doubleface-carcassonne.com\/?p=3862\">raid<\/a> &amp; sur circuit de glisse. Petit d\u00e9jeuner et d\u00e9jeuner inclus.<br \/>\nRoulages Quads et SSV s\u00e9par\u00e9s<\/p>\n<p><strong>&#8211; Le 25 avril 2020 au Circuit de l\u2019Ouest Parisien<\/strong><br \/>\nLe circuit de l\u2019Ouest Parisien comporte un circuit mixte de Rallycross RX compos\u00e9 \u00e0 40% d\u2019asphalte et \u00e0 60% de terre compact\u00e9e. De quoi ravir les amateurs de vitesse en YXZ1000R ou de SuperQuad en YFZ450R ou YFM700R !<br \/>\nRoulages Quads et SSV s\u00e9par\u00e9s<\/p>\n<p>Autres dates \u00e0 venir<\/p>\n<p><strong>Informations pratiques :<\/strong><\/p>\n<p><strong>Tarifs :<\/strong><br \/>\nSSV : 95 \u20ac par journ\u00e9e (190 \u20ac le weekend)<br \/>\nQuad : 80 \u20ac par journ\u00e9e (160 \u20ac le weekend)<\/p>\n<p><strong>Demande d\u2019informations :<\/strong><br \/>\nPar email \u00e0 : yxz1000r@yamaha-motor.fr en pr\u00e9cisant :<br \/>\nVotre nom et pr\u00e9nom<br \/>\nVotre v\u00e9hicule<br \/>\nVotre adresse email et num\u00e9ro de t\u00e9l\u00e9phone<\/p>\n<p><strong>Informations techniques :<\/strong><br \/>\nAttention, une ligne d\u2019<a href=\"https:\/\/www.anais-discount.com\/pieces-et-accessoires-echappement-xsl-892_904.html\">\u00e9chappement<\/a> homologu\u00e9e comp\u00e9tition est obligatoire pour les Quads et SSV afin de pouvoir rouler sur les circuits.<\/p>\n","protected":false},"excerpt":{"rendered":"<p>A partir du mois d\u2019avril, venez d\u00e9couvrir les Yamaha Track Day : des journ\u00e9es de roulage sur circuit d\u00e9di\u00e9es aux SSV Yamaha YXZ1000R et Quads YFZ450R et YFM700R ! Que vous soyez possesseur d\u2019un YXZ1000R, d\u2019un YFZ450R ou d\u2019un YFM700R, Yamaha vous offre l\u2019opportunit\u00e9 de venir rouler sur des circuits mythique, le tout dans la [&hellip;]<\/p>\n","protected":false},"author":2,"featured_media":0,"comment_status":"closed","ping_status":"closed","sticky":false,"template":"","format":"standard","meta":[],"categories":[13],"tags":[],"amp_enabled":true,"_links":{"self":[{"href":"https:\/\/www.agglotv.com\/index.php?rest_route=\/wp\/v2\/posts\/54086"}],"collection":[{"href":"https:\/\/www.agglotv.com\/index.php?rest_route=\/wp\/v2\/posts"}],"about":[{"href":"https:\/\/www.agglotv.com\/index.php?rest_route=\/wp\/v2\/types\/post"}],"author":[{"embeddable":true,"href":"https:\/\/www.agglotv.com\/index.php?rest_route=\/wp\/v2\/users\/2"}],"replies":[{"embeddable":true,"href":"https:\/\/www.agglotv.com\/index.php?rest_route=%2Fwp%2Fv2%2Fcomments&post=54086"}],"version-history":[{"count":1,"href":"https:\/\/www.agglotv.com\/index.php?rest_route=\/wp\/v2\/posts\/54086\/revisions"}],"predecessor-version":[{"id":54088,"href":"https:\/\/www.agglotv.com\/index.php?rest_route=\/wp\/v2\/posts\/54086\/revisions\/54088"}],"wp:attachment":[{"href":"https:\/\/www.agglotv.com\/index.php?rest_route=%2Fwp%2Fv2%2Fmedia&parent=54086"}],"wp:term":[{"taxonomy":"category","embeddable":true,"href":"https:\/\/www.agglotv.com\/index.php?rest_route=%2Fwp%2Fv2%2Fcategories&post=54086"},{"taxonomy":"post_tag","embeddable":true,"href":"https:\/\/www.agglotv.com\/index.php?rest_route=%2Fwp%2Fv2%2Ftags&post=54086"}],"curies":[{"name":"wp","href":"https:\/\/api.w.org\/{rel}","templated":true}]}}