{"id":54045,"date":"2020-03-06T08:41:00","date_gmt":"2020-03-06T08:41:00","guid":{"rendered":"https:\/\/www.agglotv.com\/?p=54045"},"modified":"2020-03-06T08:41:01","modified_gmt":"2020-03-06T08:41:01","slug":"volkswagen-campagne-la-vie-en-golf","status":"publish","type":"post","link":"https:\/\/www.agglotv.com\/?p=54045","title":{"rendered":"VOLKSWAGEN \u2013 Campagne \u00ab La vie en Golf \u00bb."},"content":{"rendered":"<p><a href=\"https:\/\/www.agglotv.com\/wp-content\/up\/136282-500x280.png\"><img loading=\"lazy\" class=\"alignleft size-medium wp-image-54046\" src=\"https:\/\/www.agglotv.com\/wp-content\/up\/136282-500x280-300x168.png\" alt=\"\" width=\"300\" height=\"168\" srcset=\"https:\/\/www.agglotv.com\/wp-content\/up\/136282-500x280-300x168.png 300w, https:\/\/www.agglotv.com\/wp-content\/up\/136282-500x280.png 500w\" sizes=\"(max-width: 300px) 100vw, 300px\" \/><\/a>A l\u2019occasion du lancement de la Nouvelle Golf, Volkswagen et son agence DDB\u00b0 Paris ont d\u00e9velopp\u00e9 une campagne 360\u00b0 autour de ce mod\u00e8le iconique et universel, dans lequel nous sommes nombreux \u00e0 avoir v\u00e9cu de beaux instants. Parce que l\u2019on s\u2019aime en Golf, on rit en Golf, on se perd en Golf, la Nouvelle Golf est un vrai compagnon, dans chaque moment de notre vie.<\/p>\n<p>\u00c0 partir d\u2019une campagne modulaire produite en central, l\u2019agence DDB Paris a con\u00e7u un film en s\u2019appuyant sur l\u2019univers lifestyle, avec des plans humains et en y posant une nouvelle interpr\u00e9tation du Tourbillon de la vie. C\u2019est la jeune artiste George Ka qui s\u2019empare de ce monument et qui lui apporte tout son talent et sa modernit\u00e9. Une ode \u00e0 la vie, \u00e0 ses al\u00e9as et surtout l\u2019association intelligente d\u2019une r\u00e9f\u00e9rence de la chanson Fran\u00e7aise et d\u2019une ic\u00f4ne automobile.<\/p>\n<p>La vie en Golf est aussi d\u00e9clin\u00e9e sur une campagne presse \u00e0 travers 3 visuels d\u2019int\u00e9rieur. Ces annonces illustrent la vraie r\u00e9volution du mod\u00e8le, enti\u00e8rement digitalis\u00e9, toujours en lien avec un moment de vie. Et quoi de plus authentique que d\u2019aller chercher de vraies histoires en Golf racont\u00e9es par leurs possesseurs. C\u2019est le r\u00f4le que prend la marque sur ses r\u00e9seaux sociaux, en lan\u00e7ant un appel \u00e0 contribution pour recruter ces personnes qui seront ensuite film\u00e9es et photographi\u00e9es, racontant leur histoire. Nous les retrouverons sur Facebook et Instagram puis enti\u00e8rement racont\u00e9es sous forme d\u2019article sur VWMag.fr.<\/p>\n<p>C\u2019est \u00e0 travers un dispositif complet centr\u00e9 autour de l\u2019humain que Volkswagen annonce le lancement de sa Nouvelle Golf.<\/p>\n<p>Une campagne visible depuis le 1er mars en TV, 2 mars sur les r\u00e9seaux sociaux et 5 mars en presse.<\/p>\n<p><center><iframe loading=\"lazy\" src=\"https:\/\/www.youtube.com\/embed\/Ggoum8lK9Wg\" width=\"560\" height=\"315\" frameborder=\"0\" allowfullscreen=\"allowfullscreen\"><\/iframe><\/center><\/p>\n","protected":false},"excerpt":{"rendered":"<p>A l\u2019occasion du lancement de la Nouvelle Golf, Volkswagen et son agence DDB\u00b0 Paris ont d\u00e9velopp\u00e9 une campagne 360\u00b0 autour de ce mod\u00e8le iconique et universel, dans lequel nous sommes nombreux \u00e0 avoir v\u00e9cu de beaux instants. Parce que l\u2019on s\u2019aime en Golf, on rit en Golf, on se perd en Golf, la Nouvelle Golf [&hellip;]<\/p>\n","protected":false},"author":2,"featured_media":0,"comment_status":"closed","ping_status":"closed","sticky":false,"template":"","format":"standard","meta":[],"categories":[13],"tags":[],"amp_enabled":true,"_links":{"self":[{"href":"https:\/\/www.agglotv.com\/index.php?rest_route=\/wp\/v2\/posts\/54045"}],"collection":[{"href":"https:\/\/www.agglotv.com\/index.php?rest_route=\/wp\/v2\/posts"}],"about":[{"href":"https:\/\/www.agglotv.com\/index.php?rest_route=\/wp\/v2\/types\/post"}],"author":[{"embeddable":true,"href":"https:\/\/www.agglotv.com\/index.php?rest_route=\/wp\/v2\/users\/2"}],"replies":[{"embeddable":true,"href":"https:\/\/www.agglotv.com\/index.php?rest_route=%2Fwp%2Fv2%2Fcomments&post=54045"}],"version-history":[{"count":1,"href":"https:\/\/www.agglotv.com\/index.php?rest_route=\/wp\/v2\/posts\/54045\/revisions"}],"predecessor-version":[{"id":54047,"href":"https:\/\/www.agglotv.com\/index.php?rest_route=\/wp\/v2\/posts\/54045\/revisions\/54047"}],"wp:attachment":[{"href":"https:\/\/www.agglotv.com\/index.php?rest_route=%2Fwp%2Fv2%2Fmedia&parent=54045"}],"wp:term":[{"taxonomy":"category","embeddable":true,"href":"https:\/\/www.agglotv.com\/index.php?rest_route=%2Fwp%2Fv2%2Fcategories&post=54045"},{"taxonomy":"post_tag","embeddable":true,"href":"https:\/\/www.agglotv.com\/index.php?rest_route=%2Fwp%2Fv2%2Ftags&post=54045"}],"curies":[{"name":"wp","href":"https:\/\/api.w.org\/{rel}","templated":true}]}}