{"id":54030,"date":"2020-03-04T09:34:52","date_gmt":"2020-03-04T09:34:52","guid":{"rendered":"https:\/\/www.agglotv.com\/?p=54030"},"modified":"2020-03-04T09:34:53","modified_gmt":"2020-03-04T09:34:53","slug":"tours-hermitage-plaza-a-la-defense","status":"publish","type":"post","link":"https:\/\/www.agglotv.com\/?p=54030","title":{"rendered":"Tours Hermitage Plaza \u00e0 La D\u00e9fense"},"content":{"rendered":"<p><a href=\"https:\/\/www.agglotv.com\/wp-content\/up\/hermitage_plaza.jpg\"><img loading=\"lazy\" class=\"alignleft size-medium wp-image-54031\" src=\"https:\/\/www.agglotv.com\/wp-content\/up\/hermitage_plaza-218x300.jpg\" alt=\"\" width=\"218\" height=\"300\" srcset=\"https:\/\/www.agglotv.com\/wp-content\/up\/hermitage_plaza-218x300.jpg 218w, https:\/\/www.agglotv.com\/wp-content\/up\/hermitage_plaza-768x1058.jpg 768w, https:\/\/www.agglotv.com\/wp-content\/up\/hermitage_plaza-743x1024.jpg 743w, https:\/\/www.agglotv.com\/wp-content\/up\/hermitage_plaza-980x1350.jpg 980w, https:\/\/www.agglotv.com\/wp-content\/up\/hermitage_plaza.jpg 1452w\" sizes=\"(max-width: 218px) 100vw, 218px\" \/><\/a>Le Projet n\u2019est ni enlis\u00e9, ni enterr\u00e9, ni bloqu\u00e9 par des soi-disant non-prorogations de certains permis de d\u00e9molir : bien au contraire, le Projet a \u00e9t\u00e9 lanc\u00e9 le 30 septembre de l\u2019ann\u00e9e derni\u00e8re (2019) par les travaux de d\u00e9samiantage et de d\u00e9molition d\u2019un premier immeuble de RATP Habitat, financ\u00e9s par Hermitage.<\/p>\n<p><strong>Des permis de d\u00e9molir tous valables.<\/strong><\/p>\n<p>Certains journaux ont cit\u00e9 notamment \u00ab les Verts \u00bb de Courbevoie qui consid\u00e9reraient que la non-prorogation de 3 permis de d\u00e9molir mettrait fin au Projet. Tout est faux. Le Projet b\u00e9n\u00e9ficie de 8 permis de d\u00e9molir qui sont tous valides et dont les 2 premiers ont d\u00e9j\u00e0 \u00e9t\u00e9 mis en \u0153uvre. Les autres seront mis en \u0153uvre au fur et \u00e0 mesure des besoins et bien \u00e9videmment \u00e0 l\u2019int\u00e9rieur de leur p\u00e9riode de validit\u00e9. Ils n\u2019avaient pas besoin de prorogation. C\u2019est dans un sc\u00e9nario alternatif envisag\u00e9 en 2019, dans l\u2019hypoth\u00e8se d\u2019un d\u00e9marrage plus \u00e9loign\u00e9, qu\u2019Hermitage avait engag\u00e9 l\u2019ann\u00e9e derni\u00e8re le d\u00e9p\u00f4t de nouveaux permis de d\u00e9molir par pr\u00e9caution. Les travaux correspondants ayant pu \u00eatre lanc\u00e9s plus rapidement, ces demandes n\u2019ont pas \u00e9t\u00e9 conduites jusqu\u2019au bout et se sont naturellement sold\u00e9es par un rejet. Il ne s\u2019agit en rien d\u2019un refus politique ou d\u2019une perte de soutien, c\u2019est un aspect purement mat\u00e9riel d\u2019une proc\u00e9dure qui \u00e9tait devenue superf\u00e9tatoire, et qui ne met en rien fin au projet.<\/p>\n<p><strong>Le Protocole avec Paris La D\u00e9fense toujours valable lui aussi<\/strong><\/p>\n<p>Certains articles ont repris de vieilles d\u00e9clarations selon lesquelles le Protocole qui lie Hermitage et Paris La D\u00e9fense depuis juin 2010 serait \u00ab \u00e9teint \u00bb.<\/p>\n<p>C\u2019\u00e9tait une interpr\u00e9tation erron\u00e9e tant sur le fond que sur la forme puisque d\u2019une part, aucune indemnit\u00e9 d\u2019immobilisation n\u2019\u00e9tait pr\u00e9vue et ne peut \u00eatre due avant la signature des promesses de vente qui \u00e9tait l\u2019objet m\u00eame de ce Protocole et dont PLD a retard\u00e9 abusivement la signature, jusqu\u2019\u00e0 pr\u00e9sent, et parce que d\u2019autre part, ce Protocole a \u00e9t\u00e9 valid\u00e9 par le Conseil d\u2019Administration de l\u2019\u00e9tablissement public Epad, devenu Epadesa et aux droits et obligations desquels est venu l\u2019\u00e9tablissement public Paris La D\u00e9fense et que ce projet s\u2019inscrit dans l\u2019objet m\u00eame de cet \u00e9tablissement d\u2019am\u00e9nagement de l\u2019op\u00e9ration d\u2019int\u00e9r\u00eat national de La D\u00e9fense.<\/p>\n<p>Ainsi, seul le Conseil d\u2019Administration de Paris La D\u00e9fense est habilit\u00e9 \u00e0 se prononcer sur la validit\u00e9 et les modalit\u00e9s d\u2019ex\u00e9cution de ce Protocole, sous le contr\u00f4le du Pr\u00e9fet de la R\u00e9gion Ile de France qui supervise cet \u00e9tablissement public pour le compte de l\u2019Etat.<\/p>\n<p>Il est int\u00e9ressant de remarquer que le Conseil d\u2019Administration de Paris La D\u00e9fense n\u2019a jamais \u00e9t\u00e9 saisi de demande de cette nature et qu\u2019ainsi ni son Pr\u00e9sident ni sa Directrice G\u00e9n\u00e9rale ne sont habilit\u00e9s \u00e0 faire les d\u00e9clarations qu\u2019ils ont faites en l\u2019occurrence en violation de leurs mandats et \u00e0 l\u2019oppos\u00e9 des int\u00e9r\u00eats de leur \u00e9tablissement.<\/p>\n<p>Ce sont les raisons pour lesquelles Hermitage, apr\u00e8s de tr\u00e8s nombreuses tentatives amiables rest\u00e9es sans suite et avoir rempli, de son c\u00f4t\u00e9, l\u2019int\u00e9gralit\u00e9 de ses obligations au titre du Protocole, s\u2019est trouv\u00e9 oblig\u00e9 d\u2019adresser une mise en demeure tr\u00e8s formelle au Pr\u00e9sident et \u00e0 la Directrice G\u00e9n\u00e9rale de cet \u00e9tablissement public Paris La D\u00e9fense d\u2019ex\u00e9cuter le Protocole en remplissant au plus vite leurs obligations contractuelles et en signant enfin les promesse de vente pr\u00e9vues, sous peine naturellement de dommages et int\u00e9r\u00eats tr\u00e8s substantiels pour cet \u00e9tablissement puisque chiffr\u00e9s \u00e0 plus d\u20191 milliard d\u2019Euros \u00e0 l\u2019heure actuelle.<\/p>\n<p>Compte-tenu de ces agissements irr\u00e9guliers et de l\u2019importance du pr\u00e9judice tant financier qu\u2019en termes d\u2019image pour Paris La D\u00e9fense et d\u2019int\u00e9r\u00eats pour le renouveau et le d\u00e9veloppement de cette op\u00e9ration d\u2019int\u00e9r\u00eat national de La D\u00e9fense, Hermitage a envoy\u00e9 une copie de cette mise en demeure directement \u00e0 tous les Administrateurs de Paris La D\u00e9fense ainsi qu\u2019au Pr\u00e9fet de la R\u00e9gion Ile de France, au Pr\u00e9fet des Hauts de Seine, \u00e0 plusieurs membres du Gouvernement et enfin \u00e0 la Cour des Comptes de la R\u00e9publique.<\/p>\n<p><strong>Sur la pr\u00e9sentation de projets alternatifs sur ce site<\/strong><\/p>\n<p>Enfin, d\u2019autres informations ont mentionn\u00e9 que le Pr\u00e9sident de Paris La D\u00e9fense aurait d\u00fb d\u00e9voiler au Mipim en Mars (maintenant report\u00e9 d\u00e9but juin) d\u2019autres projets sur ce site.<\/p>\n<p>C\u2019est encore une manipulation des pouvoirs et des faits.<\/p>\n<p>L\u00e0-encore, une telle \u00e9ventualit\u00e9 serait en totale violation des statuts de l\u2019\u00e9tablissement Paris La D\u00e9fense.<\/p>\n<p>Une pr\u00e9sentation officielle d\u2019un autre projet sur ce site ne pourrait intervenir qu\u2019\u00e0 la suite d\u2019une d\u00e9cision du Conseil d\u2019Administration qui l\u2019aurait valid\u00e9e et seulement si ce dernier avait pr\u00e9alablement \u00e9t\u00e9 amen\u00e9 \u00e0 valablement r\u00e9silier le Protocole en cours sur ce site.<\/p>\n<p>Or, ce Protocole est toujours valable, Hermitage est pleinement propri\u00e9taire de plusieurs lots et plusieurs droits sur ce site, et contr\u00f4le tout le foncier priv\u00e9 de son op\u00e9ration (comme il s\u2019y \u00e9tait engag\u00e9 par le Protocole) et Hermitage b\u00e9n\u00e9ficie de permis de construire valables jusqu\u2019en Mars 2024.<\/p>\n<p>Ainsi aucun projet alternatif sur ce site ne pourrait \u00eatre pr\u00e9sent\u00e9 sans constituer une nouvelle violation des accords entre Hermitage et PLD et des r\u00e8gles propres de fonctionnement de cet \u00e9tablissement.<\/p>\n<p>Ces pr\u00e9cisions sont indispensables par rapport \u00e0 de nombreuses d\u00e9sinformations qui font perdre de vue l\u2019essentiel qui est de r\u00e9aliser au plus vite une op\u00e9ration d\u2019int\u00e9r\u00eat g\u00e9n\u00e9ral sur ce site qu\u2019Hermitage a lib\u00e9r\u00e9 \u00e0 ses frais pendant plus de 10 ans pour ce Complexe iconique qui sera le vrai signal du renouveau de La D\u00e9fense, exemplaire en termes de d\u00e9veloppement durable (BREEAM &#8211; niveau Excellent) et en termes d\u2019emplois (5.000 emplois directs pour le chantier et 3.000 emplois permanents ensuite).<\/p>\n<p>Et qui maintenant est pr\u00eat \u00e0 voir le jour, gr\u00e2ce \u00e0 tous ceux qui l\u2019auront soutenu, au premier rang desquels P. Devedjian qui l\u2019a pr\u00e9sent\u00e9 personnellement au Mipim 2009.<\/p>\n","protected":false},"excerpt":{"rendered":"<p>Le Projet n\u2019est ni enlis\u00e9, ni enterr\u00e9, ni bloqu\u00e9 par des soi-disant non-prorogations de certains permis de d\u00e9molir : bien au contraire, le Projet a \u00e9t\u00e9 lanc\u00e9 le 30 septembre de l\u2019ann\u00e9e derni\u00e8re (2019) par les travaux de d\u00e9samiantage et de d\u00e9molition d\u2019un premier immeuble de RATP Habitat, financ\u00e9s par Hermitage. Des permis de d\u00e9molir [&hellip;]<\/p>\n","protected":false},"author":2,"featured_media":0,"comment_status":"closed","ping_status":"closed","sticky":false,"template":"","format":"standard","meta":[],"categories":[4],"tags":[],"amp_enabled":true,"_links":{"self":[{"href":"https:\/\/www.agglotv.com\/index.php?rest_route=\/wp\/v2\/posts\/54030"}],"collection":[{"href":"https:\/\/www.agglotv.com\/index.php?rest_route=\/wp\/v2\/posts"}],"about":[{"href":"https:\/\/www.agglotv.com\/index.php?rest_route=\/wp\/v2\/types\/post"}],"author":[{"embeddable":true,"href":"https:\/\/www.agglotv.com\/index.php?rest_route=\/wp\/v2\/users\/2"}],"replies":[{"embeddable":true,"href":"https:\/\/www.agglotv.com\/index.php?rest_route=%2Fwp%2Fv2%2Fcomments&post=54030"}],"version-history":[{"count":1,"href":"https:\/\/www.agglotv.com\/index.php?rest_route=\/wp\/v2\/posts\/54030\/revisions"}],"predecessor-version":[{"id":54032,"href":"https:\/\/www.agglotv.com\/index.php?rest_route=\/wp\/v2\/posts\/54030\/revisions\/54032"}],"wp:attachment":[{"href":"https:\/\/www.agglotv.com\/index.php?rest_route=%2Fwp%2Fv2%2Fmedia&parent=54030"}],"wp:term":[{"taxonomy":"category","embeddable":true,"href":"https:\/\/www.agglotv.com\/index.php?rest_route=%2Fwp%2Fv2%2Fcategories&post=54030"},{"taxonomy":"post_tag","embeddable":true,"href":"https:\/\/www.agglotv.com\/index.php?rest_route=%2Fwp%2Fv2%2Ftags&post=54030"}],"curies":[{"name":"wp","href":"https:\/\/api.w.org\/{rel}","templated":true}]}}