{"id":45321,"date":"2016-10-13T07:19:56","date_gmt":"2016-10-13T07:19:56","guid":{"rendered":"http:\/\/www.agglotv.com\/?p=45321"},"modified":"2016-10-13T07:19:56","modified_gmt":"2016-10-13T07:19:56","slug":"nouvelle-bmw-serie-5-berline-plus-legere-plus-dynamique-plus-sobre-et-entierement-interconnectee","status":"publish","type":"post","link":"https:\/\/www.agglotv.com\/?p=45321","title":{"rendered":"Nouvelle BMW S\u00e9rie 5 Berline. Plus l\u00e9g\u00e8re, plus dynamique, plus sobre et enti\u00e8rement interconnect\u00e9e."},"content":{"rendered":"<div class=\"alignleft\"><script type=\"text\/javascript\">\n    google_ad_client = \"ca-pub-2913804460579993\";\n    google_ad_slot = \"5262923224\";\n    google_ad_width = 300;\n    google_ad_height = 250;\n<\/script><br \/>\n<!-- recette --><br \/>\n<script type=\"text\/javascript\"\nsrc=\"\/\/pagead2.googlesyndication.com\/pagead\/show_ads.js\">\n<\/script><\/div>\n<p>La BMW S\u00e9rie 5 Berline, septi\u00e8me du nom, d\u00e9gagera sportivit\u00e9, \u00e9l\u00e9gance et style pour son entr\u00e9e sur les march\u00e9s internationaux en f\u00e9vrier 2017. Voici ses principales nouveaut\u00e9s : un dynamisme de conduite encore accru, un maximum de syst\u00e8mes d\u2019aide au conducteur, un niveau d\u2019interconnexion sans \u00e9gal et un nouveau syst\u00e8me de commande innovant. Ainsi, la nouvelle BMW S\u00e9rie 5 Berline est-elle particuli\u00e8rement bien arm\u00e9e pour \u00e9trenner la success story unique des g\u00e9n\u00e9rations pr\u00e9c\u00e9dentes. De la premi\u00e8re \u00e0 la sixi\u00e8me g\u00e9n\u00e9ration incluse, les ventes de la BMW S\u00e9rie 5 ont d\u00e9pass\u00e9 7,6 millions d\u2019unit\u00e9s. \u00ab La BMW S\u00e9rie 5 de la septi\u00e8me g\u00e9n\u00e9ration indique le chemin \u00e0 suivre vers l\u2019avenir que nous avons d\u00e9fini avec notre strat\u00e9gie NUMBER ONE > NEXT. Le leadership en mati\u00e8re de technologie, les produits \u00e9veillant les \u00e9motions et la num\u00e9risation sont pour nous des facteurs cl\u00e9 du succ\u00e8s. En \u00e9toffant l\u2019offre dans les segments haut de gamme, nous r\u00e9pondons au souhait de nombreux clients. Je suis s\u00fbr que la nouvelle BMW S\u00e9rie 5 ne se contentera pas de fixer de nouvelles r\u00e9f\u00e9rences en termes de technologie, mais qu\u2019elle saura aussi susciter l\u2019enthousiasme par l\u2019\u00e9motion. Elle est et elle reste bien la berline d\u2019affaires par excellence \u00bb, d\u00e9clare Harald Kr\u00fcger, Pr\u00e9sident du Directoire de BMW AG.<\/p>\n<p><strong>Plaisir de conduire maximal et a\u00e9rodynamisme id\u00e9al.<br \/>\n<\/strong><br \/>\nL\u2019application rigoureuse du concept de construction l\u00e9g\u00e8re BMW EfficientLightweight, qui augmente encore la part d\u2019aluminium et d\u2019aciers \u00e0 haute limite \u00e9lastique, se traduit par une baisse du poids de la voiture de 100 kilogrammes en moyenne par rapport \u00e0 la devanci\u00e8re. Les liaisons au sol de conception nouvelle, le centre de gravit\u00e9 bas, la r\u00e9partition des charges sur essieux \u00e9quilibr\u00e9e typique de BMW et une carrosserie de conception l\u00e9g\u00e8re extr\u00eamement rigide en torsion permettent d\u2019allier une exp\u00e9rience de conduite dynamique du plus haut niveau et le confort de voyage caract\u00e9ristique de la BMW S\u00e9rie 5. Diff\u00e9rentes options d\u00e9di\u00e9es aux liaisons au sol, telles que la Direction active int\u00e9grale, disponible d\u00e9sormais aussi en association avec la transmission int\u00e9grale intelligente xDrive, viennent compl\u00e9ter le pack d\u2019ensemble ax\u00e9 sur le dynamisme de conduite, qui permet \u00e0 la BMW S\u00e9rie 5 de prendre \u00e0 nouveau la t\u00eate de son segment. Longue de 4 935 millim\u00e8tres, la nouvelle BMW S\u00e9rie 5 Berline affiche, selon la variante, un coefficient de p\u00e9n\u00e9tration dans l\u2019air (cx) de 0,22 occupant ainsi la premi\u00e8re place de sa cat\u00e9gorie, ce qui lui permet d\u2019atteindre des niveaux de consommation encore am\u00e9lior\u00e9s.<\/p>\n<p><strong>Une nouvelle \u00e9tape sur la route menant \u00e0 la conduite automatis\u00e9e.<br \/>\n<\/strong><br \/>\nDot\u00e9e d\u2019une panoplie de syst\u00e8mes d\u2019assistance, la nouvelle BMW S\u00e9rie 5 propose un soutien maximal au conducteur non seulement en cas de danger, mais aussi dans des situations peu exigeantes pour le conducteur telles que les bouchons et les circulations ralenties ou les tron\u00e7ons d\u2019autoroute monotones. Pour ce faire, elle est \u00e9quip\u00e9e de s\u00e9rie d\u2019une cam\u00e9ra st\u00e9r\u00e9o qui surveille l\u2019environnement de la voiture en interaction avec des capteurs radar et \u00e0 ultrasons optionnels. D\u00e9sormais, l\u2019Assistant d\u2019\u00e9vitement, l\u2019Assistant d\u2019intersection, l\u2019Avertisseur d\u2019angle mort et l\u2019Avertisseur de franchissement de ligne, Protection active anti-collision lat\u00e9rale comprise, s\u2019invitent sur la BMW S\u00e9rie 5. Le dernier des syst\u00e8mes susmentionn\u00e9s surveille les voies de circulation ainsi que la situation routi\u00e8re \u00e0 c\u00f4t\u00e9 de la BMW et soutient le conducteur activement par un couple de correction sur le volant en cas de risque de collision.<\/p>\n<p>Forte des fonctions \u00e9tendues du R\u00e9gulateur actif vitesse-distance (Active Cruise Control, ACC) et de l\u2019Assistant directionnel et de contr\u00f4le de la trajectoire, la nouvelle BMW S\u00e9rie 5 franchit d\u2019ailleurs une nouvelle \u00e9tape sur le chemin menant vers la conduite automatis\u00e9e. En fait partie, entre autres, la reprise de limitations de vitesse que l\u2019Assistant de limitation de vitesse intelligent (Intelligent Speed Assist) optionnel met \u00e0 la disposition du r\u00e9gulateur de vitesse, le conducteur pouvant proc\u00e9der \u00e0 une adaptation dans une plage comprise entre +\/- 15 km\/h. De l\u2019arr\u00eat jusqu\u2019\u00e0 une vitesse de 210 km\/h, la voiture aide le conducteur, s\u2019il le souhaite, en effectuant les acc\u00e9l\u00e9rations, les freinages et les braquages. La fonction Stop &#038; Start intelligente est d\u00e9sormais asservie \u00e0 l\u2019itin\u00e9raire et \u00e0 la densit\u00e9 de la circulation et amplifie ainsi encore l\u2019agr\u00e9ment de conduite.<\/p>\n<p><a href=\"http:\/\/www.agglotv.com\/wp-content\/up\/Capture-d\u2019e\u0301cran-2016-10-13-a\u0300-09.11.08.png\" rel=\"attachment wp-att-45322\"><img loading=\"lazy\" src=\"http:\/\/www.agglotv.com\/wp-content\/up\/Capture-d\u2019e\u0301cran-2016-10-13-a\u0300-09.11.08-300x171.png\" alt=\"BMW\" width=\"300\" height=\"171\" class=\"alignright size-medium wp-image-45322\" srcset=\"https:\/\/www.agglotv.com\/wp-content\/up\/Capture-d\u2019e\u0301cran-2016-10-13-a\u0300-09.11.08-300x171.png 300w, https:\/\/www.agglotv.com\/wp-content\/up\/Capture-d\u2019e\u0301cran-2016-10-13-a\u0300-09.11.08-768x439.png 768w, https:\/\/www.agglotv.com\/wp-content\/up\/Capture-d\u2019e\u0301cran-2016-10-13-a\u0300-09.11.08.png 870w\" sizes=\"(max-width: 300px) 100vw, 300px\" \/><\/a><strong>Commandes intuitives et confort int\u00e9gral.<br \/>\n<\/strong><br \/>\nPour simplifier encore les commandes, la nouvelle BMW S\u00e9rie 5 est \u00e9quip\u00e9e de l\u2019iDrive de la nouvelle g\u00e9n\u00e9ration. Dans la dotation de pointe, la navigation, le t\u00e9l\u00e9phone, l\u2019infodivertissement et les fonctions de la voiture sont affich\u00e9s sur un \u00e9cran haute r\u00e9solution de 10,25 pouces. Le conducteur peut commander le syst\u00e8me selon ses pr\u00e9f\u00e9rences \u00e0 l\u2019aide du controller iDrive, par voie vocale, par gestes ou par le biais de l\u2019\u00e9cran qui devient tactile. Le conducteur peut agencer librement ces \u00e9l\u00e9ments de commande grande surface \u00e9voquant des tuiles. Ils affichent \u00e0 tout moment un aper\u00e7u \u00e0 jour du contenu des menus respectifs. L\u2019Affichage t\u00eate haute BMW couleurs de derni\u00e8re g\u00e9n\u00e9ration pr\u00e9sente une surface de projection agrandie de 70 pour cent par rapport au mod\u00e8le pr\u00e9c\u00e9dent et affiche des informations telles que les panneaux de signalisation, les listes t\u00e9l\u00e9phoniques, les stations radio, les titres de musique, les indications de navigation ou les avertissements \u00e9mis par les syst\u00e8mes d\u2019aide au conducteur.<\/p>\n<p>Des possibilit\u00e9s de rangement \u00e9tendues, un espace jambes accru \u00e0 l\u2019arri\u00e8re et des si\u00e8ges Confort \u00e0 fonction de massage contribuent au confort magistral r\u00e9gnant \u00e0 bord au m\u00eame titre que la commande de si\u00e8ge innovante \u00e0 capteurs tactiles ou la climatisation \u00e0 quatre zones, y compris l\u2019ionisateur et le diffuseur de parfum d\u2019ambiance r\u00e9glable en intensit\u00e9. Un encapsulage moteur sp\u00e9cifique (SYNTAK), le pare-brise acoustique et le ciel de pavillon acoustique r\u00e9duisent encore le niveau sonore \u00e0 l\u2019int\u00e9rieur. Tous les phares de la BMW S\u00e9rie 5 Berline font appel, de s\u00e9rie, \u00e0 la technique des LEDs. L\u2019offre optionnelle propose le Pack Advanced Full LED incluant des projecteurs avec faisceau \u00e0 port\u00e9e et r\u00e9partition variables, y compris les fonctions d\u2019\u00e9clairage en rond-point et de feux de route anti-\u00e9blouissement BMW Selective Beam dont la port\u00e9e peut atteindre 500 m\u00e8tres.<\/p>\n<p><strong>Interconnexion avanc\u00e9e de la voiture, de l\u2019homme et de l\u2019environnement.<br \/>\n<\/strong><br \/>\nLa nouvelle BMW S\u00e9rie 5 s\u00e9duit aussi dans le domaine de l\u2019interconnexion : les vastes services BMW ConnectedDrive sont compl\u00e9t\u00e9s par de nouvelles propositions se traduisant par un gain de confort et de temps pour les voyageurs professionnels. Citons par exemple le syst\u00e8me de man\u0153uvres enti\u00e8rement automatiques \u00ab Park Assist \u00bb optionnel, qui d\u00e9tecte les emplacements libres et y gare la voiture en mode automatis\u00e9. Avec le service Microsoft Exchange, les utilisateurs de Microsoft Office 365 ont pour la premi\u00e8re fois la possibilit\u00e9 de synchroniser les e-mails, les entr\u00e9es de calendrier et les contacts et de les traiter \u00e0 bord de leur voiture. La fonction optionnelle Stationnement autonome t\u00e9l\u00e9command\u00e9 permet quant \u00e0 elle de garer la BMW S\u00e9rie 5 Berline dans les emplacements les plus \u00e9troits en g\u00e9rant la man\u0153uvre \u00e0 distance, \u00e0 l\u2019aide de la Display Key de la voiture. En outre, l\u2019int\u00e9gration de smartphones a \u00e9t\u00e9 optimis\u00e9e, les prestations allant d\u00e9sormais d\u2019Apple CarPlay pour la premi\u00e8re fois int\u00e9gr\u00e9 enti\u00e8rement sans fil au r\u00e9seau Wifi pour pas moins de dix appareils en passant par la recharge par induction du t\u00e9l\u00e9phone.<\/p>\n<p><strong>Contenus personnalis\u00e9s gr\u00e2ce \u00e0 BMW Connected.<br \/>\n<\/strong><br \/>\nDepuis juillet 2016, l\u2019application pour smartphone BMW Connected, l\u2019assistant personnel num\u00e9rique de mobilit\u00e9 sign\u00e9 BMW, est aussi disponible en Europe. La prochaine \u00e9volution proposant de nouveaux services est lanc\u00e9e avec la nouvelle BMW S\u00e9rie 5. BMW Connected donne au conducteur \u00e0 bord de la voiture l\u2019aper\u00e7u des informations personnelles relatives \u00e0 la mobilit\u00e9. Les informations importantes, telles que les prochaines destinations de navigation et l\u2019heure d\u2019arriv\u00e9e estim\u00e9e sont reprises de l\u2019agenda de mobilit\u00e9 personnel du smartphone et transmises \u00e0 la voiture o\u00f9 elles sont affich\u00e9es \u00e0 l\u2019\u00e9cran personnalis\u00e9. Gr\u00e2ce \u00e0 la fonction Remote 3D View, le conducteur peut appeler des vues en trois dimensions de l\u2019environnement de sa voiture sur son smartphone : m\u00eame \u00e0 distance, il peut donc toujours garder un \u0153il sur sa voiture.<\/p>\n<p><strong>BMW 530i xDrive et BMW 540i xDrive : les nouvelles motorisations essence.<br \/>\n<\/strong><br \/>\nTous les groupes sont issus de la nouvelle gamme de moteurs BMW EfficientDynamics de conception modulaire. Gr\u00e2ce \u00e0 la technologie BMW TwinPower Turbo, ils font rimer puissance maximale et efficience exemplaire. Pour le lancement commercial, le choix comprend deux moteurs diesel et deux moteurs essence s\u2019associant au choix \u00e0 la propulsion ou \u00e0 la transmission int\u00e9grale intelligente BMW xDrive selon les versions.<\/p>\n<p>Le nouveau quatre cylindres en ligne de 2 litres de cylindr\u00e9e animant la BMW 530i xDrive fournit un couple maximal de 350 Newtons-m\u00e8tres et d\u00e9bite une puissance maximale de 185 kW (252 ch). En cycle mixte, sa consommation est de 6,0 litres aux 100 kilom\u00e8tres*, ce qui correspond \u00e0 des rejets de CO2 de 137 grammes par kilom\u00e8tre. D\u00e9part arr\u00eat\u00e9, la BMW 530i atteint les 100 km\/h en 6,0 secondes et file \u00e0 une vitesse maximale de 250 km\/h.<\/p>\n<p>Jusqu\u2019\u00e0 nouvel ordre, la motorisation de pointe est le six cylindres en ligne d\u2019une puissance de 250 kW (340 ch) \u00e9quipant la BMW 540i xDrive. Ce 3 litres se targue d\u2019un couple de 450 Newtons-m\u00e8tres. Malgr\u00e9 la puissance accrue et le gain de dynamisme en d\u00e9coulant, la consommation moyenne n\u2019est que de 6,9 litres aux 100 kilom\u00e8tres, \u00e9quivalant \u00e0 159 grammes de CO2 par kilom\u00e8tre*. La BMW 540i xDrive abat le z\u00e9ro \u00e0 100 km\/h en seulement 4,8 secondes.<\/p>\n<p><strong>BMW 520d et BMW 530d : les nouveaux moteurs diesel.<br \/>\n<\/strong><br \/>\nLa BMW 520d fait tourner un quatre cylindres diesel d\u00e9bitant une puissance de 140 kW (190 ch) et un couple maximal de 400 Newtons-m\u00e8tres. La consommation et les \u00e9missions de CO2 s\u2019\u00e9l\u00e8vent \u00e0 respectivement 4,2 litres aux 100 kilom\u00e8tres* et 109 grammes par kilom\u00e8tre en version \u00e0 <a href=\"http:\/\/www.ecocarton.fr\/boite-archives-carton-avec-dos-de-10-cm-p-113.html\">bo\u00eete<\/a> m\u00e9canique, la version \u00e0 bo\u00eete Steptronic \u00e0 huit rapports affichant 4,1 litres aux 100 kilom\u00e8tres* et 108 grammes par kilom\u00e8tre. La berline parcourt le z\u00e9ro \u00e0 100 km\/h en 7,5 secondes (Steptronic), la vitesse maximale \u00e9tant de 235 km\/h.<\/p>\n<p>La nouvelle BMW 530d pr\u00e9sente, elle aussi, des avantages en mati\u00e8re de dynamisme et d\u2019efficience. Forte d\u2019une puissance de 195 kW (265 ch) et d\u2019un couple de 620 Newtons-m\u00e8tres, le six cylindres en ligne surpasse de loin son pr\u00e9d\u00e9cesseur. La BMW 530d se contente pourtant d\u2019une consommation moyenne de 4,5 litres aux 100 kilom\u00e8tres, ce qui correspond \u00e0 118 grammes de CO2 par kilom\u00e8tre, soit environ 13 pour cent en-dessous du niveau de sa devanci\u00e8re. D\u00e9part arr\u00eat\u00e9, 5,7 secondes suffisent \u00e0 la nouvelle BMW 530d pour s\u2019\u00e9lancer \u00e0 100 km\/h, la vitesse maximale \u00e9tant brid\u00e9e \u00e0 250 km\/h par l\u2019\u00e9lectronique.<\/p>\n<p><strong>Championne du CO2 et hybride rechargeable.<br \/>\n<\/strong><br \/>\nPeu de temps apr\u00e8s le lancement commercial, BMW \u00e9toffera la gamme des moteurs destin\u00e9s \u00e0 la nouvelle BMW S\u00e9rie 5 Berline de deux groupes suppl\u00e9mentaires. Le quatre cylindres diesel de 140 kW (190 ch), qui prendra place sous le capot de la BMW 520d EfficientDynamics Edition \u00e0 bo\u00eete Steptronic \u00e0 huit rapports, se pr\u00e9sente sous sa forme la plus efficiente gr\u00e2ce \u00e0 laquelle la berline affiche les \u00e9missions de CO2 les plus basses de sa cat\u00e9gorie.<\/p>\n<p>La BMW 530e iPerformance \u2013 version hybride rechargeable de la BMW S\u00e9rie 5 Berline \u2013 prendra \u00e9galement le d\u00e9part au mois de mars 2017. La combinaison du concept d\u2019entra\u00eenement \u00e9lectrique BMW eDrive et d\u2019un quatre cylindres essence permet des \u00e9missions de CO2 ultrabasses.<\/p>\n<p><em>* Les valeurs de consommation, en partie provisoires, ont \u00e9t\u00e9 relev\u00e9es sur la base du cycle de conduite europ\u00e9en, elles d\u00e9pendent des dimensions des pneus.<br \/>\n<\/em><br \/>\n<center><script type=\"text\/javascript\">\n    google_ad_client = \"ca-pub-2913804460579993\";\n    google_ad_slot = \"0407761596\";\n    google_ad_width = 728;\n    google_ad_height = 90;\n<\/script><br \/>\n<!-- 728x90, date de cr\u00e9ation 15\/09\/09 --><br \/>\n<script type=\"text\/javascript\"\nsrc=\"\/\/pagead2.googlesyndication.com\/pagead\/show_ads.js\">\n<\/script><\/center><\/p>\n","protected":false},"excerpt":{"rendered":"<p>La BMW S\u00e9rie 5 Berline, septi\u00e8me du nom, d\u00e9gagera sportivit\u00e9, \u00e9l\u00e9gance et style pour son entr\u00e9e sur les march\u00e9s internationaux en f\u00e9vrier 2017. Voici ses principales nouveaut\u00e9s : un dynamisme de conduite encore accru, un maximum de syst\u00e8mes d\u2019aide au conducteur, un niveau d\u2019interconnexion sans \u00e9gal et un nouveau syst\u00e8me de commande innovant. Ainsi, la [&hellip;]<\/p>\n","protected":false},"author":2,"featured_media":0,"comment_status":"closed","ping_status":"closed","sticky":false,"template":"","format":"standard","meta":[],"categories":[13],"tags":[],"amp_enabled":true,"_links":{"self":[{"href":"https:\/\/www.agglotv.com\/index.php?rest_route=\/wp\/v2\/posts\/45321"}],"collection":[{"href":"https:\/\/www.agglotv.com\/index.php?rest_route=\/wp\/v2\/posts"}],"about":[{"href":"https:\/\/www.agglotv.com\/index.php?rest_route=\/wp\/v2\/types\/post"}],"author":[{"embeddable":true,"href":"https:\/\/www.agglotv.com\/index.php?rest_route=\/wp\/v2\/users\/2"}],"replies":[{"embeddable":true,"href":"https:\/\/www.agglotv.com\/index.php?rest_route=%2Fwp%2Fv2%2Fcomments&post=45321"}],"version-history":[{"count":1,"href":"https:\/\/www.agglotv.com\/index.php?rest_route=\/wp\/v2\/posts\/45321\/revisions"}],"predecessor-version":[{"id":45323,"href":"https:\/\/www.agglotv.com\/index.php?rest_route=\/wp\/v2\/posts\/45321\/revisions\/45323"}],"wp:attachment":[{"href":"https:\/\/www.agglotv.com\/index.php?rest_route=%2Fwp%2Fv2%2Fmedia&parent=45321"}],"wp:term":[{"taxonomy":"category","embeddable":true,"href":"https:\/\/www.agglotv.com\/index.php?rest_route=%2Fwp%2Fv2%2Fcategories&post=45321"},{"taxonomy":"post_tag","embeddable":true,"href":"https:\/\/www.agglotv.com\/index.php?rest_route=%2Fwp%2Fv2%2Ftags&post=45321"}],"curies":[{"name":"wp","href":"https:\/\/api.w.org\/{rel}","templated":true}]}}