{"id":44756,"date":"2016-08-14T09:06:39","date_gmt":"2016-08-14T09:06:39","guid":{"rendered":"http:\/\/www.agglotv.com\/?p=44756"},"modified":"2016-08-02T09:09:50","modified_gmt":"2016-08-02T09:09:50","slug":"les-deux-roues-motorises-quelle-approche-pour-les-politiques-de-mobilite","status":"publish","type":"post","link":"https:\/\/www.agglotv.com\/?p=44756","title":{"rendered":"Les deux-roues motoris\u00e9s, quelle approche pour les politiques de mobilit\u00e9 ?"},"content":{"rendered":"<div class=\"alignleft\"><script type=\"text\/javascript\">\n    google_ad_client = \"ca-pub-2913804460579993\";\n    google_ad_slot = \"5262923224\";\n    google_ad_width = 300;\n    google_ad_height = 250;\n<\/script><br \/>\n<!-- recette --><br \/>\n<script type=\"text\/javascript\"\nsrc=\"\/\/pagead2.googlesyndication.com\/pagead\/show_ads.js\">\n<\/script><\/div>\n<p><strong>Le deux-roues motoris\u00e9 en \u00cele-de-France : la fin du boom des ann\u00e9es 2000 ?<\/strong><\/p>\n<p>570 000 d\u00e9placements par jour<br \/>\n3% des d\u00e9placements franciliens m\u00e9canis\u00e9s de surface (3% v\u00e9lo, 63 % voiture particuli\u00e8re)<br \/>\n9 % des d\u00e9placements franciliens m\u00e9canis\u00e9s de surface internes \u00e0 Paris (16 % v\u00e9lo, 27 % voiture particuli\u00e8re)<br \/>\n+ 56 % de croissance 1991-2010<\/p>\n<p>Un retournement de tendance : ventes et immatriculations en baisse r\u00e9guli\u00e8re en \u00cele-de-France depuis quelques ann\u00e9es, trafic stabilis\u00e9 dans Paris depuis 2009<\/p>\n<p>Les deux-roues motoris\u00e9s ont connu une p\u00e9riode de croissance forte durant les ann\u00e9es 2000 mais au final leur part dans la mobilit\u00e9 francilienne est rest\u00e9e modeste et plusieurs \u00e9l\u00e9ments semblent montrer un retournement de tendance. On note ainsi une baisse r\u00e9guli\u00e8re des immatriculations en \u00cele-de-France ainsi que des ventes de v\u00e9hicules neufs : &#8211; 27 % de cyclomoteurs et &#8211; 34 % de motocyclettes entre 2011 et 2014.<\/p>\n<p><strong>2012 : 51 %* des tu\u00e9s et bless\u00e9s hospitalis\u00e9s \u00e0 Paris Vs 7 % pour les cyclistes<br \/>\n<\/strong><br \/>\n\u00c0 premi\u00e8re vue, les deux-roues motoris\u00e9s sont un mode de d\u00e9placement qui peut s\u00e9duire dans un contexte urbain congestionn\u00e9. Cependant, leur public reste structurellement assez restreint (co\u00fbts, difficult\u00e9s de conduite, prise de risque) alors que les impacts li\u00e9s \u00e0 leur usage sont loin d&rsquo;\u00eatre n\u00e9gligeables : pollutions sonore et atmosph\u00e9rique, stationnement parfois g\u00eanant pour les pi\u00e9tons mais surtout une part disproportionn\u00e9e dans l&rsquo;accidentalit\u00e9 routi\u00e8re. Ainsi, en 2012, les usagers deux-roues motoris\u00e9s ont compt\u00e9 pour 51 % des tu\u00e9s et bless\u00e9s hospitalis\u00e9s dans la circulation \u00e0 Paris contre 7 % pour les cyclistes (sur la totalit\u00e9 des modes individuels m\u00e9canis\u00e9s, pour deux modes assez proches dans la mobilit\u00e9 parisienne).<\/p>\n<p><strong>Un choix de d\u00e9placement urbain \u00e0 limiter<br \/>\n<\/strong><br \/>\nFort de ces constats, la <a href=\"http:\/\/www.anais-discount.com\/moto-miniature-newray-250-kxf-team-bud-rockstar-12-2015-xml-810_399-13095.html\">moto<\/a> n&rsquo;apparait donc pas, du point de vue de l&rsquo;urbaniste, comme une solution de transport \u00e0 d\u00e9velopper face aux enjeux d&rsquo;engorgement de la ville dense. Le seul crit\u00e8re de l&rsquo;accidentalit\u00e9 routi\u00e8re est probl\u00e9matique, m\u00eame si elle est globalement en baisse.<\/p>\n<p>Le deux-roues motoris\u00e9 peut et doit rester le r\u00e9sultat d&rsquo;un vrai choix individuel, li\u00e9 \u00e0 sa praticit\u00e9 ainsi qu&rsquo;au plaisir de conduite. Son utilisation en milieu urbain m\u00e9rite alors d&rsquo;\u00eatre mieux encadr\u00e9e par des am\u00e9liorations de la s\u00e9curit\u00e9 routi\u00e8re ainsi que par des mesures de r\u00e9gulation comme \u00e9ventuellement le stationnement payant.<\/p>\n<p><em>*total modes individuels m\u00e9canis\u00e9s<\/em><\/p>\n<p><center><script type=\"text\/javascript\">\n    google_ad_client = \"ca-pub-2913804460579993\";\n    google_ad_slot = \"0407761596\";\n    google_ad_width = 728;\n    google_ad_height = 90;\n<\/script><br \/>\n<!-- 728x90, date de cr\u00e9ation 15\/09\/09 --><br \/>\n<script type=\"text\/javascript\"\nsrc=\"\/\/pagead2.googlesyndication.com\/pagead\/show_ads.js\">\n<\/script><\/center><\/p>\n","protected":false},"excerpt":{"rendered":"<p>Le deux-roues motoris\u00e9 en \u00cele-de-France : la fin du boom des ann\u00e9es 2000 ? 570 000 d\u00e9placements par jour 3% des d\u00e9placements franciliens m\u00e9canis\u00e9s de surface (3% v\u00e9lo, 63 % voiture particuli\u00e8re) 9 % des d\u00e9placements franciliens m\u00e9canis\u00e9s de surface internes \u00e0 Paris (16 % v\u00e9lo, 27 % voiture particuli\u00e8re) + 56 % de croissance [&hellip;]<\/p>\n","protected":false},"author":2,"featured_media":0,"comment_status":"closed","ping_status":"closed","sticky":false,"template":"","format":"standard","meta":[],"categories":[13],"tags":[],"amp_enabled":true,"_links":{"self":[{"href":"https:\/\/www.agglotv.com\/index.php?rest_route=\/wp\/v2\/posts\/44756"}],"collection":[{"href":"https:\/\/www.agglotv.com\/index.php?rest_route=\/wp\/v2\/posts"}],"about":[{"href":"https:\/\/www.agglotv.com\/index.php?rest_route=\/wp\/v2\/types\/post"}],"author":[{"embeddable":true,"href":"https:\/\/www.agglotv.com\/index.php?rest_route=\/wp\/v2\/users\/2"}],"replies":[{"embeddable":true,"href":"https:\/\/www.agglotv.com\/index.php?rest_route=%2Fwp%2Fv2%2Fcomments&post=44756"}],"version-history":[{"count":1,"href":"https:\/\/www.agglotv.com\/index.php?rest_route=\/wp\/v2\/posts\/44756\/revisions"}],"predecessor-version":[{"id":44757,"href":"https:\/\/www.agglotv.com\/index.php?rest_route=\/wp\/v2\/posts\/44756\/revisions\/44757"}],"wp:attachment":[{"href":"https:\/\/www.agglotv.com\/index.php?rest_route=%2Fwp%2Fv2%2Fmedia&parent=44756"}],"wp:term":[{"taxonomy":"category","embeddable":true,"href":"https:\/\/www.agglotv.com\/index.php?rest_route=%2Fwp%2Fv2%2Fcategories&post=44756"},{"taxonomy":"post_tag","embeddable":true,"href":"https:\/\/www.agglotv.com\/index.php?rest_route=%2Fwp%2Fv2%2Ftags&post=44756"}],"curies":[{"name":"wp","href":"https:\/\/api.w.org\/{rel}","templated":true}]}}