{"id":40123,"date":"2015-05-22T06:38:17","date_gmt":"2015-05-22T06:38:17","guid":{"rendered":"http:\/\/www.agglotv.com\/?p=40123"},"modified":"2015-05-22T06:38:17","modified_gmt":"2015-05-22T06:38:17","slug":"covea-sengage-avec-lassociation-nos-quartiers-ont-des-talents","status":"publish","type":"post","link":"https:\/\/www.agglotv.com\/?p=40123","title":{"rendered":"Cov\u00e9a s\u2019engage avec l\u2019association \u00ab Nos Quartiers ont des Talents \u00bb"},"content":{"rendered":"<div class=\"alignleft\"><script type=\"text\/javascript\"><!--\ngoogle_ad_client = \"pub-2913804460579993\";\n\/* 300x250, date de cr\u00e9ation 09\/09\/10 *\/\ngoogle_ad_slot = \"3968300003\";\ngoogle_ad_width = 300;\ngoogle_ad_height = 250;\n\/\/-->\n<\/script><br \/>\n<script type=\"text\/javascript\"\nsrc=\"http:\/\/pagead2.googlesyndication.com\/pagead\/show_ads.js\">\n<\/script><\/div>\n<p>Cov\u00e9a a sign\u00e9 un partenariat avec l\u2019association NQT (Nos Quartiers ont des Talents). Avec elle, le groupe s\u2019engage en faveur de l\u2019\u00e9galit\u00e9 des chances en facilitant et acc\u00e9l\u00e9rant l\u2019insertion professionnelle des jeunes dipl\u00f4m\u00e9s issus de quartiers prioritaires ou de milieux d\u00e9favoris\u00e9s.<br \/>\nAu travers de ce partenariat, Cov\u00e9a propose \u00e0 ses managers de devenir parrains ou marraines de jeunes dipl\u00f4m\u00e9s (Bac + 4 minimum) issus de quartiers prioritaires ou de milieux sociaux d\u00e9favoris\u00e9s. Les managers mettent leur exp\u00e9rience professionnelle et leur r\u00e9seau au service de l\u2019insertion professionnelle de leurs filleuls.<\/p>\n<p>Avec ce syst\u00e8me de parrainage, les managers, impliqu\u00e9s volontairement et \u00e0 titre personnel, vont consacrer un peu de leur temps \u00e0 accompagner ces jeunes dipl\u00f4m\u00e9s dans leur recherche d\u2019emploi en leur apportant aide et conseils sur le CV, la lettre de motivation, les entretiens, la constitution d\u2019un r\u00e9seau\u2026<\/p>\n<p><a href=\"http:\/\/www.agglotv.com\/wp-content\/up\/nos-quartiers.jpg\"><img loading=\"lazy\" src=\"http:\/\/www.agglotv.com\/wp-content\/up\/nos-quartiers-300x181.jpg\" alt=\"nos quartiers\" width=\"300\" height=\"181\" class=\"alignright size-medium wp-image-40124\" \/><\/a>Le r\u00f4le du parrain ou de la marraine est de redonner confiance au jeune dipl\u00f4m\u00e9, de l\u2019aider \u00e0 int\u00e9grer les codes de l\u2019<a href=\"http:\/\/blog.domicilgym.fr\/?p=4000\">entreprise<\/a>, d\u2019am\u00e9liorer sa m\u00e9thodologie dans la recherche d\u2019emploi, de le guider dans la pr\u00e9sentation de son projet et de lui ouvrir son r\u00e9seau professionnel.<\/p>\n<p>Plus de 25 parrains et marraines, issus de diff\u00e9rentes directions et marques du groupe Cov\u00e9a, ont d\u00e9j\u00e0 r\u00e9pondu pr\u00e9sents et se sont engag\u00e9s dans l\u2019accompagnement r\u00e9gulier de jeunes dipl\u00f4m\u00e9s. Ce r\u00e9seau est appel\u00e9 \u00e0 se d\u00e9velopper, gr\u00e2ce \u00e0 des actions de sensibilisation qui seront men\u00e9es aupr\u00e8s de l\u2019ensemble des managers du Groupe.<\/p>\n<p>Cette d\u00e9marche, volontaire et citoyenne, permet aux managers de Cov\u00e9a de vivre une exp\u00e9rience humaine enrichissante et de se mobiliser autour de valeurs f\u00e9d\u00e9ratrices.<\/p>\n<p>\u00ab En liant l\u2019engagement personnel de ses managers \u00e0 son engagement citoyen, le partenariat avec NQT s\u2019inscrit totalement dans les valeurs mutualistes du groupe Cov\u00e9a. Il participe \u00e0 la politique de Responsabilit\u00e9 Sociale et Environnementale men\u00e9e par Cov\u00e9a et illustre son implication concr\u00e8te en faveur de la diversit\u00e9 \u00bb, souligne Michel Gougnard, directeur g\u00e9n\u00e9ral Ressources Humaines et <a href=\"http:\/\/www.olivierbarthe.com\/?tag=agence-de-communication-carcassonne\">Communication<\/a> Interne de Cov\u00e9a.<\/p>\n<p><center><script type=\"text\/javascript\">\n    google_ad_client = \"ca-pub-2913804460579993\";\n    google_ad_slot = \"0407761596\";\n    google_ad_width = 728;\n    google_ad_height = 90;\n<\/script><br \/>\n<!-- 728x90, date de cr\u00e9ation 15\/09\/09 --><br \/>\n<script type=\"text\/javascript\"\nsrc=\"\/\/pagead2.googlesyndication.com\/pagead\/show_ads.js\">\n<\/script><\/center><\/p>\n","protected":false},"excerpt":{"rendered":"<p>Cov\u00e9a a sign\u00e9 un partenariat avec l\u2019association NQT (Nos Quartiers ont des Talents). Avec elle, le groupe s\u2019engage en faveur de l\u2019\u00e9galit\u00e9 des chances en facilitant et acc\u00e9l\u00e9rant l\u2019insertion professionnelle des jeunes dipl\u00f4m\u00e9s issus de quartiers prioritaires ou de milieux d\u00e9favoris\u00e9s. Au travers de ce partenariat, Cov\u00e9a propose \u00e0 ses managers de devenir parrains ou [&hellip;]<\/p>\n","protected":false},"author":2,"featured_media":0,"comment_status":"closed","ping_status":"closed","sticky":false,"template":"","format":"standard","meta":[],"categories":[21],"tags":[],"amp_enabled":true,"_links":{"self":[{"href":"https:\/\/www.agglotv.com\/index.php?rest_route=\/wp\/v2\/posts\/40123"}],"collection":[{"href":"https:\/\/www.agglotv.com\/index.php?rest_route=\/wp\/v2\/posts"}],"about":[{"href":"https:\/\/www.agglotv.com\/index.php?rest_route=\/wp\/v2\/types\/post"}],"author":[{"embeddable":true,"href":"https:\/\/www.agglotv.com\/index.php?rest_route=\/wp\/v2\/users\/2"}],"replies":[{"embeddable":true,"href":"https:\/\/www.agglotv.com\/index.php?rest_route=%2Fwp%2Fv2%2Fcomments&post=40123"}],"version-history":[{"count":1,"href":"https:\/\/www.agglotv.com\/index.php?rest_route=\/wp\/v2\/posts\/40123\/revisions"}],"predecessor-version":[{"id":40125,"href":"https:\/\/www.agglotv.com\/index.php?rest_route=\/wp\/v2\/posts\/40123\/revisions\/40125"}],"wp:attachment":[{"href":"https:\/\/www.agglotv.com\/index.php?rest_route=%2Fwp%2Fv2%2Fmedia&parent=40123"}],"wp:term":[{"taxonomy":"category","embeddable":true,"href":"https:\/\/www.agglotv.com\/index.php?rest_route=%2Fwp%2Fv2%2Fcategories&post=40123"},{"taxonomy":"post_tag","embeddable":true,"href":"https:\/\/www.agglotv.com\/index.php?rest_route=%2Fwp%2Fv2%2Ftags&post=40123"}],"curies":[{"name":"wp","href":"https:\/\/api.w.org\/{rel}","templated":true}]}}