{"id":2215,"date":"2010-04-12T12:49:18","date_gmt":"2010-04-12T12:49:18","guid":{"rendered":"http:\/\/www.agglotv.com\/?p=2215"},"modified":"2010-04-12T12:49:18","modified_gmt":"2010-04-12T12:49:18","slug":"adoptons-la-meilleure-attitude-en-terme-denvironnement-car-notre-le-notre-est-fragile-en-raison-de-son-insularite","status":"publish","type":"post","link":"https:\/\/www.agglotv.com\/?p=2215","title":{"rendered":"Adoptons la meilleure attitude en terme d&rsquo;Environnement, car notre le notre est fragile en raison de son insularit\u00e9"},"content":{"rendered":"<div class=\"alignleft\"><script type=\"text\/javascript\"><!--\ngoogle_ad_client = \"pub-2913804460579993\";\n\/* 200x200, date de cr\u00e9ation 07\/01\/10 *\/\ngoogle_ad_slot = \"0007263505\";\ngoogle_ad_width = 200;\ngoogle_ad_height = 200;\n\/\/-->\n<\/script><br \/>\n<script type=\"text\/javascript\"\nsrc=\"http:\/\/pagead2.googlesyndication.com\/pagead\/show_ads.js\">\n<\/script><\/div>\n<p><strong>Un petit geste individuel responsable est plus b\u00e9n\u00e9fique qu&rsquo;une action collective<\/strong><\/p>\n<p>Le Label Green Attitude ce caract\u00e9rise par l&rsquo;identification des professionnels responsables en mati\u00e8re d&rsquo;environnement, notamment en s&rsquo;engageant dans la collecte, et le traitement de ses DTQD ( D\u00e9chets Toxiques en Quantit\u00e9 Dispers\u00e9e )<\/p>\n<p>Cette premi\u00e8re \u00e9dition 2010 se focalise sur le secteur commer\u00e7ant des <a href=\"http:\/\/www.salons-coiffure.fr\/\">salons de coiffure<\/a>\/<a href=\"http:\/\/www.cote-zen.fr\/\">esth\u00e9tique<\/a> de la Guadeloupe avant de s&rsquo;\u00e9tendre \u00e0 d&rsquo;autres territoires et d&rsquo;autres secteurs d&rsquo;activit\u00e9s, en engageant tout un chacun par un cahier des charges lui permettant d&rsquo;obtenir une accr\u00e9ditation officialisant sa lab\u00e9lisation Green Attitude, notamment par une sticker auto-collant et\/ou num\u00e9rique.<\/p>\n<p>L&rsquo;impact en terme de communication est d&rsquo;autant plus fort que l&rsquo;\u00e9tablissement communique intelligement aupr\u00e8s de consommateurs qui s&rsquo;identifierons \u00e0 celui-ci en se solidarisant \u00e0 cette action responsable, plut\u00f4t que d&rsquo;entretenir un certain laxisme en la mati\u00e8re.<!--more--><\/p>\n<p>Nous profitons de l&rsquo;accr\u00e9ditation de ce projet par le Minist\u00e8re de l&rsquo;Environnement Fran\u00e7ais, dans le cadre de la semaine de l&rsquo;environnement ( du 1er au 7 avril ) m\u00e9diatisant tous ces actions environnementales via les m\u00e9dias locaux et nationnaux.<\/p>\n<p>Dans le cadre des projets Guadeloup\u00e9en valid\u00e9s par le Minist\u00e8re de l&rsquo;Environnement, toutes les femmes de Guadeloupe sont invit\u00e9es a venir d\u00e9poser leurs emballages capillaire \u00e0 Jarry ( tubes aluminium et plastiques ) aupr\u00e8s des professionnels lab\u00e9lis\u00e9s Green Attitude, ce, du 1er au 7 Avril lors de la semaine de l&rsquo;environnement, chez l&rsquo;initiateur du projet , salon de coiffure Image de Soi \u2013 1352, rue Henri Becquerel \u00e0 Jarry voir site du minist\u00e8re : <a href=\"http:\/\/www.semainedudeveloppementdurable.gouv.fr\">www.semainedudeveloppementdurable.gouv.fr<\/a><\/p>\n","protected":false},"excerpt":{"rendered":"<p>Un petit geste individuel responsable est plus b\u00e9n\u00e9fique qu&rsquo;une action collective Le Label Green Attitude ce caract\u00e9rise par l&rsquo;identification des professionnels responsables en mati\u00e8re d&rsquo;environnement, notamment en s&rsquo;engageant dans la collecte, et le traitement de ses DTQD ( D\u00e9chets Toxiques en Quantit\u00e9 Dispers\u00e9e ) Cette premi\u00e8re \u00e9dition 2010 se focalise sur le secteur commer\u00e7ant des [&hellip;]<\/p>\n","protected":false},"author":2,"featured_media":0,"comment_status":"closed","ping_status":"closed","sticky":false,"template":"","format":"standard","meta":[],"categories":[35],"tags":[],"amp_enabled":true,"_links":{"self":[{"href":"https:\/\/www.agglotv.com\/index.php?rest_route=\/wp\/v2\/posts\/2215"}],"collection":[{"href":"https:\/\/www.agglotv.com\/index.php?rest_route=\/wp\/v2\/posts"}],"about":[{"href":"https:\/\/www.agglotv.com\/index.php?rest_route=\/wp\/v2\/types\/post"}],"author":[{"embeddable":true,"href":"https:\/\/www.agglotv.com\/index.php?rest_route=\/wp\/v2\/users\/2"}],"replies":[{"embeddable":true,"href":"https:\/\/www.agglotv.com\/index.php?rest_route=%2Fwp%2Fv2%2Fcomments&post=2215"}],"version-history":[{"count":1,"href":"https:\/\/www.agglotv.com\/index.php?rest_route=\/wp\/v2\/posts\/2215\/revisions"}],"predecessor-version":[{"id":2216,"href":"https:\/\/www.agglotv.com\/index.php?rest_route=\/wp\/v2\/posts\/2215\/revisions\/2216"}],"wp:attachment":[{"href":"https:\/\/www.agglotv.com\/index.php?rest_route=%2Fwp%2Fv2%2Fmedia&parent=2215"}],"wp:term":[{"taxonomy":"category","embeddable":true,"href":"https:\/\/www.agglotv.com\/index.php?rest_route=%2Fwp%2Fv2%2Fcategories&post=2215"},{"taxonomy":"post_tag","embeddable":true,"href":"https:\/\/www.agglotv.com\/index.php?rest_route=%2Fwp%2Fv2%2Ftags&post=2215"}],"curies":[{"name":"wp","href":"https:\/\/api.w.org\/{rel}","templated":true}]}}