{"id":145,"date":"2010-01-08T15:31:01","date_gmt":"2010-01-08T15:31:01","guid":{"rendered":"http:\/\/www.agglotv.com\/?p=145"},"modified":"2010-01-08T15:31:01","modified_gmt":"2010-01-08T15:31:01","slug":"repar%e2%80%99stores-la-premiere-franchise-specialisee-dans-la-reparation-et-la-modernisation-de-volets-roulants","status":"publish","type":"post","link":"https:\/\/www.agglotv.com\/?p=145","title":{"rendered":"Repar\u2019stores, la premi\u00e8re franchise sp\u00e9cialis\u00e9e dans la r\u00e9paration et la modernisation de volets roulants"},"content":{"rendered":"<div class=\"alignleft\"><script type=\"text\/javascript\"><!--\ngoogle_ad_client = \"pub-2913804460579993\";\n\/* 200x200, date de cr\u00e9ation 07\/01\/10 *\/\ngoogle_ad_slot = \"0007263505\";\ngoogle_ad_width = 200;\ngoogle_ad_height = 200;\n\/\/-->\n<\/script><br \/>\n<script type=\"text\/javascript\"\nsrc=\"http:\/\/pagead2.googlesyndication.com\/pagead\/show_ads.js\">\n<\/script><\/div>\n<p>Fond\u00e9e il y a une vingtaine d\u2019ann\u00e9es \u00e0 Frontignan dans l\u2019H\u00e9rault, la soci\u00e9t\u00e9 Eurostores est sp\u00e9cialis\u00e9e dans l\u2019installation et la pose de menuiserie, volets-roulants, et stores chez les particuliers et les \u00e9tablissements publics. <\/p>\n<p>Son PDG, Roger Varobieff a cr\u00e9\u00e9 un nouveau concept exploitant une des activit\u00e9s de la soci\u00e9t\u00e9 Eurostores, \u00e0 savoir la r\u00e9paration et la modernisation des volets roulants.<\/p>\n<p>D\u00e9cid\u00e9 \u00e0 d\u00e9velopper ce concept par le biais de la franchise, il s\u2019est associ\u00e9 \u00e0 deux juristes de 25 ans titulaires d\u2019un double Master 2 Droit Notarial\/Droit de l\u2019immobilier: Yoann Guichard et Guillaume Varobieff, son fils.<\/p>\n<p>Cr\u00e9e au mois de mai 2009, Repar\u2019stores regroupe toutes les comp\u00e9tences indispensables \u00e0 ses franchis\u00e9s.<br \/>\n<!--more--><br \/>\nA ce titre, la soci\u00e9t\u00e9 Repar\u2019stores dispose d\u2019un centre de formation destin\u00e9 \u00e0 l\u2019apprentissage du m\u00e9tier, d\u2019une centrale d\u2019achat accessible au moyen d\u2019un site de vente en ligne (<a href=\"http:\/\/www.laboutiqueduvolet.com\">www.laboutiqueduvolet.com<\/a>) et leur permettant un approvisionnement r\u00e9gulier en stock, ainsi que d\u2019une unit\u00e9 pilote exer\u00e7ant le m\u00e9tier type des Franchis\u00e9s.<\/p>\n<p><strong>Une <a href=\"http:\/\/www.oma-formation.com\">formation<\/a> destin\u00e9e \u00e0 former des dirigeants autonomes.<\/strong><\/p>\n<p>Le centre de formation Repar\u2019stores dispense en effet aux franchis\u00e9s une formation initiale exhaustive s\u2019\u00e9tendant sur une p\u00e9riode de 6 semaines. Celle-ci sera compl\u00e9t\u00e9e par des journ\u00e9es de formation continue intervenant \u00e0 un rythme tri-annuel.<\/p>\n<p>La formation initiale se d\u00e9compose comme suit :<\/p>\n<p>\u2022 trois semaines de pratique en conditions r\u00e9elles r\u00e9alis\u00e9es en accompagnement de l\u2019unit\u00e9 pilote.<\/p>\n<p>\u2022 trois semaines de th\u00e9orique et de technique effectu\u00e9es par trois intervenants sp\u00e9cialis\u00e9s :<\/p>\n<p>&#8211; Roger Varobieff, PDG d\u2019Eurostores, inculque aux franchis\u00e9s toute la partie technique du m\u00e9tier, cela allant du choix des produits, en passant par le calcul des marges, jusqu\u2019\u00e0 la gestion des stocks.<\/p>\n<p>&#8211; Christian Debets, consultant du cabinet Experty\u2019s m\u00e9diterran\u00e9e, dispense une formation comptable et juridique (obligations fiscales, sociales, juridiques et comptables indispensables \u00e0 tout chef d\u00b9entreprise)<\/p>\n<p>&#8211; Bernard Gazanhes, consultant en Management, d\u00e9veloppement personnel et coaching leur d\u00e9livre les clefs de la communication et de la relation client.<\/p>\n<p> \u00ab Nous tenons \u00e0 former des dirigeants  autonomes, qui seront \u00e0 la fois de bons gestionnaires et de artisans efficaces\u00a0\u00bb souligne Roger Varobieff.<\/p>\n<p><strong>Un m\u00e9tier \u00e9prouv\u00e9 par l\u2019unit\u00e9 pilote.<\/strong><\/p>\n<p>Repar\u2019stores a mis en place un structure pilote devenue la vitrine de l\u2019activit\u00e9 exerc\u00e9e par les futurs franchis\u00e9s. <\/p>\n<p>Le responsable de cette structure, Dominique Dumont, poss\u00e8de une double comp\u00e9tence :<\/p>\n<p>&#8211; Il intervient sur le secteur du bassin de Thau pour y r\u00e9aliser des interventions de r\u00e9paration et de modernisation de volets roulants.<\/p>\n<p>&#8211; Il accueille trois semaines durant sur le terrain les franchis\u00e9s en formation afin de les former dans des conditions identiques \u00e0 celles qu\u2019ils retrouveront dans leur m\u00e9tier de demain. <\/p>\n<p><strong>La boutique du volet : <a href=\"http:\/\/www.laboutiqueduvolet.com\">www.laboutiqueduvolet.com<\/a> <\/strong><\/p>\n<p>Afin de parfaire le concept et de proposer un service complet \u00e0 ses franchis\u00e9s, Repar\u2019stores a cr\u00e9\u00e9 une centrale d\u2019achat se mat\u00e9rialisant sous la forme d\u2019un site de vente en ligne. <\/p>\n<p>Les franchis\u00e9s y b\u00e9n\u00e9ficient de conditions d\u2019achats privil\u00e9gi\u00e9es, cela leur permettant \u00e9galement un approvisionnent r\u00e9gulier, en petite quantit\u00e9, en accord avec leur cadence d\u2019interventions.<\/p>\n<p>En outre, \u00ab la boutique du volet \u00bb est accessible aux particuliers. De ce fait, le prix des pi\u00e8ces d\u00e9tach\u00e9es de volets roulants, des moteurs ou encore des t\u00e9l\u00e9commandes y \u00e9tant affich\u00e9, les clients des franchis\u00e9s b\u00e9n\u00e9ficient alors d\u2019une transparence totale quant au co\u00fbt des produits.<\/p>\n<p><strong>Quinze franchis\u00e9s d\u2019ici la fin de l\u2019ann\u00e9e 2010.<\/strong\n\nRoger Varobieff, cr\u00e9ateur de Repar\u2019stores, fut pendant sept ann\u00e9es juge au tribunal de commerce, et pr\u00e9side actuellement la Plateforme d\u2019initiative locale de S\u00e8te, une association dont la mission est d\u2019accompagner les cr\u00e9ateurs d\u00b9entreprise de la phase du montage de leur dossier jusqu\u2019\u00e0 leur d\u00e9marrage d\u2019activit\u00e9, en accordant, s\u2019il est besoin, des pr\u00eats personnels sur l\u2019honneur \u00e0 taux z\u00e9ro.\n\n\" Quatre franchis\u00e9s ont d\u00e9j\u00e0 \u00e9t\u00e9 form\u00e9 lors des deux premi\u00e8res sessions s\u2019\u00e9tendant de septembre \u00e0 d\u00e9cembre, et une troisi\u00e8me session d\u00e9marrera en janvier 2010. Nous pr\u00e9voyons d\u2019ici la fin de l\u2019ann\u00e9e 2010, la formation de quinze franchis\u00e9s. Trois franchis\u00e9s d\u00e9marreront leur activit\u00e9 en janvier, respectivement sur les secteurs de N\u00eemes, Agde et Avignon. Trois autres ouvertures sont pr\u00e9vues en Mars 2010 sur les secteurs de Montpellier et de la Grande-Motte. Les suivantes devraient finaliser le quadrillage de la r\u00e9gion Languedoc-Roussillon. \"\n\n\u00ab Notre objectif est de faire de Repar\u2019stores la r\u00e9f\u00e9rence de la r\u00e9paration et de la modernisation de volets roulants. \u00bb affirme Yoann Guichard.\n\nWebsite : <a href=\"http:\/\/www.reparstores.com\">www.reparstores.com<\/a><\/p>\n","protected":false},"excerpt":{"rendered":"<p>Fond\u00e9e il y a une vingtaine d\u2019ann\u00e9es \u00e0 Frontignan dans l\u2019H\u00e9rault, la soci\u00e9t\u00e9 Eurostores est sp\u00e9cialis\u00e9e dans l\u2019installation et la pose de menuiserie, volets-roulants, et stores chez les particuliers et les \u00e9tablissements publics. Son PDG, Roger Varobieff a cr\u00e9\u00e9 un nouveau concept exploitant une des activit\u00e9s de la soci\u00e9t\u00e9 Eurostores, \u00e0 savoir la r\u00e9paration et [&hellip;]<\/p>\n","protected":false},"author":2,"featured_media":0,"comment_status":"closed","ping_status":"closed","sticky":false,"template":"","format":"standard","meta":[],"categories":[26],"tags":[],"amp_enabled":true,"_links":{"self":[{"href":"https:\/\/www.agglotv.com\/index.php?rest_route=\/wp\/v2\/posts\/145"}],"collection":[{"href":"https:\/\/www.agglotv.com\/index.php?rest_route=\/wp\/v2\/posts"}],"about":[{"href":"https:\/\/www.agglotv.com\/index.php?rest_route=\/wp\/v2\/types\/post"}],"author":[{"embeddable":true,"href":"https:\/\/www.agglotv.com\/index.php?rest_route=\/wp\/v2\/users\/2"}],"replies":[{"embeddable":true,"href":"https:\/\/www.agglotv.com\/index.php?rest_route=%2Fwp%2Fv2%2Fcomments&post=145"}],"version-history":[{"count":2,"href":"https:\/\/www.agglotv.com\/index.php?rest_route=\/wp\/v2\/posts\/145\/revisions"}],"predecessor-version":[{"id":147,"href":"https:\/\/www.agglotv.com\/index.php?rest_route=\/wp\/v2\/posts\/145\/revisions\/147"}],"wp:attachment":[{"href":"https:\/\/www.agglotv.com\/index.php?rest_route=%2Fwp%2Fv2%2Fmedia&parent=145"}],"wp:term":[{"taxonomy":"category","embeddable":true,"href":"https:\/\/www.agglotv.com\/index.php?rest_route=%2Fwp%2Fv2%2Fcategories&post=145"},{"taxonomy":"post_tag","embeddable":true,"href":"https:\/\/www.agglotv.com\/index.php?rest_route=%2Fwp%2Fv2%2Ftags&post=145"}],"curies":[{"name":"wp","href":"https:\/\/api.w.org\/{rel}","templated":true}]}}