{"id":1293,"date":"2010-03-02T13:30:45","date_gmt":"2010-03-02T13:30:45","guid":{"rendered":"http:\/\/www.agglotv.com\/?p=1293"},"modified":"2010-03-02T13:31:37","modified_gmt":"2010-03-02T13:31:37","slug":"%e2%80%9cle-forum-re-fait-son-cinema%e2%80%9d-du-10-mars-au-10-avril-2010","status":"publish","type":"post","link":"https:\/\/www.agglotv.com\/?p=1293","title":{"rendered":"\u201cLe Forum (re) fait son cin\u00e9ma\u201d du 10 mars au 10 avril 2010"},"content":{"rendered":"<div class=\"alignleft\"><script type=\"text\/javascript\"><!--\ngoogle_ad_client = \"pub-2913804460579993\";\n\/* 200x200, date de cr\u00e9ation 07\/01\/10 *\/\ngoogle_ad_slot = \"0007263505\";\ngoogle_ad_width = 200;\ngoogle_ad_height = 200;\n\/\/-->\n<\/script><br \/>\n<script type=\"text\/javascript\"\nsrc=\"http:\/\/pagead2.googlesyndication.com\/pagead\/show_ads.js\">\n<\/script><\/div>\n<p>Apr\u00e8s le succ\u00e8s de la \u00ab Premi\u00e8re \u00bb r\u00e9alis\u00e9e en 2009 sur le th\u00e8me du D\u00e9sir au cin\u00e9ma, le Forum des Halles redonne rendez-vous \u00e0 son public pour la suite du \u201cForum fait son cin\u00e9ma\u201d. Du 10 mars au 10 avril 2010, le centre de commerces, de cultures et de loisirs mettra en sc\u00e8ne les \u201cP\u00e8res &#038; Fils\u201d, un sujet original et intimiste, en r\u00e9sonance avec la programmation cin\u00e9matographique \u201cLes P\u00e8res\u201d actuellement \u00e0 l\u2019affiche au Forum des images<\/p>\n<p>D\u00e8s l\u2019entr\u00e9e de la Porte Lescot, le public s\u2019immergera dans une ambiance \u201cgrand \u00e9cran\u201d \u00e0 travers la diffusion de <a href=\"http:\/\/www.ronin-musicprod.com\/\">musiques<\/a> de films c\u00e9l\u00e8bres. Exposition photos, avant-premi\u00e8re, jeu-concours exceptionnel\u2026 pendant un mois, tous les projecteurs seront braqu\u00e9s sur le Forum des Halles.<\/p>\n<p><strong>\u201cp\u00e8re &#038; Fils\u201d face \u00e0 l\u2019objectif du photographe Gr\u00e9goire Korganow<\/strong><\/p>\n<p>S\u2019inspirant de la programmation cin\u00e9matographique \u201cLes P\u00e8res\u201d \u00e0 l\u2019affiche depuis le 10 f\u00e9vrier au Forum des images, le Forum des Halles accueille \u00e0 partir du 10 mars une exposition surprenante intitul\u00e9e \u201cP\u00e8re &#038; Fils\u201d du <a href=\"http:\/\/www.book-me.net\/?p=42\">photographe<\/a> Gr\u00e9goire Korganow. Pour la premi\u00e8re fois, l\u2019artiste expose cette s\u00e9rie de portraits grand format de duos p\u00e8res\/fils qui ont accept\u00e9 de se mettre \u00e0 nu devant son objectif.<!--more--><\/p>\n<p>Des p\u00e8res de 30 \u00e0 85 ans, des fils \u00e2g\u00e9s de quelques mois \u00e0 50 ans, posent ensemble, debout, torse nu, peau contre peau, unis par des gestes qui leur ressemblent et qui les rassemblent. Des clich\u00e9s intimes qui d\u00e9voilent au grand public le temps qui passe, la fragilit\u00e9 des corps et la tendresse de ces hommes. Des portraits \u00e9mouvants qui, d\u00e9pouill\u00e9s de toute connotation sociale ou \u00e9conomique, plongent le spectateur dans l\u2019intimit\u00e9 d\u2019une r\u00e9conciliation. En regardant ces images, le public est invit\u00e9 \u00e0 rechercher les ressemblances de ces p\u00e8res et fils photographi\u00e9s sans artifice par l\u2019artiste. On scrute les traits de visage, on compare les gestes, on analyse les attitudes\u2026 pour appr\u00e9hender les liens qui unissent ces deux \u00eatres.<\/p>\n<p>Apr\u00e8s les s\u00e9ries \u201cHistoires du bout du monde\u201d sur la Patagonie et \u201c\u00c0 c\u00f4t\u00e9\u201d sur les femmes de prisonniers, Gr\u00e9goire Korganow expose cette fois-ci au Forum des Halles un travail plus personnel sur l\u2019h\u00e9r\u00e9dit\u00e9, la ressemblance, les rapports p\u00e8re\/fils et d\u00e9voile pour la premi\u00e8re fois deux autoportraits, o\u00f9 il s\u2019expose avec son p\u00e8re et son fils.<\/p>\n<p>Rendez-vous au Forum des Halles pour d\u00e9couvrir une quarantaine de portraits de Gr\u00e9goire Korganow au fil d\u2019un parcours photographique allant de l\u2019UGC Cin\u00e9 Cit\u00e9 Les Halles aux verri\u00e8res de la Place Basse, en passant par la Rue du Cin\u00e9ma, le Forum des images et la Place Carr\u00e9e (niveau \u20133).<\/p>\n<p><em>Acc\u00e8s libre<\/em><\/p>\n<p>Plus d\u2019informations sur l\u2019artiste : <a href=\"http:\/\/www.korganow.net\">www.korganow.net<\/a><\/p>\n<p><strong>Les p\u00e8res \u00e0 l\u2019honneur au Forum des images<\/strong><\/p>\n<p>Jusqu\u2019au 31 mars 2010, le Forum des images propose un cycle th\u00e9matique sur les P\u00e8res. \u00c0 une \u00e9poque de transformations radicales du mod\u00e8le familial classique, la paternit\u00e9 se modifie profond\u00e9ment, indissociable d\u2019une recomposition du masculin qui ouvre sans doute une nouvelle p\u00e9riode de l\u2019histoire des hommes. Durant deux mois, des films et des rencontres viennent t\u00e9moigner de l\u2019\u00e9volution de la figure paternelle dans notre soci\u00e9t\u00e9, y compris au cin\u00e9ma ; du P\u00e8re majuscule d\u2019antan porteur de l\u2019ordre, aux p\u00e8res d\u2019aujourd\u2019hui qui se demandent comment le devenir\u2026<\/p>\n<p>Plus d\u2019informations sur : <a href=\"http:\/\/www.forumdesimages.fr\">www.forumdesimages.fr<\/a><\/p>\n<p><strong>Envolez-vous pour Hollywood !<\/strong><\/p>\n<p>En lien avec ce coup de projecteur artistique et cin\u00e9matographique in\u00e9dit, le Forum des Halles propose du 20 mars au 27 mars 2010, un jeu-concours exceptionnel en relation avec le 7e art et fait gagner un voyage pour deux personnes \u00e0 Hollywood, la c\u00e9l\u00e8bre ville des stars, ainsi que de nombreuses places de cin\u00e9ma !<\/p>\n<p>Pour participer, rien de plus simple : \u00e0 chaque achat dans un magasin du Forum des Halles, les clients se verront remettre un \u201cTicket en or\u201d. Ils devront ensuite se rendre au Kiosque Rambuteau (niveau \u20133) pour valider leur ticket aupr\u00e8s d\u2019une h\u00f4tesse, qui leur annoncera aussit\u00f4t si celui-ci est gagnant ou non. Rendez-vous au Forum des Halles d\u00e8s le 20 mars pour tenter de gagner votre billet pour Hollywood !<\/p>\n<p>Jeu-concours organis\u00e9 du 20 mars au 27 mars 2010, tous les jours de 10h \u00e0 20h au Forum des Halles.<\/p>\n<p><strong>\u00c0 propos du Forum des Halles<\/strong><br \/>\nPremier centre parisien de commerces, de cultures et de loisirs, le Forum des Halles est un lieu unique de convergence se situant au c\u0153ur m\u00eame de la capitale. Avec une fr\u00e9quentation exceptionnelle de 43 millions de visiteurs par an, le Forum des Halles allie r\u00e9ussite commerciale et divertissement culturel. En tant que premi\u00e8re porte d\u2019entr\u00e9e de Paris, clients, riverains et visiteurs, parisiens et franciliens s\u2019y croisent et partagent le quotidien des 3 000 personnes qui travaillent au Forum.<br \/>\nPour plus d\u2019informations : <a href=\"http:\/\/www.forumdeshalles.com\">www.forumdeshalles.com<\/a><br \/>\nBlog : <a href=\"http:\/\/www.notre-forum.fr\">www.notre-forum.fr<\/a><\/p>\n<p>Contacts presse<br \/>\nCarr\u00e9 final (01 49 30 12 92)<br \/>\nLudivine Bassi\u00e8re &#038; Florence Martin<br \/>\n06 09 37 14 65 \/ 06 89 94 01 72<br \/>\npresse@carre-final.com<\/p>\n","protected":false},"excerpt":{"rendered":"<p>Apr\u00e8s le succ\u00e8s de la \u00ab Premi\u00e8re \u00bb r\u00e9alis\u00e9e en 2009 sur le th\u00e8me du D\u00e9sir au cin\u00e9ma, le Forum des Halles redonne rendez-vous \u00e0 son public pour la suite du \u201cForum fait son cin\u00e9ma\u201d. Du 10 mars au 10 avril 2010, le centre de commerces, de cultures et de loisirs mettra en sc\u00e8ne les [&hellip;]<\/p>\n","protected":false},"author":2,"featured_media":0,"comment_status":"closed","ping_status":"closed","sticky":false,"template":"","format":"standard","meta":[],"categories":[3],"tags":[],"amp_enabled":true,"_links":{"self":[{"href":"https:\/\/www.agglotv.com\/index.php?rest_route=\/wp\/v2\/posts\/1293"}],"collection":[{"href":"https:\/\/www.agglotv.com\/index.php?rest_route=\/wp\/v2\/posts"}],"about":[{"href":"https:\/\/www.agglotv.com\/index.php?rest_route=\/wp\/v2\/types\/post"}],"author":[{"embeddable":true,"href":"https:\/\/www.agglotv.com\/index.php?rest_route=\/wp\/v2\/users\/2"}],"replies":[{"embeddable":true,"href":"https:\/\/www.agglotv.com\/index.php?rest_route=%2Fwp%2Fv2%2Fcomments&post=1293"}],"version-history":[{"count":2,"href":"https:\/\/www.agglotv.com\/index.php?rest_route=\/wp\/v2\/posts\/1293\/revisions"}],"predecessor-version":[{"id":1295,"href":"https:\/\/www.agglotv.com\/index.php?rest_route=\/wp\/v2\/posts\/1293\/revisions\/1295"}],"wp:attachment":[{"href":"https:\/\/www.agglotv.com\/index.php?rest_route=%2Fwp%2Fv2%2Fmedia&parent=1293"}],"wp:term":[{"taxonomy":"category","embeddable":true,"href":"https:\/\/www.agglotv.com\/index.php?rest_route=%2Fwp%2Fv2%2Fcategories&post=1293"},{"taxonomy":"post_tag","embeddable":true,"href":"https:\/\/www.agglotv.com\/index.php?rest_route=%2Fwp%2Fv2%2Ftags&post=1293"}],"curies":[{"name":"wp","href":"https:\/\/api.w.org\/{rel}","templated":true}]}}