{"id":1116,"date":"2010-02-23T14:09:51","date_gmt":"2010-02-23T14:09:51","guid":{"rendered":"http:\/\/www.agglotv.com\/?p=1116"},"modified":"2010-02-23T14:09:51","modified_gmt":"2010-02-23T14:09:51","slug":"pri-%e2%80%93-photon-recherche-industrie-2010-aura-lieu-au-parc-floral-de-paris-du-26-au-29-octobre-2010","status":"publish","type":"post","link":"https:\/\/www.agglotv.com\/?p=1116","title":{"rendered":"PRI \u2013 PHOTON Recherche Industrie 2010 aura lieu au Parc Floral de Paris du 26 au 29 Octobre 2010"},"content":{"rendered":"<div class=\"alignleft\"><script type=\"text\/javascript\"><!--\ngoogle_ad_client = \"pub-2913804460579993\";\n\/* 200x200, date de cr\u00e9ation 07\/01\/10 *\/\ngoogle_ad_slot = \"0007263505\";\ngoogle_ad_width = 200;\ngoogle_ad_height = 200;\n\/\/-->\n<\/script><br \/>\n<script type=\"text\/javascript\"\nsrc=\"http:\/\/pagead2.googlesyndication.com\/pagead\/show_ads.js\">\n<\/script><\/div>\n<p>Apr\u00e8s un lancement r\u00e9ussi en Novembre 2009, l\u2019\u00e9quipe du PRI (PHOTON Recherche Industrie) est fi\u00e8re de vous annoncer que l\u2019\u00e9dition 2010 du salon aura lieu du 26 au 29 Octobre 2010 au Parc Floral de Paris situ\u00e9 sur l\u2019Esplanade du Ch\u00e2teau de Vincennes. Restant fid\u00e8le aux principes fondateurs du salon, l\u2019\u00e9dition 2010 va offrir \u00e0 tous les professionnels de l\u2019optique photonique l\u2019opportunit\u00e9 de se retrouver au sein d\u2019un environnement dynamique et convivial pour \u00e9changer des id\u00e9es, \u00e9tendre leur r\u00e9seau de relations et d\u00e9velopper leur business.<\/p>\n<p>\u00ab A l\u2019origine, l\u2019\u00e9v\u00e8nement PRI \u2013 PHOTON Recherche Industrie a \u00e9t\u00e9 cr\u00e9\u00e9 par des membres de l\u2019AFOP (syndicat professionnel Optique Photonique) suite \u00e0 de mauvaises performances r\u00e9alis\u00e9es durant d\u2019autres salons : un trop grand nombre de soci\u00e9t\u00e9s \u00e9taient pr\u00e9sentes, ce qui diminuait la repr\u00e9sentativit\u00e9 des entreprises de l\u2019optique photonique aux yeux du public. Notre but \u00e9tait d\u2019offrir \u00e0 ces entreprises la possibilit\u00e9 d\u2019organiser un \u00e9v\u00e8nement de mani\u00e8re \u00e0 r\u00e9pondre \u00e0 leurs besoins \u00bb, d\u00e9clare Samuel Bucourt, le Pr\u00e9sident de l\u2019AFOP.  \u00c0 cela il ajoute : \u00ab PRI \u2013 PHOTON Recherche Industrie va accueillir de nouvelles manifestations pour enrichir chaque ann\u00e9e son programme. \u00bb<!--more--><\/p>\n<p>Du 26 au 28 Octobre, la 30\u00e8me \u00e9dition d\u2019OPTO, le salon europ\u00e9en d\u00e9di\u00e9 \u00e0 toutes les solutions optiques photoniques, va rejoindre l\u2019\u00e9v\u00e8nement PRI \u2013 PHOTON Recherche Industrie qui va \u00e9galement accueillir l\u2019annual meeting de l\u2019EOS (European Optical Society) et du Comit\u00e9 National de l\u2019Optique et de la Photonique (CNOP).  Plusieurs manifestations sont organis\u00e9es dans le cadre de PRI : animations en l\u2019honneur du 50\u00e8me anniversaire du laser, c\u00e9r\u00e9monie annuelle de remise des prix de la Vitrine de l\u2019Innovation.  Le prix de la Vitrine de l\u2019Innovation r\u00e9compensant le produit fran\u00e7ais le plus innovant de l\u2019ann\u00e9e est remis par le magazine Photoniques. Le gagnant est \u00e9lu par les membres de la Soci\u00e9t\u00e9 Fran\u00e7aise Optique (SFO) et par les visiteurs de PRI.<\/p>\n<p>Website : <a href=\"http:\/\/www.pri-event.org\/\">www.pri-event.org<\/a><\/p>\n","protected":false},"excerpt":{"rendered":"<p>Apr\u00e8s un lancement r\u00e9ussi en Novembre 2009, l\u2019\u00e9quipe du PRI (PHOTON Recherche Industrie) est fi\u00e8re de vous annoncer que l\u2019\u00e9dition 2010 du salon aura lieu du 26 au 29 Octobre 2010 au Parc Floral de Paris situ\u00e9 sur l\u2019Esplanade du Ch\u00e2teau de Vincennes. Restant fid\u00e8le aux principes fondateurs du salon, l\u2019\u00e9dition 2010 va offrir \u00e0 [&hellip;]<\/p>\n","protected":false},"author":2,"featured_media":0,"comment_status":"closed","ping_status":"closed","sticky":false,"template":"","format":"standard","meta":[],"categories":[34],"tags":[],"amp_enabled":true,"_links":{"self":[{"href":"https:\/\/www.agglotv.com\/index.php?rest_route=\/wp\/v2\/posts\/1116"}],"collection":[{"href":"https:\/\/www.agglotv.com\/index.php?rest_route=\/wp\/v2\/posts"}],"about":[{"href":"https:\/\/www.agglotv.com\/index.php?rest_route=\/wp\/v2\/types\/post"}],"author":[{"embeddable":true,"href":"https:\/\/www.agglotv.com\/index.php?rest_route=\/wp\/v2\/users\/2"}],"replies":[{"embeddable":true,"href":"https:\/\/www.agglotv.com\/index.php?rest_route=%2Fwp%2Fv2%2Fcomments&post=1116"}],"version-history":[{"count":1,"href":"https:\/\/www.agglotv.com\/index.php?rest_route=\/wp\/v2\/posts\/1116\/revisions"}],"predecessor-version":[{"id":1117,"href":"https:\/\/www.agglotv.com\/index.php?rest_route=\/wp\/v2\/posts\/1116\/revisions\/1117"}],"wp:attachment":[{"href":"https:\/\/www.agglotv.com\/index.php?rest_route=%2Fwp%2Fv2%2Fmedia&parent=1116"}],"wp:term":[{"taxonomy":"category","embeddable":true,"href":"https:\/\/www.agglotv.com\/index.php?rest_route=%2Fwp%2Fv2%2Fcategories&post=1116"},{"taxonomy":"post_tag","embeddable":true,"href":"https:\/\/www.agglotv.com\/index.php?rest_route=%2Fwp%2Fv2%2Ftags&post=1116"}],"curies":[{"name":"wp","href":"https:\/\/api.w.org\/{rel}","templated":true}]}}